{"id":223230,"date":"2025-02-19T13:31:58","date_gmt":"2025-02-19T12:31:58","guid":{"rendered":"https:\/\/amalfrankfurt.de\/?p=223230"},"modified":"2025-02-22T16:41:28","modified_gmt":"2025-02-22T15:41:28","slug":"karneval-2025","status":"publish","type":"post","link":"https:\/\/amalfrankfurt.de\/ua\/2025\/02\/19\/karneval-2025\/","title":{"rendered":"\u041a\u0430\u0440\u043d\u0430\u0432\u0430\u043b-2025: \u0434\u0435 \u0441\u0432\u044f\u0442\u043a\u0443\u0432\u0430\u0442\u0438\u043c\u0443\u0442\u044c \u0434\u0456\u0442\u0438 \u0442\u0430 \u0434\u043e\u0440\u043e\u0441\u043b\u0456"},"content":{"rendered":"<p>\u041a\u0430\u0440\u043d\u0430\u0432\u0430\u043b-2025: \u0412\u0436\u0435 \u0437\u043e\u0432\u0441\u0456\u043c \u0441\u043a\u043e\u0440\u043e \u043c\u0456\u0441\u0442\u0430 \u041d\u0456\u043c\u0435\u0447\u0447\u0438\u043d\u0438 \u0437\u0430\u0441\u044f\u044e\u0442\u044c \u0441\u0432\u044f\u0442\u043a\u043e\u0432\u043e\u044e \u0445\u043e\u0434\u043e\u044e. \u041d\u0430\u0439\u043a\u0440\u0430\u0441\u0438\u0432\u0456\u0448\u0456 \u043f\u0430\u0440\u0430\u0434\u0438 \u0442\u0430 \u0432\u0435\u0447\u0456\u0440\u043a\u0438 \u043a\u0430\u0440\u043d\u0430\u0432\u0430\u043b\u044c\u043d\u043e\u0433\u043e \u0441\u0435\u0437\u043e\u043d\u0443 \u0446\u044c\u043e\u0433\u043e \u0440\u043e\u043a\u0443 \u0443 \u0424\u0440\u0430\u043d\u043a\u0444\u0443\u0440\u0442\u0456 \u0442\u0430 \u0440\u0435\u0433\u0456\u043e\u043d\u0456 \u0420\u0435\u0439\u043d-\u041c\u0430\u0439\u043d \u0443 \u043d\u0430\u0448\u0456\u0439 \u0441\u043f\u0435\u0446\u0456\u0430\u043b\u044c\u043d\u0456\u0439 \u0434\u043e\u0431\u0456\u0440\u0446\u0456.<\/p>\n<h2>\u041c\u0410\u0419\u041d\u0426<\/h2>\n<p>\u041a\u0430\u0440\u043d\u0430\u0432\u0430\u043b\u044c\u043d\u0430 \u0445\u043e\u0434\u0430 \u0443 \u041c\u0430\u0439\u043d\u0446\u0456 \u0432\u0432\u0430\u0436\u0430\u0454\u0442\u044c\u0441\u044f \u043e\u0434\u043d\u0456\u0454\u044e \u0437 \u043d\u0430\u0439\u0446\u0456\u043a\u0430\u0432\u0456\u0448\u0438\u0445 \u0443 \u0440\u0435\u0433\u0456\u043e\u043d\u0456 \u0456 \u0449\u043e\u0440\u0456\u0447\u043d\u043e \u0437\u0431\u0438\u0440\u0430\u0454 \u0442\u0438\u0441\u044f\u0447\u0456 \u0433\u043b\u044f\u0434\u0430\u0447\u0456\u0432.<\/p>\n<p><strong>\u0414\u0438\u0442\u044f\u0447\u0438\u0439 \u0442\u0430 \u044e\u043d\u0430\u0446\u044c\u043a\u0438\u0439 \u043a\u0430\u0440\u043d\u0430\u0432\u0430\u043b \u0443 \u0446\u0435\u043d\u0442\u0440\u0456 \u043c\u0456\u0441\u0442\u0430\/Kinder- und Jugendmaskenzug\u00a0<\/strong><\/p>\n<p>\u0421\u0443\u0431\u043e\u0442\u0430, 01.03\/14:11<\/p>\n<p><strong>\u041f\u0430\u0440\u0430\u0434 \u201c\u0434\u0443\u0440\u043d\u0438\u0445 \u0433\u0432\u0430\u0440\u0434\u0456\u0439\u0446\u0456\u0432\u201d \u0443 \u0446\u0435\u043d\u0442\u0440\u0456 \u041c\u0430\u0439\u043d\u0446\u0430\/Parade der n\u00e4rrischen Garden\u00a0<\/strong><\/p>\n<p>02.03.2025 \/11:11<\/p>\n<p>\u041f\u0430\u0440\u0430\u0434 \u0442\u0430\u043a \u0437\u0432\u0430\u043d\u043e\u0457 \u201c\u0434\u0443\u0440\u043d\u043e\u0457 \u0433\u0432\u0430\u0440\u0434\u0456\u0457\u201d, \u0449\u043e \u0442\u0430\u043d\u0446\u044e\u0454 \u0442\u0430 \u0431\u043b\u0430\u0437\u043d\u044e\u0454, \u0442\u0440\u0430\u0434\u0438\u0446\u0456\u0439\u043d\u043e \u0440\u043e\u0437\u043f\u043e\u0447\u0438\u043d\u0430\u0454\u0442\u044c\u0441\u044f \u043e\u0431 11:11 \u043d\u0430 Ludwigsstra\u00dfe. \u0410 \u043f\u0456\u0441\u043b\u044f \u043a\u0430\u0440\u043d\u0430\u0432\u0430\u043b\u0443 \u043d\u0430 \u043c\u0435\u0448\u043a\u0430\u043d\u0446\u0456\u0432 \u0442\u0430 \u0433\u043e\u0441\u0442\u0435\u0439 \u041c\u0430\u0439\u043d\u0446\u0443 \u0447\u0435\u043a\u0430\u0454 \u0431\u0435\u0437\u043b\u0456\u0447 \u0432\u0435\u0447\u0456\u0440\u043e\u043a. \u0414\u0435\u0442\u0430\u043b\u044c\u043d\u0456\u0448\u0435 \u043f\u0440\u043e \u043d\u0438\u0445 \u043c\u043e\u0436\u043d\u0430 \u0434\u0456\u0437\u043d\u0430\u0442\u0438\u0441\u044f <strong><a href=\"https:\/\/mainzer-fastnacht.de\/veranstaltungen\/alle-events\">\u0442\u0443\u0442<\/a><\/strong>.<\/p>\n<div id=\"attachment_223235\" style=\"width: 1090px\" class=\"wp-caption alignnone\"><img loading=\"lazy\" decoding=\"async\" aria-describedby=\"caption-attachment-223235\" class=\"wp-image-223235 size-full\" src=\"https:\/\/amalfrankfurt.de\/wp-content\/uploads\/sites\/5\/2025\/02\/IMG_20250218_192929.jpg\" alt=\"\" width=\"1080\" height=\"1410\" srcset=\"https:\/\/amalfrankfurt.de\/wp-content\/uploads\/sites\/5\/2025\/02\/IMG_20250218_192929.jpg 1080w, https:\/\/amalfrankfurt.de\/wp-content\/uploads\/sites\/5\/2025\/02\/IMG_20250218_192929-230x300.jpg 230w, https:\/\/amalfrankfurt.de\/wp-content\/uploads\/sites\/5\/2025\/02\/IMG_20250218_192929-784x1024.jpg 784w, https:\/\/amalfrankfurt.de\/wp-content\/uploads\/sites\/5\/2025\/02\/IMG_20250218_192929-768x1003.jpg 768w\" sizes=\"auto, (max-width: 1080px) 100vw, 1080px\" \/><p id=\"caption-attachment-223235\" class=\"wp-caption-text\">\u0424\u043e\u0442\u043e \u2013 epd-bild\/Guido Schiefer<\/p><\/div>\n<p><strong>\u041f\u0430\u0440\u0430\u0434 \u0442\u0440\u043e\u044f\u043d\u0434 \u0443 \u041c\u0430\u0439\u043d\u0446\u0456\/Mainzer Rosenmontagsumzug\u00a0<\/strong><\/p>\n<p>\u041f\u043e\u043d\u0435\u0434\u0456\u043b\u043e\u043a, 03.03\/11:11<\/p>\n<p>\u0420\u043e\u0434\u0437\u0438\u043d\u043a\u043e\u044e \u043a\u0430\u0440\u043d\u0430\u0432\u0430\u043b\u044c\u043d\u043e\u0433\u043e \u043f\u0435\u0440\u0456\u043e\u0434\u0443 \u0443 \u041c\u0430\u0439\u043d\u0446\u0456 \u0454 \u0445\u043e\u0434\u0430 &#8220;\u041f\u043e\u043d\u0435\u0434\u0456\u043b\u043a\u0430 \u0442\u0440\u043e\u044f\u043d\u0434&#8221;, \u044f\u043a\u0430 \u0440\u0443\u0445\u0430\u0454\u0442\u044c\u0441\u044f \u043d\u0430\u0439\u043a\u0440\u0430\u0441\u0438\u0432\u0456\u0448\u0438\u043c\u0438 \u0432\u0443\u043b\u0438\u0446\u044f\u043c\u0438 \u0446\u0435\u043d\u0442\u0440\u0443 \u043c\u0456\u0441\u0442\u0430. \u041c\u0430\u0440\u0448\u0440\u0443\u0442 \u0441\u0442\u0430\u043d\u043e\u0432\u0438\u0442\u044c \u0431\u043b\u0438\u0437\u044c\u043a\u043e 7 \u043a\u043c, \u0430 \u0434\u043e\u0432\u0436\u0438\u043d\u0430 &#8220;\u043a\u0430\u0440\u043d\u0430\u0432\u0430\u043b\u044c\u043d\u043e\u0433\u043e \u043f\u043e\u0442\u044f\u0433\u0443&#8221; \u0441\u044f\u0433\u0430\u0454 \u043c\u0430\u0439\u0436\u0435 9 \u043a\u043c!<\/p>\n<p><strong>Kappenfahrt<\/strong><\/p>\n<p>\u0412\u0456\u0432\u0442\u043e\u0440\u043e\u043a, 04.03\/15:11<\/p>\n<p>\u041a\u0430\u0440\u043d\u0430\u0432\u0430\u043b\u044c\u043d\u0430 \u043c\u0435\u0442\u0443\u0448\u043d\u044f \u0432 \u041c\u0430\u0439\u043d\u0446\u0456 \u0442\u0440\u0430\u0434\u0438\u0446\u0456\u0439\u043d\u043e \u0437\u0430\u0432\u0435\u0440\u0448\u0443\u0454\u0442\u044c\u0441\u044f \u043f\u0430\u0440\u0430\u0434\u043e\u043c \u0443 \u043a\u0430\u0431\u0440\u0456\u043e\u043b\u0435\u0442\u0430\u0445, \u044f\u043a\u0438\u0439 \u043e\u0440\u0433\u0430\u043d\u0456\u0437\u043e\u0432\u0443\u0454 Mainz Carneval Association 1838 e.V. \u041c\u0430\u0440\u0448\u0440\u0443\u0442 \u0442\u0430 \u0443\u0447\u0430\u0441\u043d\u0438\u043a\u0456\u0432 \u043c\u043e\u0436\u043d\u0430 \u0434\u0456\u0437\u043d\u0430\u0442\u0438\u0441\u044f \u043d\u0430 \u0441\u0430\u0439\u0442\u0456 MCV \u043f\u0440\u0438\u0431\u043b\u0438\u0437\u043d\u043e \u0437\u0430 \u0442\u0438\u0436\u0434\u0435\u043d\u044c.<\/p>\n<div id=\"attachment_223231\" style=\"width: 1090px\" class=\"wp-caption alignnone\"><img loading=\"lazy\" decoding=\"async\" aria-describedby=\"caption-attachment-223231\" class=\"wp-image-223231 size-full\" src=\"https:\/\/amalfrankfurt.de\/wp-content\/uploads\/sites\/5\/2025\/02\/IMG_20250218_192916.jpg\" alt=\"\" width=\"1080\" height=\"731\" srcset=\"https:\/\/amalfrankfurt.de\/wp-content\/uploads\/sites\/5\/2025\/02\/IMG_20250218_192916.jpg 1080w, https:\/\/amalfrankfurt.de\/wp-content\/uploads\/sites\/5\/2025\/02\/IMG_20250218_192916-300x203.jpg 300w, https:\/\/amalfrankfurt.de\/wp-content\/uploads\/sites\/5\/2025\/02\/IMG_20250218_192916-1024x693.jpg 1024w, https:\/\/amalfrankfurt.de\/wp-content\/uploads\/sites\/5\/2025\/02\/IMG_20250218_192916-768x520.jpg 768w\" sizes=\"auto, (max-width: 1080px) 100vw, 1080px\" \/><p id=\"caption-attachment-223231\" class=\"wp-caption-text\">\u0427\u043e\u043c\u0443 \u0431\u0438 \u043d\u0435 \u043e\u0431\u0440\u0430\u0442\u0438 \u043a\u043e\u0441\u0442\u044e\u043c \u0443 \u0436\u043e\u0432\u0442\u043e-\u0431\u043b\u0430\u043a\u0438\u0442\u043d\u0438\u0445 \u043a\u043e\u043b\u044c\u043e\u0440\u0430\u0445?\/\u0424\u043e\u0442\u043e \u2013 epd-bild\/Guido Schiefer<\/p><\/div>\n<p><span style=\"font-size: 1.75em;\">\u0412\u0406\u0421\u0411\u0410\u0414\u0415\u041d<\/span><\/p>\n<p><strong>\u0414\u0438\u0442\u044f\u0447\u0438\u0439 \u043f\u0430\u0440\u0430\u0434 \u0443 \u0412\u0456\u0441\u0431\u0430\u0434\u0435\u043d\u0456\/Kinderumzug<\/strong><\/p>\n<p>\u0421\u0443\u0431\u043e\u0442\u0430, 01.03\/15:33<\/p>\n<p>\u0414\u0438\u0442\u044f\u0447\u0435 \u0441\u0432\u044f\u0442\u043e \u0437\u0456 \u0441\u0446\u0435\u043d\u0456\u0447\u043d\u043e\u044e \u043f\u0440\u043e\u0433\u0440\u0430\u043c\u043e\u044e \u0440\u043e\u0437\u043f\u043e\u0447\u043d\u0435\u0442\u044c\u0441\u044f \u043e\u0431 11.11 \u0431\u0456\u043b\u044f \u0440\u0438\u043d\u043a\u043e\u0432\u043e\u0433\u043e \u0444\u043e\u043d\u0442\u0430\u043d\u0443 \u043d\u0430 Schlossplatz. \u0410 \u0432\u0436\u0435 \u043f\u0456\u0441\u043b\u044f \u043f\u0430\u0440\u0430\u0434\u0443, \u0431\u043b\u0438\u0437\u044c\u043a\u043e 17:11, \u0432\u0456\u0434\u0431\u0443\u0434\u0435\u0442\u044c\u0441\u044f \u0442\u0430\u043a\u043e\u0436 \u0446\u0435\u0440\u0435\u043c\u043e\u043d\u0456\u044f \u043d\u0430\u0433\u043e\u0440\u043e\u0434\u0436\u0435\u043d\u043d\u044f \u043d\u0430\u0439\u043a\u0440\u0430\u0449\u0438\u0445 \u043d\u043e\u043c\u0435\u0440\u0456\u0432 \u0434\u0438\u0442\u044f\u0447\u0438\u0445 &#8220;\u043a\u0430\u0440\u043d\u0430\u0432\u0430\u043b\u044c\u043d\u0438\u0445 \u043f\u043e\u0442\u044f\u0433\u0456\u0432&#8221;.<\/p>\n<p><strong>\u0412\u0435\u043b\u0438\u043a\u0430 \u043a\u0430\u0440\u043d\u0430\u0432\u0430\u043b\u044c\u043d\u0430 \u043d\u0435\u0434\u0456\u043b\u044c\u043d\u0430 \u0445\u043e\u0434\u0430 \u0446\u0435\u043d\u0442\u0440\u043e\u043c \u043c\u0456\u0441\u0442\u0430 \u0412\u0456\u0441\u0431\u0430\u0434\u0435\u043d\/Fastnachtssonntagszug<\/strong><\/p>\n<p>\u041d\u0435\u0434\u0456\u043b\u044f, 02.03\/12:11<\/p>\n<p>\u0412\u0435\u043b\u0438\u043a\u0438\u0439 \u043f\u0430\u0440\u0430\u0434 \u043f\u0440\u043e\u0441\u0442\u044f\u0433\u043d\u0435\u0442\u044c\u0441\u044f \u043d\u0430 4,5 \u043a\u043c \u0447\u0435\u0440\u0435\u0437 \u0446\u0435\u043d\u0442\u0440 \u043c\u0456\u0441\u0442\u0430 \u0412\u0456\u0441\u0431\u0430\u0434\u0435\u043d. \u0411\u043b\u0438\u0437\u044c\u043a\u043e 5500 \u0443\u0447\u0430\u0441\u043d\u0438\u043a\u0456\u0432 \u043a\u0430\u0440\u043d\u0430\u0432\u0430\u043b\u0443 \u0437 65 \u043a\u043b\u0443\u0431\u0456\u0432 \u0437\u0430\u0431\u0435\u0437\u043f\u0435\u0447\u0430\u0442\u044c \u0431\u0435\u0437\u043b\u0456\u0447 \u0447\u0443\u0434\u043e\u0432\u0438\u0445 \u0432\u0438\u0441\u0442\u0430\u0432 \u0456 \u0441\u0432\u044f\u0442\u043a\u043e\u0432\u0443 \u0430\u0442\u043c\u043e\u0441\u0444\u0435\u0440\u0443.<\/p>\n<p><img loading=\"lazy\" decoding=\"async\" class=\"alignnone wp-image-223239 size-full\" src=\"https:\/\/amalfrankfurt.de\/wp-content\/uploads\/sites\/5\/2025\/02\/IMG_20250218_193355.jpg\" alt=\"\" width=\"1077\" height=\"1677\" srcset=\"https:\/\/amalfrankfurt.de\/wp-content\/uploads\/sites\/5\/2025\/02\/IMG_20250218_193355.jpg 1077w, https:\/\/amalfrankfurt.de\/wp-content\/uploads\/sites\/5\/2025\/02\/IMG_20250218_193355-193x300.jpg 193w, https:\/\/amalfrankfurt.de\/wp-content\/uploads\/sites\/5\/2025\/02\/IMG_20250218_193355-658x1024.jpg 658w, https:\/\/amalfrankfurt.de\/wp-content\/uploads\/sites\/5\/2025\/02\/IMG_20250218_193355-768x1196.jpg 768w, https:\/\/amalfrankfurt.de\/wp-content\/uploads\/sites\/5\/2025\/02\/IMG_20250218_193355-986x1536.jpg 986w\" sizes=\"auto, (max-width: 1077px) 100vw, 1077px\" \/><span style=\"font-size: 1.75em;\">\u0424\u0420\u0410\u041d\u041a\u0424\u0423\u0420\u0422<\/span><\/p>\n<p>\u0414\u0435\u0432\u0456\u0437 \u043a\u0430\u0440\u043d\u0430\u0432\u0430\u043b\u0443 \u0446\u044c\u043e\u0433\u043e \u0440\u043e\u043a\u0443 \u0437\u0432\u0443\u0447\u0438\u0442\u044c \u044f\u043a &#8220;\u0424\u0440\u0430\u043d\u043a\u0444\u0443\u0440\u0442\u0441\u044c\u043a\u0438\u0439 \u043a\u0430\u0440\u043d\u0430\u0432\u0430\u043b, \u044f\u043a \u043d\u0456\u043a\u043e\u043b\u0438 \u0440\u0430\u043d\u0456\u0448\u0435, \u0441\u043f\u043e\u0432\u043d\u0435\u043d\u0438\u0439 \u0435\u043b\u0435\u043a\u0442\u0440\u0438\u043a\u0438 \u0442\u0430 \u0435\u043d\u0435\u0440\u0433\u0456\u0457!&#8221;. \u0406\u0440\u043e\u043d\u0456\u0447\u043d\u043e \u0442\u0430\u043a\u043e\u0436, \u044f\u043a \u043d\u0456\u043a\u043e\u043b\u0438, \u0430\u043b\u0435 \u0441\u0430\u043c\u0435 \u0432 \u0446\u044c\u043e\u043c\u0443 \u0456 \u043f\u043e\u043b\u044f\u0433\u0430\u0454 \u0433\u043e\u043b\u043e\u0432\u043d\u0430 \u043c\u0435\u0442\u0430 \u043a\u0430\u0440\u043d\u0430\u0432\u0430\u043b\u0443 \u0432\u0436\u0435 \u0431\u0430\u0433\u0430\u0442\u043e \u0440\u043e\u043a\u0456\u0432: \u0431\u043b\u0430\u0437\u043d\u044e\u0432\u0430\u0442\u0438, \u0434\u0443\u0440\u043a\u0443\u0432\u0430\u0442\u0438 \u0456 \u0440\u0430\u0434\u0456\u0442\u0438 \u0436\u0438\u0442\u0442\u044e \u043f\u043e\u043f\u0440\u0438 \u0432\u0441\u0435.<\/p>\n<p><strong>\u0424\u0440\u0430\u043d\u043a\u0444\u0443\u0440\u0442\u0441\u044c\u043a\u0430 \u0434\u0438\u0442\u044f\u0447\u0430 \u043a\u0430\u0440\u043d\u0430\u0432\u0430\u043b\u044c\u043d\u0430 \u0445\u043e\u0434\u0430\/Kinderfastnachtszug<\/strong><\/p>\n<p>\u0421\u0443\u0431\u043e\u0442\u0430, 01.03\/11:30<\/p>\n<p>\u0414\u0438\u0442\u044f\u0447\u0438\u0439 \u043a\u0430\u0440\u043d\u0430\u0432\u0430\u043b\u044c\u043d\u0438\u0439 \u043f\u0430\u0440\u0430\u0434 \u043a\u0443\u0440\u0441\u0443\u0432\u0430\u0442\u0438\u043c\u0435 \u0432\u0456\u0434 Hauptwache \u0447\u0435\u0440\u0435\u0437 \u0446\u0435\u043d\u0442\u0440 \u043c\u0456\u0441\u0442\u0430 \u0434\u043e R\u00f6merplatz.<\/p>\n<p><strong>\u0428\u0442\u0443\u0440\u043c \u0440\u0438\u043c\u043b\u044f\u043d\/Erst\u00fcrmung des R\u00f6mer<\/strong><\/p>\n<p>\u0421\u0443\u0431\u043e\u0442\u0430, 01.03\/13:11<\/p>\n<p>\u0422\u0440\u0430\u0434\u0438\u0446\u0456\u0439\u043d\u0430 \u043f\u0435\u0440\u0448\u0430 \u0447\u0430\u0441\u0442\u0438\u043d\u0430 \u0432\u0435\u043b\u0438\u043a\u043e\u0433\u043e \u043a\u0430\u0440\u043d\u0430\u0432\u0430\u043b\u0443 \u0443 \u0424\u0440\u0430\u043d\u043a\u0444\u0443\u0440\u0442\u0456, \u043f\u0456\u0434 \u0447\u0430\u0441 \u044f\u043a\u043e\u0457 \u0432\u0456\u0434\u0431\u0443\u0434\u0435\u0442\u044c\u0441\u044f \u0441\u0438\u043c\u0432\u043e\u043b\u0456\u0447\u043d\u0430 \u043f\u0435\u0440\u0435\u0434\u0430\u0447\u0430 \u043c\u0435\u0440\u043e\u043c \u043a\u043b\u044e\u0447\u0456\u0432 \u0432\u0456\u0434 \u043c\u0456\u0441\u0442\u0430.<\/p>\n<p><strong>\u0412\u0435\u043b\u0438\u043a\u0430 \u0444\u0440\u0430\u043d\u043a\u0444\u0443\u0440\u0442\u0441\u044c\u043a\u0430 \u043a\u0430\u0440\u043d\u0430\u0432\u0430\u043b\u044c\u043d\u0430 \u0445\u043e\u0434\u0430 \u0446\u0435\u043d\u0442\u0440\u043e\u043c \u043c\u0456\u0441\u0442\u0430\/Gro\u00dfer Fastnachtszug am Sonntag<\/strong><\/p>\n<p>\u041d\u0435\u0434\u0456\u043b\u044f, 02.03\/12:21<\/p>\n<p>&#8220;\u0412\u0435\u0447\u0456\u0440\u043a\u0430 \u043f\u0435\u0440\u0435\u0434 \u0445\u043e\u0434\u043e\u044e&#8221; \u043d\u0430 R\u00f6merplatz \u0440\u043e\u0437\u043f\u043e\u0447\u043d\u0435\u0442\u044c\u0441\u044f \u043e\u0431 11:00, \u0430 \u043e\u0434\u0440\u0430\u0437\u0443 \u0437\u0430 \u043d\u0435\u044e \u2013 \u0432\u0435\u043b\u0438\u043a\u0430 \u043a\u0430\u0440\u043d\u0430\u0432\u0430\u043b\u044c\u043d\u0430 \u0445\u043e\u0434\u0430 \u043e 12:21. \u041a\u043b\u0443\u0431\u0438-\u0443\u0447\u0430\u0441\u043d\u0438\u043a\u0438 \u043f\u0440\u043e\u0439\u0434\u0443\u0442\u044c \u0441\u0432\u044f\u0442\u043a\u043e\u0432\u0438\u043c \u043c\u0430\u0440\u0448\u0435\u043c \u0432\u0456\u0434 Untermainkai \u0447\u0435\u0440\u0435\u0437 \u0446\u0435\u043d\u0442\u0440 \u043c\u0456\u0441\u0442\u0430 \u0434\u043e R\u00f6merberg, \u0434\u0435 \u043f\u0440\u043e\u0446\u0435\u0441\u0456\u044e \u043c\u043e\u0436\u043d\u0430 \u043f\u0440\u0438\u0432\u0456\u0442\u0430\u0442\u0438 \u0437 \u0442\u0440\u0438\u0431\u0443\u043d\u0438 \u0434\u043b\u044f \u0433\u043b\u044f\u0434\u0430\u0447\u0456\u0432.<\/p>\n<p><img loading=\"lazy\" decoding=\"async\" class=\"alignnone wp-image-223326 size-full\" src=\"https:\/\/amalfrankfurt.de\/wp-content\/uploads\/sites\/5\/2025\/02\/Screenshot_2025-02-18-17-21-02-531-edit_com.android.chrome.jpg\" alt=\"\" width=\"1008\" height=\"679\" srcset=\"https:\/\/amalfrankfurt.de\/wp-content\/uploads\/sites\/5\/2025\/02\/Screenshot_2025-02-18-17-21-02-531-edit_com.android.chrome.jpg 1008w, https:\/\/amalfrankfurt.de\/wp-content\/uploads\/sites\/5\/2025\/02\/Screenshot_2025-02-18-17-21-02-531-edit_com.android.chrome-300x202.jpg 300w, https:\/\/amalfrankfurt.de\/wp-content\/uploads\/sites\/5\/2025\/02\/Screenshot_2025-02-18-17-21-02-531-edit_com.android.chrome-768x517.jpg 768w, https:\/\/amalfrankfurt.de\/wp-content\/uploads\/sites\/5\/2025\/02\/Screenshot_2025-02-18-17-21-02-531-edit_com.android.chrome-156x104.jpg 156w\" sizes=\"auto, (max-width: 1008px) 100vw, 1008px\" \/><strong>Klaa Paris\u00a0<\/strong><\/p>\n<p>\u0412\u0456\u0432\u0442\u043e\u0440\u043e\u043a, 4.03\/14:11<\/p>\n<p>\u041f\u0430\u0440\u0430\u0434 \u0443 &#8220;Klaa Paris&#8221; \u0432\u0432\u0430\u0436\u0430\u0454\u0442\u044c\u0441\u044f \u043d\u0430\u0439\u0441\u0442\u0430\u0440\u0456\u0448\u0438\u043c \u0443 \u0413\u0435\u0441\u0441\u0435\u043d\u0456. \u0429\u043e\u0440\u043e\u043a\u0443 \u0442\u0443\u0442 \u0437\u0431\u0438\u0440\u0430\u044e\u0442\u044c\u0441\u044f \u0434\u0435\u0441\u044f\u0442\u043a\u0438 \u0442\u0438\u0441\u044f\u0447 \u0433\u043b\u044f\u0434\u0430\u0447\u0456\u0432. \u0421\u0432\u044f\u0442\u043a\u043e\u0432\u0438\u0439 \u043f\u0430\u0440\u0430\u0434 \u0440\u043e\u0437\u043f\u043e\u0447\u043d\u0435\u0442\u044c\u0441\u044f \u0442\u0443\u0442 \u0446\u044c\u043e\u0433\u043e \u0440\u043e\u043a\u0443 \u0442\u0440\u043e\u0445\u0438 \u0440\u0430\u043d\u0456\u0448\u0435 \u0437 \u0434\u0435\u0432\u0456\u0437\u043e\u043c &#8220;\u0420\u0443\u0445\u0430\u0439\u0441\u044f \u0437 \u043d\u0430\u043c\u0438 \u0430\u0431\u043e \u0437\u0430\u043b\u0438\u0448\u0430\u0439\u0441\u044f \u0432\u0434\u043e\u043c\u0430&#8221;.<\/p>\n<p><strong>Fl\u00f6rsheim (Main-Taunus)<\/strong><\/p>\n<p>\u0421\u0443\u0431\u043e\u0442\u0430, 2.03\/13:31<\/p>\n<p>\u0422\u0440\u0430\u0434\u0438\u0446\u0456\u0439\u043d\u0430 \u043a\u0430\u0440\u043d\u0430\u0432\u0430\u043b\u044c\u043d\u0430 \u0445\u043e\u0434\u0430 \u0443 \u0421\u0442\u0430\u0440\u043e\u043c\u0443 \u043c\u0456\u0441\u0442\u0456. \u041f\u0456\u0441\u043b\u044f \u0446\u044c\u043e\u0433\u043e \u043d\u0430 \u0432\u0441\u0456\u0445 \u043e\u0445\u043e\u0447\u0438\u0445 \u0447\u0435\u043a\u0430\u0454 \u0430\u0444\u0442\u0435\u043f\u0430\u0442\u0456 \u043d\u0430 Gallusplatz.<\/p>\n<p><strong>\u041a\u0410\u0420\u041d\u0410\u0412\u0410\u041b\u042c\u041d\u0406 \u0412\u0415\u0427\u0406\u0420\u041a\u0418 \u0423 \u0424\u0420\u0410\u041d\u041a\u0424\u0423\u0420\u0422\u0406<\/strong><\/p>\n<p>\u042f\u0441\u043a\u0440\u0430\u0432\u043e \u0441\u0432\u044f\u0442\u043a\u0443\u0432\u0430\u0442\u0438 \u043c\u043e\u0436\u043d\u0430 \u043d\u0435 \u043b\u0438\u0448\u0435 \u043d\u0430 \u043f\u0430\u0440\u0430\u0434\u0430\u0445. \u0423 2025 \u0440\u043e\u0446\u0456 \u0442\u0430\u043a\u043e\u0436 \u0432\u0456\u0434\u0431\u0443\u0434\u0435\u0442\u044c\u0441\u044f \u043d\u0438\u0437\u043a\u0430 \u0432\u0435\u0447\u0456\u0440\u043e\u043a \u0456 \u0444\u0435\u0441\u0442\u0438\u0432\u0430\u043b\u0456\u0432, \u0434\u0435 \u043b\u044e\u0431\u0438\u0442\u0435\u043b\u0456 Fassenacht \u0437\u043c\u043e\u0436\u0443\u0442\u044c \u0432\u0435\u0441\u0435\u043b\u043e \u0442\u0430 \u043f\u0440\u0438\u0454\u043c\u043d\u043e \u043f\u0440\u043e\u0432\u0435\u0441\u0442\u0438 \u0447\u0430\u0441. \u0414\u0456\u0437\u043d\u0430\u0442\u0438\u0441\u044f \u043f\u0440\u043e \u0434\u0435\u044f\u043a\u0456 \u0437 \u043d\u0438\u0445 \u0434\u0435\u0442\u0430\u043b\u044c\u043d\u0456\u0448\u0435 \u043c\u043e\u0436\u043d\u0430 <strong><a href=\"https:\/\/frankfurt-alaaf.de\/\">\u0442\u0443\u0442<\/a><\/strong>.<\/p>\n<p>*<\/p>\n<p>\u0424\u043e\u0442\u043e \u043d\u0430 \u0433\u043e\u043b\u043e\u0432\u043d\u0456\u0439 \u0441\u0442\u043e\u0440\u0456\u043d\u0446\u0456 \u2013 epd-bild\/Guido Schiefer<\/p>\n<p>*<\/p>\n<p>\u041f\u043e\u0434\u0438\u0432\u0438\u0442\u0438\u0441\u044f \u0444\u043e\u0442\u043e\u0440\u0435\u043f\u043e\u0440\u0442\u0430\u0436 \u0437 \u041a\u0430\u0440\u043d\u0430\u0432\u0430\u043b\u0443 \u0443 \u0424\u0440\u0430\u043d\u043a\u0444\u0443\u0440\u0442\u0456 \u0432 2024 \u043c\u043e\u0436\u043d\u0430 <strong><a href=\"https:\/\/amalfrankfurt.de\/ua\/2024\/02\/15\/carnival\/\">\u0442\u0443\u0442<\/a><\/strong>.<\/p>\n","protected":false},"excerpt":{"rendered":"<p>\u041a\u0430\u0440\u043d\u0430\u0432\u0430\u043b-2025: \u0412\u0436\u0435 \u0437\u043e\u0432\u0441\u0456\u043c \u0441\u043a\u043e\u0440\u043e \u043c\u0456\u0441\u0442\u0430 \u041d\u0456\u043c\u0435\u0447\u0447\u0438\u043d\u0438 \u0437\u0430\u0441\u044f\u044e\u0442\u044c \u0441\u0432\u044f\u0442\u043a\u043e\u0432\u043e\u044e \u0445\u043e\u0434\u043e\u044e. \u041d\u0430\u0439\u043a\u0440\u0430\u0441\u0438\u0432\u0456\u0448\u0456 \u043f\u0430\u0440\u0430\u0434\u0438 \u0442\u0430 \u0432\u0435\u0447\u0456\u0440\u043a\u0438 \u043a\u0430\u0440\u043d\u0430\u0432\u0430\u043b\u044c\u043d\u043e\u0433\u043e \u0441\u0435\u0437\u043e\u043d\u0443 \u0446\u044c\u043e\u0433\u043e \u0440\u043e\u043a\u0443 \u0443 \u0424\u0440\u0430\u043d\u043a\u0444\u0443\u0440\u0442\u0456 \u0442\u0430 \u0440\u0435\u0433\u0456\u043e\u043d\u0456 \u0420\u0435\u0439\u043d-\u041c\u0430\u0439\u043d \u0443 \u043d\u0430\u0448\u0456\u0439 \u0441\u043f\u0435\u0446\u0456\u0430\u043b\u044c\u043d\u0456\u0439 \u0434\u043e\u0431\u0456\u0440\u0446\u0456. \u041c\u0410\u0419\u041d\u0426 \u041a\u0430\u0440\u043d\u0430\u0432\u0430\u043b\u044c\u043d\u0430 \u0445\u043e\u0434\u0430 \u0443 \u041c\u0430\u0439\u043d\u0446\u0456 \u0432\u0432\u0430\u0436\u0430\u0454\u0442\u044c\u0441\u044f \u043e\u0434\u043d\u0456\u0454\u044e \u0437 \u043d\u0430\u0439\u0446\u0456\u043a\u0430\u0432\u0456\u0448\u0438\u0445 \u0443 \u0440\u0435\u0433\u0456\u043e\u043d\u0456 \u0456 \u0449\u043e\u0440\u0456\u0447\u043d\u043e \u0437\u0431\u0438\u0440\u0430\u0454 \u0442\u0438\u0441\u044f\u0447\u0456 \u0433\u043b\u044f\u0434\u0430\u0447\u0456\u0432. \u0414\u0438\u0442\u044f\u0447\u0438\u0439 \u0442\u0430 \u044e\u043d\u0430\u0446\u044c\u043a\u0438\u0439 \u043a\u0430\u0440\u043d\u0430\u0432\u0430\u043b \u0443 \u0446\u0435\u043d\u0442\u0440\u0456 \u043c\u0456\u0441\u0442\u0430\/Kinder- und Jugendmaskenzug\u00a0 \u0421\u0443\u0431\u043e\u0442\u0430, 01.03\/14:11 \u041f\u0430\u0440\u0430\u0434 \u201c\u0434\u0443\u0440\u043d\u0438\u0445&#8230;  <a class=\"excerpt-read-more\" href=\"https:\/\/amalfrankfurt.de\/ua\/2025\/02\/19\/karneval-2025\/\" title=\"Read \u041a\u0430\u0440\u043d\u0430\u0432\u0430\u043b-2025: \u0434\u0435 \u0441\u0432\u044f\u0442\u043a\u0443\u0432\u0430\u0442\u0438\u043c\u0443\u0442\u044c \u0434\u0456\u0442\u0438 \u0442\u0430 \u0434\u043e\u0440\u043e\u0441\u043b\u0456\">Read more &raquo;<\/a><\/p>\n","protected":false},"author":46,"featured_media":223244,"comment_status":"open","ping_status":"open","sticky":false,"template":"","format":"standard","meta":{"_acf_changed":false,"footnotes":""},"categories":[21],"tags":[7204,312,2622,3139,771,311,2695,2896,56],"class_list":["post-223230","post","type-post","status-publish","format-standard","has-post-thumbnail","hentry","category-21","tag-2025-ua","tag-312","tag-2622","tag-3139","tag-771","tag-311","tag-2695","tag-2896","tag-56"],"acf":[],"yoast_head":"<!-- This site is optimized with the Yoast SEO plugin v27.5 - https:\/\/yoast.com\/product\/yoast-seo-wordpress\/ -->\n<title>\u041a\u0430\u0440\u043d\u0430\u0432\u0430\u043b-2025: \u0434\u0435 \u0441\u0432\u044f\u0442\u043a\u0443\u0432\u0430\u0442\u0438\u043c\u0443\u0442\u044c \u0434\u0456\u0442\u0438 \u0442\u0430 \u0434\u043e\u0440\u043e\u0441\u043b\u0456 - Amal, Frankfurt!<\/title>\n<meta name=\"robots\" content=\"index, follow, max-snippet:-1, max-image-preview:large, max-video-preview:-1\" \/>\n<link rel=\"canonical\" href=\"https:\/\/amalfrankfurt.de\/ua\/2025\/02\/19\/karneval-2025\/\" \/>\n<meta property=\"og:locale\" content=\"uk_UA\" \/>\n<meta property=\"og:type\" content=\"article\" \/>\n<meta property=\"og:title\" content=\"\u041a\u0430\u0440\u043d\u0430\u0432\u0430\u043b-2025: \u0434\u0435 \u0441\u0432\u044f\u0442\u043a\u0443\u0432\u0430\u0442\u0438\u043c\u0443\u0442\u044c \u0434\u0456\u0442\u0438 \u0442\u0430 \u0434\u043e\u0440\u043e\u0441\u043b\u0456 - Amal, Frankfurt!\" \/>\n<meta property=\"og:description\" content=\"\u041a\u0430\u0440\u043d\u0430\u0432\u0430\u043b-2025: \u0412\u0436\u0435 \u0437\u043e\u0432\u0441\u0456\u043c \u0441\u043a\u043e\u0440\u043e \u043c\u0456\u0441\u0442\u0430 \u041d\u0456\u043c\u0435\u0447\u0447\u0438\u043d\u0438 \u0437\u0430\u0441\u044f\u044e\u0442\u044c \u0441\u0432\u044f\u0442\u043a\u043e\u0432\u043e\u044e \u0445\u043e\u0434\u043e\u044e. \u041d\u0430\u0439\u043a\u0440\u0430\u0441\u0438\u0432\u0456\u0448\u0456 \u043f\u0430\u0440\u0430\u0434\u0438 \u0442\u0430 \u0432\u0435\u0447\u0456\u0440\u043a\u0438 \u043a\u0430\u0440\u043d\u0430\u0432\u0430\u043b\u044c\u043d\u043e\u0433\u043e \u0441\u0435\u0437\u043e\u043d\u0443 \u0446\u044c\u043e\u0433\u043e \u0440\u043e\u043a\u0443 \u0443 \u0424\u0440\u0430\u043d\u043a\u0444\u0443\u0440\u0442\u0456 \u0442\u0430 \u0440\u0435\u0433\u0456\u043e\u043d\u0456 \u0420\u0435\u0439\u043d-\u041c\u0430\u0439\u043d \u0443 \u043d\u0430\u0448\u0456\u0439 \u0441\u043f\u0435\u0446\u0456\u0430\u043b\u044c\u043d\u0456\u0439 \u0434\u043e\u0431\u0456\u0440\u0446\u0456. \u041c\u0410\u0419\u041d\u0426 \u041a\u0430\u0440\u043d\u0430\u0432\u0430\u043b\u044c\u043d\u0430 \u0445\u043e\u0434\u0430 \u0443 \u041c\u0430\u0439\u043d\u0446\u0456 \u0432\u0432\u0430\u0436\u0430\u0454\u0442\u044c\u0441\u044f \u043e\u0434\u043d\u0456\u0454\u044e \u0437 \u043d\u0430\u0439\u0446\u0456\u043a\u0430\u0432\u0456\u0448\u0438\u0445 \u0443 \u0440\u0435\u0433\u0456\u043e\u043d\u0456 \u0456 \u0449\u043e\u0440\u0456\u0447\u043d\u043e \u0437\u0431\u0438\u0440\u0430\u0454 \u0442\u0438\u0441\u044f\u0447\u0456 \u0433\u043b\u044f\u0434\u0430\u0447\u0456\u0432. \u0414\u0438\u0442\u044f\u0447\u0438\u0439 \u0442\u0430 \u044e\u043d\u0430\u0446\u044c\u043a\u0438\u0439 \u043a\u0430\u0440\u043d\u0430\u0432\u0430\u043b \u0443 \u0446\u0435\u043d\u0442\u0440\u0456 \u043c\u0456\u0441\u0442\u0430\/Kinder- und Jugendmaskenzug\u00a0 \u0421\u0443\u0431\u043e\u0442\u0430, 01.03\/14:11 \u041f\u0430\u0440\u0430\u0434 \u201c\u0434\u0443\u0440\u043d\u0438\u0445... Read more &raquo;\" \/>\n<meta property=\"og:url\" content=\"https:\/\/amalfrankfurt.de\/ua\/2025\/02\/19\/karneval-2025\/\" \/>\n<meta property=\"og:site_name\" content=\"Amal, Frankfurt!\" \/>\n<meta property=\"article:published_time\" content=\"2025-02-19T12:31:58+00:00\" \/>\n<meta property=\"article:modified_time\" content=\"2025-02-22T15:41:28+00:00\" \/>\n<meta property=\"og:image\" content=\"https:\/\/amalfrankfurt.de\/wp-content\/uploads\/sites\/5\/2025\/02\/IMG_20250219_012540.jpg\" \/>\n\t<meta property=\"og:image:width\" content=\"999\" \/>\n\t<meta property=\"og:image:height\" content=\"650\" \/>\n\t<meta property=\"og:image:type\" content=\"image\/jpeg\" \/>\n<meta name=\"author\" content=\"Tamriko Shosh\u0443ashvili\" \/>\n<meta name=\"twitter:card\" content=\"summary_large_image\" \/>\n<meta name=\"twitter:label1\" content=\"Written by\" \/>\n\t<meta name=\"twitter:data1\" content=\"Tamriko Shosh\u0443ashvili\" \/>\n\t<meta name=\"twitter:label2\" content=\"Est. reading time\" \/>\n\t<meta name=\"twitter:data2\" content=\"4 minutes\" \/>\n<script type=\"application\/ld+json\" class=\"yoast-schema-graph\">{\"@context\":\"https:\\\/\\\/schema.org\",\"@graph\":[{\"@type\":\"Article\",\"@id\":\"https:\\\/\\\/amalfrankfurt.de\\\/ua\\\/2025\\\/02\\\/19\\\/karneval-2025\\\/#article\",\"isPartOf\":{\"@id\":\"https:\\\/\\\/amalfrankfurt.de\\\/ua\\\/2025\\\/02\\\/19\\\/karneval-2025\\\/\"},\"author\":{\"name\":\"Tamriko Shosh\u0443ashvili\",\"@id\":\"https:\\\/\\\/amalfrankfurt.de\\\/ua\\\/#\\\/schema\\\/person\\\/b3095bdef4a18f6abe9390e2bbf81627\"},\"headline\":\"\u041a\u0430\u0440\u043d\u0430\u0432\u0430\u043b-2025: \u0434\u0435 \u0441\u0432\u044f\u0442\u043a\u0443\u0432\u0430\u0442\u0438\u043c\u0443\u0442\u044c \u0434\u0456\u0442\u0438 \u0442\u0430 \u0434\u043e\u0440\u043e\u0441\u043b\u0456\",\"datePublished\":\"2025-02-19T12:31:58+00:00\",\"dateModified\":\"2025-02-22T15:41:28+00:00\",\"mainEntityOfPage\":{\"@id\":\"https:\\\/\\\/amalfrankfurt.de\\\/ua\\\/2025\\\/02\\\/19\\\/karneval-2025\\\/\"},\"wordCount\":491,\"commentCount\":0,\"image\":{\"@id\":\"https:\\\/\\\/amalfrankfurt.de\\\/ua\\\/2025\\\/02\\\/19\\\/karneval-2025\\\/#primaryimage\"},\"thumbnailUrl\":\"https:\\\/\\\/amalfrankfurt.de\\\/wp-content\\\/uploads\\\/sites\\\/5\\\/2025\\\/02\\\/IMG_20250219_012540.jpg\",\"keywords\":[\"2025\",\"\u0412\u0456\u0441\u0431\u0430\u0434\u0435\u043d\",\"\u0434\u0430\u0442\u0438\",\"\u0434\u043b\u044f \u0434\u0456\u0442\u0435\u0439\",\"\u043a\u0430\u0440\u043d\u0430\u0432\u0430\u043b\",\"\u041c\u0430\u0439\u043d\u0446\",\"\u043f\u043e\u0434\u0456\u0457\",\"\u0440\u043e\u0437\u043a\u043b\u0430\u0434\",\"\u0444\u0440\u0430\u043d\u043a\u0444\u0443\u0440\u0442\"],\"articleSection\":[\"\u041a\u0443\u043b\u044c\u0442\u0443\u0440\u0430\"],\"inLanguage\":\"uk-UA\",\"potentialAction\":[{\"@type\":\"CommentAction\",\"name\":\"Comment\",\"target\":[\"https:\\\/\\\/amalfrankfurt.de\\\/ua\\\/2025\\\/02\\\/19\\\/karneval-2025\\\/#respond\"]}]},{\"@type\":\"WebPage\",\"@id\":\"https:\\\/\\\/amalfrankfurt.de\\\/ua\\\/2025\\\/02\\\/19\\\/karneval-2025\\\/\",\"url\":\"https:\\\/\\\/amalfrankfurt.de\\\/ua\\\/2025\\\/02\\\/19\\\/karneval-2025\\\/\",\"name\":\"\u041a\u0430\u0440\u043d\u0430\u0432\u0430\u043b-2025: \u0434\u0435 \u0441\u0432\u044f\u0442\u043a\u0443\u0432\u0430\u0442\u0438\u043c\u0443\u0442\u044c \u0434\u0456\u0442\u0438 \u0442\u0430 \u0434\u043e\u0440\u043e\u0441\u043b\u0456 - Amal, Frankfurt!\",\"isPartOf\":{\"@id\":\"https:\\\/\\\/amalfrankfurt.de\\\/ua\\\/#website\"},\"primaryImageOfPage\":{\"@id\":\"https:\\\/\\\/amalfrankfurt.de\\\/ua\\\/2025\\\/02\\\/19\\\/karneval-2025\\\/#primaryimage\"},\"image\":{\"@id\":\"https:\\\/\\\/amalfrankfurt.de\\\/ua\\\/2025\\\/02\\\/19\\\/karneval-2025\\\/#primaryimage\"},\"thumbnailUrl\":\"https:\\\/\\\/amalfrankfurt.de\\\/wp-content\\\/uploads\\\/sites\\\/5\\\/2025\\\/02\\\/IMG_20250219_012540.jpg\",\"datePublished\":\"2025-02-19T12:31:58+00:00\",\"dateModified\":\"2025-02-22T15:41:28+00:00\",\"author\":{\"@id\":\"https:\\\/\\\/amalfrankfurt.de\\\/ua\\\/#\\\/schema\\\/person\\\/b3095bdef4a18f6abe9390e2bbf81627\"},\"breadcrumb\":{\"@id\":\"https:\\\/\\\/amalfrankfurt.de\\\/ua\\\/2025\\\/02\\\/19\\\/karneval-2025\\\/#breadcrumb\"},\"inLanguage\":\"uk-UA\",\"potentialAction\":[{\"@type\":\"ReadAction\",\"target\":[\"https:\\\/\\\/amalfrankfurt.de\\\/ua\\\/2025\\\/02\\\/19\\\/karneval-2025\\\/\"]}]},{\"@type\":\"ImageObject\",\"inLanguage\":\"uk-UA\",\"@id\":\"https:\\\/\\\/amalfrankfurt.de\\\/ua\\\/2025\\\/02\\\/19\\\/karneval-2025\\\/#primaryimage\",\"url\":\"https:\\\/\\\/amalfrankfurt.de\\\/wp-content\\\/uploads\\\/sites\\\/5\\\/2025\\\/02\\\/IMG_20250219_012540.jpg\",\"contentUrl\":\"https:\\\/\\\/amalfrankfurt.de\\\/wp-content\\\/uploads\\\/sites\\\/5\\\/2025\\\/02\\\/IMG_20250219_012540.jpg\",\"width\":999,\"height\":650},{\"@type\":\"BreadcrumbList\",\"@id\":\"https:\\\/\\\/amalfrankfurt.de\\\/ua\\\/2025\\\/02\\\/19\\\/karneval-2025\\\/#breadcrumb\",\"itemListElement\":[{\"@type\":\"ListItem\",\"position\":1,\"name\":\"Home\",\"item\":\"https:\\\/\\\/amalfrankfurt.de\\\/ua\\\/\"},{\"@type\":\"ListItem\",\"position\":2,\"name\":\"\u041a\u0430\u0440\u043d\u0430\u0432\u0430\u043b-2025: \u0434\u0435 \u0441\u0432\u044f\u0442\u043a\u0443\u0432\u0430\u0442\u0438\u043c\u0443\u0442\u044c \u0434\u0456\u0442\u0438 \u0442\u0430 \u0434\u043e\u0440\u043e\u0441\u043b\u0456\"}]},{\"@type\":\"WebSite\",\"@id\":\"https:\\\/\\\/amalfrankfurt.de\\\/ua\\\/#website\",\"url\":\"https:\\\/\\\/amalfrankfurt.de\\\/ua\\\/\",\"name\":\"Amal, Frankfurt!\",\"description\":\"\",\"potentialAction\":[{\"@type\":\"SearchAction\",\"target\":{\"@type\":\"EntryPoint\",\"urlTemplate\":\"https:\\\/\\\/amalfrankfurt.de\\\/ua\\\/?s={search_term_string}\"},\"query-input\":{\"@type\":\"PropertyValueSpecification\",\"valueRequired\":true,\"valueName\":\"search_term_string\"}}],\"inLanguage\":\"uk-UA\"},{\"@type\":\"Person\",\"@id\":\"https:\\\/\\\/amalfrankfurt.de\\\/ua\\\/#\\\/schema\\\/person\\\/b3095bdef4a18f6abe9390e2bbf81627\",\"name\":\"Tamriko Shosh\u0443ashvili\",\"image\":{\"@type\":\"ImageObject\",\"inLanguage\":\"uk-UA\",\"@id\":\"https:\\\/\\\/amalfrankfurt.de\\\/wp-content\\\/uploads\\\/sites\\\/5\\\/2023\\\/01\\\/WhatsApp-Image-2023-01-07-at-2.35.42-PM-125x125.jpg\",\"url\":\"https:\\\/\\\/amalfrankfurt.de\\\/wp-content\\\/uploads\\\/sites\\\/5\\\/2023\\\/01\\\/WhatsApp-Image-2023-01-07-at-2.35.42-PM-125x125.jpg\",\"contentUrl\":\"https:\\\/\\\/amalfrankfurt.de\\\/wp-content\\\/uploads\\\/sites\\\/5\\\/2023\\\/01\\\/WhatsApp-Image-2023-01-07-at-2.35.42-PM-125x125.jpg\",\"caption\":\"Tamriko Shosh\u0443ashvili\"},\"description\":\"Tamriko Shoshyashvili (Tamriko Sholi) ist Journalistin, Autorin und Dozentin aus der Ukraine. Seit 2006 arbeitet sie in den Medien. 2018 hat sie eine Akademie f\u00fcr Autor:innen gegr\u00fcndet und bietet Schulungen im Schreiben von Texten und B\u00fcchern, sowie Storytelling und Social-Media-Management. Sie ist Referentin und organisiert Workshops, insbesondere zu Storytelling und Selfbranding. Sie hat zahlreiche Buchmessen und Lesungen organisiert und ist Autorin mehrerer B\u00fccher. Sie hat bereits 2014-18 in Mainz gelebt und studiert und ist 2022 zur\u00fcckgekehrt. Sie lebt mit ihrer Familie in Frankfurt.\",\"url\":\"https:\\\/\\\/amalfrankfurt.de\\\/ua\\\/author\\\/amal-tamriko\\\/\"}]}<\/script>\n<!-- \/ Yoast SEO plugin. -->","yoast_head_json":{"title":"\u041a\u0430\u0440\u043d\u0430\u0432\u0430\u043b-2025: \u0434\u0435 \u0441\u0432\u044f\u0442\u043a\u0443\u0432\u0430\u0442\u0438\u043c\u0443\u0442\u044c \u0434\u0456\u0442\u0438 \u0442\u0430 \u0434\u043e\u0440\u043e\u0441\u043b\u0456 - Amal, Frankfurt!","robots":{"index":"index","follow":"follow","max-snippet":"max-snippet:-1","max-image-preview":"max-image-preview:large","max-video-preview":"max-video-preview:-1"},"canonical":"https:\/\/amalfrankfurt.de\/ua\/2025\/02\/19\/karneval-2025\/","og_locale":"uk_UA","og_type":"article","og_title":"\u041a\u0430\u0440\u043d\u0430\u0432\u0430\u043b-2025: \u0434\u0435 \u0441\u0432\u044f\u0442\u043a\u0443\u0432\u0430\u0442\u0438\u043c\u0443\u0442\u044c \u0434\u0456\u0442\u0438 \u0442\u0430 \u0434\u043e\u0440\u043e\u0441\u043b\u0456 - Amal, Frankfurt!","og_description":"\u041a\u0430\u0440\u043d\u0430\u0432\u0430\u043b-2025: \u0412\u0436\u0435 \u0437\u043e\u0432\u0441\u0456\u043c \u0441\u043a\u043e\u0440\u043e \u043c\u0456\u0441\u0442\u0430 \u041d\u0456\u043c\u0435\u0447\u0447\u0438\u043d\u0438 \u0437\u0430\u0441\u044f\u044e\u0442\u044c \u0441\u0432\u044f\u0442\u043a\u043e\u0432\u043e\u044e \u0445\u043e\u0434\u043e\u044e. \u041d\u0430\u0439\u043a\u0440\u0430\u0441\u0438\u0432\u0456\u0448\u0456 \u043f\u0430\u0440\u0430\u0434\u0438 \u0442\u0430 \u0432\u0435\u0447\u0456\u0440\u043a\u0438 \u043a\u0430\u0440\u043d\u0430\u0432\u0430\u043b\u044c\u043d\u043e\u0433\u043e \u0441\u0435\u0437\u043e\u043d\u0443 \u0446\u044c\u043e\u0433\u043e \u0440\u043e\u043a\u0443 \u0443 \u0424\u0440\u0430\u043d\u043a\u0444\u0443\u0440\u0442\u0456 \u0442\u0430 \u0440\u0435\u0433\u0456\u043e\u043d\u0456 \u0420\u0435\u0439\u043d-\u041c\u0430\u0439\u043d \u0443 \u043d\u0430\u0448\u0456\u0439 \u0441\u043f\u0435\u0446\u0456\u0430\u043b\u044c\u043d\u0456\u0439 \u0434\u043e\u0431\u0456\u0440\u0446\u0456. \u041c\u0410\u0419\u041d\u0426 \u041a\u0430\u0440\u043d\u0430\u0432\u0430\u043b\u044c\u043d\u0430 \u0445\u043e\u0434\u0430 \u0443 \u041c\u0430\u0439\u043d\u0446\u0456 \u0432\u0432\u0430\u0436\u0430\u0454\u0442\u044c\u0441\u044f \u043e\u0434\u043d\u0456\u0454\u044e \u0437 \u043d\u0430\u0439\u0446\u0456\u043a\u0430\u0432\u0456\u0448\u0438\u0445 \u0443 \u0440\u0435\u0433\u0456\u043e\u043d\u0456 \u0456 \u0449\u043e\u0440\u0456\u0447\u043d\u043e \u0437\u0431\u0438\u0440\u0430\u0454 \u0442\u0438\u0441\u044f\u0447\u0456 \u0433\u043b\u044f\u0434\u0430\u0447\u0456\u0432. \u0414\u0438\u0442\u044f\u0447\u0438\u0439 \u0442\u0430 \u044e\u043d\u0430\u0446\u044c\u043a\u0438\u0439 \u043a\u0430\u0440\u043d\u0430\u0432\u0430\u043b \u0443 \u0446\u0435\u043d\u0442\u0440\u0456 \u043c\u0456\u0441\u0442\u0430\/Kinder- und Jugendmaskenzug\u00a0 \u0421\u0443\u0431\u043e\u0442\u0430, 01.03\/14:11 \u041f\u0430\u0440\u0430\u0434 \u201c\u0434\u0443\u0440\u043d\u0438\u0445... Read more &raquo;","og_url":"https:\/\/amalfrankfurt.de\/ua\/2025\/02\/19\/karneval-2025\/","og_site_name":"Amal, Frankfurt!","article_published_time":"2025-02-19T12:31:58+00:00","article_modified_time":"2025-02-22T15:41:28+00:00","og_image":[{"width":999,"height":650,"url":"https:\/\/amalfrankfurt.de\/wp-content\/uploads\/sites\/5\/2025\/02\/IMG_20250219_012540.jpg","type":"image\/jpeg"}],"author":"Tamriko Shosh\u0443ashvili","twitter_card":"summary_large_image","twitter_misc":{"Written by":"Tamriko Shosh\u0443ashvili","Est. reading time":"4 minutes"},"schema":{"@context":"https:\/\/schema.org","@graph":[{"@type":"Article","@id":"https:\/\/amalfrankfurt.de\/ua\/2025\/02\/19\/karneval-2025\/#article","isPartOf":{"@id":"https:\/\/amalfrankfurt.de\/ua\/2025\/02\/19\/karneval-2025\/"},"author":{"name":"Tamriko Shosh\u0443ashvili","@id":"https:\/\/amalfrankfurt.de\/ua\/#\/schema\/person\/b3095bdef4a18f6abe9390e2bbf81627"},"headline":"\u041a\u0430\u0440\u043d\u0430\u0432\u0430\u043b-2025: \u0434\u0435 \u0441\u0432\u044f\u0442\u043a\u0443\u0432\u0430\u0442\u0438\u043c\u0443\u0442\u044c \u0434\u0456\u0442\u0438 \u0442\u0430 \u0434\u043e\u0440\u043e\u0441\u043b\u0456","datePublished":"2025-02-19T12:31:58+00:00","dateModified":"2025-02-22T15:41:28+00:00","mainEntityOfPage":{"@id":"https:\/\/amalfrankfurt.de\/ua\/2025\/02\/19\/karneval-2025\/"},"wordCount":491,"commentCount":0,"image":{"@id":"https:\/\/amalfrankfurt.de\/ua\/2025\/02\/19\/karneval-2025\/#primaryimage"},"thumbnailUrl":"https:\/\/amalfrankfurt.de\/wp-content\/uploads\/sites\/5\/2025\/02\/IMG_20250219_012540.jpg","keywords":["2025","\u0412\u0456\u0441\u0431\u0430\u0434\u0435\u043d","\u0434\u0430\u0442\u0438","\u0434\u043b\u044f \u0434\u0456\u0442\u0435\u0439","\u043a\u0430\u0440\u043d\u0430\u0432\u0430\u043b","\u041c\u0430\u0439\u043d\u0446","\u043f\u043e\u0434\u0456\u0457","\u0440\u043e\u0437\u043a\u043b\u0430\u0434","\u0444\u0440\u0430\u043d\u043a\u0444\u0443\u0440\u0442"],"articleSection":["\u041a\u0443\u043b\u044c\u0442\u0443\u0440\u0430"],"inLanguage":"uk-UA","potentialAction":[{"@type":"CommentAction","name":"Comment","target":["https:\/\/amalfrankfurt.de\/ua\/2025\/02\/19\/karneval-2025\/#respond"]}]},{"@type":"WebPage","@id":"https:\/\/amalfrankfurt.de\/ua\/2025\/02\/19\/karneval-2025\/","url":"https:\/\/amalfrankfurt.de\/ua\/2025\/02\/19\/karneval-2025\/","name":"\u041a\u0430\u0440\u043d\u0430\u0432\u0430\u043b-2025: \u0434\u0435 \u0441\u0432\u044f\u0442\u043a\u0443\u0432\u0430\u0442\u0438\u043c\u0443\u0442\u044c \u0434\u0456\u0442\u0438 \u0442\u0430 \u0434\u043e\u0440\u043e\u0441\u043b\u0456 - Amal, Frankfurt!","isPartOf":{"@id":"https:\/\/amalfrankfurt.de\/ua\/#website"},"primaryImageOfPage":{"@id":"https:\/\/amalfrankfurt.de\/ua\/2025\/02\/19\/karneval-2025\/#primaryimage"},"image":{"@id":"https:\/\/amalfrankfurt.de\/ua\/2025\/02\/19\/karneval-2025\/#primaryimage"},"thumbnailUrl":"https:\/\/amalfrankfurt.de\/wp-content\/uploads\/sites\/5\/2025\/02\/IMG_20250219_012540.jpg","datePublished":"2025-02-19T12:31:58+00:00","dateModified":"2025-02-22T15:41:28+00:00","author":{"@id":"https:\/\/amalfrankfurt.de\/ua\/#\/schema\/person\/b3095bdef4a18f6abe9390e2bbf81627"},"breadcrumb":{"@id":"https:\/\/amalfrankfurt.de\/ua\/2025\/02\/19\/karneval-2025\/#breadcrumb"},"inLanguage":"uk-UA","potentialAction":[{"@type":"ReadAction","target":["https:\/\/amalfrankfurt.de\/ua\/2025\/02\/19\/karneval-2025\/"]}]},{"@type":"ImageObject","inLanguage":"uk-UA","@id":"https:\/\/amalfrankfurt.de\/ua\/2025\/02\/19\/karneval-2025\/#primaryimage","url":"https:\/\/amalfrankfurt.de\/wp-content\/uploads\/sites\/5\/2025\/02\/IMG_20250219_012540.jpg","contentUrl":"https:\/\/amalfrankfurt.de\/wp-content\/uploads\/sites\/5\/2025\/02\/IMG_20250219_012540.jpg","width":999,"height":650},{"@type":"BreadcrumbList","@id":"https:\/\/amalfrankfurt.de\/ua\/2025\/02\/19\/karneval-2025\/#breadcrumb","itemListElement":[{"@type":"ListItem","position":1,"name":"Home","item":"https:\/\/amalfrankfurt.de\/ua\/"},{"@type":"ListItem","position":2,"name":"\u041a\u0430\u0440\u043d\u0430\u0432\u0430\u043b-2025: \u0434\u0435 \u0441\u0432\u044f\u0442\u043a\u0443\u0432\u0430\u0442\u0438\u043c\u0443\u0442\u044c \u0434\u0456\u0442\u0438 \u0442\u0430 \u0434\u043e\u0440\u043e\u0441\u043b\u0456"}]},{"@type":"WebSite","@id":"https:\/\/amalfrankfurt.de\/ua\/#website","url":"https:\/\/amalfrankfurt.de\/ua\/","name":"Amal, Frankfurt!","description":"","potentialAction":[{"@type":"SearchAction","target":{"@type":"EntryPoint","urlTemplate":"https:\/\/amalfrankfurt.de\/ua\/?s={search_term_string}"},"query-input":{"@type":"PropertyValueSpecification","valueRequired":true,"valueName":"search_term_string"}}],"inLanguage":"uk-UA"},{"@type":"Person","@id":"https:\/\/amalfrankfurt.de\/ua\/#\/schema\/person\/b3095bdef4a18f6abe9390e2bbf81627","name":"Tamriko Shosh\u0443ashvili","image":{"@type":"ImageObject","inLanguage":"uk-UA","@id":"https:\/\/amalfrankfurt.de\/wp-content\/uploads\/sites\/5\/2023\/01\/WhatsApp-Image-2023-01-07-at-2.35.42-PM-125x125.jpg","url":"https:\/\/amalfrankfurt.de\/wp-content\/uploads\/sites\/5\/2023\/01\/WhatsApp-Image-2023-01-07-at-2.35.42-PM-125x125.jpg","contentUrl":"https:\/\/amalfrankfurt.de\/wp-content\/uploads\/sites\/5\/2023\/01\/WhatsApp-Image-2023-01-07-at-2.35.42-PM-125x125.jpg","caption":"Tamriko Shosh\u0443ashvili"},"description":"Tamriko Shoshyashvili (Tamriko Sholi) ist Journalistin, Autorin und Dozentin aus der Ukraine. Seit 2006 arbeitet sie in den Medien. 2018 hat sie eine Akademie f\u00fcr Autor:innen gegr\u00fcndet und bietet Schulungen im Schreiben von Texten und B\u00fcchern, sowie Storytelling und Social-Media-Management. Sie ist Referentin und organisiert Workshops, insbesondere zu Storytelling und Selfbranding. Sie hat zahlreiche Buchmessen und Lesungen organisiert und ist Autorin mehrerer B\u00fccher. Sie hat bereits 2014-18 in Mainz gelebt und studiert und ist 2022 zur\u00fcckgekehrt. Sie lebt mit ihrer Familie in Frankfurt.","url":"https:\/\/amalfrankfurt.de\/ua\/author\/amal-tamriko\/"}]}},"_links":{"self":[{"href":"https:\/\/amalfrankfurt.de\/ua\/wp-json\/wp\/v2\/posts\/223230","targetHints":{"allow":["GET"]}}],"collection":[{"href":"https:\/\/amalfrankfurt.de\/ua\/wp-json\/wp\/v2\/posts"}],"about":[{"href":"https:\/\/amalfrankfurt.de\/ua\/wp-json\/wp\/v2\/types\/post"}],"author":[{"embeddable":true,"href":"https:\/\/amalfrankfurt.de\/ua\/wp-json\/wp\/v2\/users\/46"}],"replies":[{"embeddable":true,"href":"https:\/\/amalfrankfurt.de\/ua\/wp-json\/wp\/v2\/comments?post=223230"}],"version-history":[{"count":7,"href":"https:\/\/amalfrankfurt.de\/ua\/wp-json\/wp\/v2\/posts\/223230\/revisions"}],"predecessor-version":[{"id":223333,"href":"https:\/\/amalfrankfurt.de\/ua\/wp-json\/wp\/v2\/posts\/223230\/revisions\/223333"}],"wp:featuredmedia":[{"embeddable":true,"href":"https:\/\/amalfrankfurt.de\/ua\/wp-json\/wp\/v2\/media\/223244"}],"wp:attachment":[{"href":"https:\/\/amalfrankfurt.de\/ua\/wp-json\/wp\/v2\/media?parent=223230"}],"wp:term":[{"taxonomy":"category","embeddable":true,"href":"https:\/\/amalfrankfurt.de\/ua\/wp-json\/wp\/v2\/categories?post=223230"},{"taxonomy":"post_tag","embeddable":true,"href":"https:\/\/amalfrankfurt.de\/ua\/wp-json\/wp\/v2\/tags?post=223230"}],"curies":[{"name":"wp","href":"https:\/\/api.w.org\/{rel}","templated":true}]}}