{"id":174794,"date":"2023-05-17T10:28:27","date_gmt":"2023-05-17T08:28:27","guid":{"rendered":"https:\/\/amalfrankfurt.de\/?p=174794"},"modified":"2023-05-21T22:11:37","modified_gmt":"2023-05-21T20:11:37","slug":"%d0%b3%d1%96%d0%b3%d0%b0%d0%bd%d1%82%d1%81%d1%8c%d0%ba%d0%b0-%d0%bb%d1%8f%d0%bb%d1%8c%d0%ba%d0%b0-%d1%81%d0%b2%d1%96%d1%82%d0%bb%d0%be%d0%b2%d0%b5-%d1%88%d0%be%d1%83-%d1%82%d0%b0-%d0%b2%d1%96%d1%80","status":"publish","type":"post","link":"https:\/\/amalfrankfurt.de\/ua\/2023\/05\/17\/%d0%b3%d1%96%d0%b3%d0%b0%d0%bd%d1%82%d1%81%d1%8c%d0%ba%d0%b0-%d0%bb%d1%8f%d0%bb%d1%8c%d0%ba%d0%b0-%d1%81%d0%b2%d1%96%d1%82%d0%bb%d0%be%d0%b2%d0%b5-%d1%88%d0%be%d1%83-%d1%82%d0%b0-%d0%b2%d1%96%d1%80\/","title":{"rendered":"\u0413\u0456\u0433\u0430\u043d\u0442\u0441\u044c\u043a\u0430 \u043b\u044f\u043b\u044c\u043a\u0430, \u0441\u0432\u0456\u0442\u043b\u043e\u0432\u0435 \u0448\u043e\u0443 \u0442\u0430 \u0432\u0456\u0440\u0442\u0443\u0430\u043b\u044c\u043d\u0456 \u043e\u043a\u0443\u043b\u044f\u0440\u0438: \u043d\u0430\u0439\u0446\u0456\u043a\u0430\u0432\u0456\u0448\u0456 \u043f\u043e\u0434\u0456\u0457 \u041f\u0430\u0443\u043b\u044c\u0441\u043a\u0456\u0440\u0445\u0435\u0444\u0435\u0441\u0442"},"content":{"rendered":"<p>\u0417 18 \u043f\u043e 21 \u0442\u0440\u0430\u0432\u043d\u044f \u043c\u0456\u0441\u0442\u043e \u0424\u0440\u0430\u043d\u043a\u0444\u0443\u0440\u0442 \u0441\u0432\u044f\u0442\u043a\u0443\u0454 \u041f\u0430\u0443\u043b\u044c\u0441\u043a\u0456\u0440\u0445\u0435\u043d\u0441\u044c\u043a\u0438\u0439 \u0444\u0435\u0441\u0442\u0438\u0432\u0430\u043b\u044c (Paulskirchenfest). \u0410\u0431\u043e \u044f\u043a \u0439\u043e\u0433\u043e \u0449\u0435 \u043d\u0430\u0437\u0438\u0432\u0430\u044e\u0442\u044c &#8220;\u0441\u0432\u044f\u0442\u043e \u0434\u0435\u043c\u043e\u043a\u0440\u0430\u0442\u0456\u0457&#8221;. \u0417\u0430\u043f\u043b\u0430\u043d\u043e\u0432\u0430\u043d\u0430 \u0434\u0443\u0436\u0435 \u043d\u0430\u0441\u0438\u0447\u0435\u043d\u0430 \u043f\u0440\u043e\u0433\u0440\u0430\u043c\u0430. \u041e\u0441\u044c \u0433\u043e\u043b\u043e\u0432\u043d\u0456 \u043f\u043e\u0434\u0456\u0457 \u0444\u0435\u0441\u0442\u0438\u0432\u0430\u043b\u044e, \u043d\u0430 \u044f\u043a\u0456 \u0440\u0435\u0434\u0430\u043a\u0446\u0456\u044f \u0410\u043c\u0430\u043b\u044c \u0440\u0430\u0434\u0438\u0442\u044c \u0437\u0432\u0435\u0440\u043d\u0443\u0442\u0438 \u0443\u0432\u0430\u0433\u0443.<\/p>\n<p><strong>\u0421\u0432\u0456\u0442\u043b\u043e\u0432\u0435 \u0448\u043e\u0443 \u043d\u0430 \u0432\u043e\u0434\u0456<\/strong><\/p>\n<p>\u0417\u0430\u043c\u0456\u0441\u0442\u044c \u0444\u0435\u0454\u0440\u0432\u0435\u0440\u043a\u0456\u0432 \u043d\u0430\u0434 \u0440\u0456\u0447\u043a\u043e\u044e \u041c\u0430\u0439\u043d \u0432\u0456\u0434\u0431\u0443\u0434\u0435\u0442\u044c\u0441\u044f \u0435\u0444\u0435\u043a\u0442\u043d\u0435 \u0441\u0432\u0456\u0442\u043b\u043e\u0432\u0435 \u0448\u043e\u0443. \u041a\u043e\u043b\u0438 \u0432\u0436\u0435 \u0441\u0442\u0435\u043c\u043d\u0456\u0454, \u0430 \u0441\u0430\u043c\u0435 \u043e 22:00, \u043d\u0430\u0434 \u0432\u043e\u0434\u043e\u044e \u043c\u0456\u0436 Untermainbr\u00fccke \u0442\u0430 Eiserner Steg \u0437\u0434\u0456\u0439\u043c\u0435\u0442\u044c\u0441\u044f 25-\u043c\u0435\u0442\u0440\u043e\u0432\u0443 \u0432\u043e\u0434\u044f\u043d\u0443 \u0456\u043d\u0441\u0442\u0430\u043b\u044f\u0446\u0456\u044f. \u0406 \u0432\u0441\u0435 \u0446\u0435 \u043f\u0456\u0434\u0441\u0432\u0456\u0447\u0443\u0432\u0430\u0442\u0438\u043c\u0435\u0442\u044c\u0441\u044f \u043a\u043e\u043b\u044c\u043e\u0440\u0430\u043c\u0438 \u0442\u0430 20-\u0445\u0432\u0438\u043b\u0438\u043d\u043d\u043e\u044e \u043c\u0443\u0437\u0438\u043a\u043e\u044e \u00ab\u041e\u0434\u0438 \u0434\u0435\u043c\u043e\u043a\u0440\u0430\u0442\u0456\u0457\u00bb.<\/p>\n<div id=\"attachment_174811\" style=\"width: 1090px\" class=\"wp-caption alignnone\"><img loading=\"lazy\" decoding=\"async\" aria-describedby=\"caption-attachment-174811\" class=\"wp-image-174811 size-full\" src=\"https:\/\/amalfrankfurt.de\/wp-content\/uploads\/sites\/5\/2023\/05\/Screenshot_2023-05-17-10-09-01-399-edit_com.miui_.gallery.jpg\" alt=\"\" width=\"1080\" height=\"596\" srcset=\"https:\/\/amalfrankfurt.de\/wp-content\/uploads\/sites\/5\/2023\/05\/Screenshot_2023-05-17-10-09-01-399-edit_com.miui_.gallery.jpg 1080w, https:\/\/amalfrankfurt.de\/wp-content\/uploads\/sites\/5\/2023\/05\/Screenshot_2023-05-17-10-09-01-399-edit_com.miui_.gallery-300x166.jpg 300w, https:\/\/amalfrankfurt.de\/wp-content\/uploads\/sites\/5\/2023\/05\/Screenshot_2023-05-17-10-09-01-399-edit_com.miui_.gallery-1024x565.jpg 1024w, https:\/\/amalfrankfurt.de\/wp-content\/uploads\/sites\/5\/2023\/05\/Screenshot_2023-05-17-10-09-01-399-edit_com.miui_.gallery-768x424.jpg 768w\" sizes=\"auto, (max-width: 1080px) 100vw, 1080px\" \/><p id=\"caption-attachment-174811\" class=\"wp-caption-text\">\u0421\u0432\u0456\u0442\u043b\u043e\u0432\u0435 \u0448\u043e\u0443 \u0434\u043b\u044f \u041f\u0430\u0443\u043b\u044c\u0441\u043a\u0456\u0440\u0445\u0435\u0444\u0435\u0441\u0442\/ \u0424\u043e\u0442\u043e: Bruno\/Germany from Pixabay<\/p><\/div>\n<p><strong>\u041c\u0443\u0437\u0438\u043a\u0430: \u0421\u0446\u0435\u043d\u0438 \u0432 R\u00f6mer \u0456 \u043d\u0430 Mainkai<\/strong><\/p>\n<p>Museumsuferfest \u0432\u0456\u0434\u0431\u0443\u0432\u0430\u0454\u0442\u044c\u0441\u044f \u043b\u0438\u0448\u0435 \u0432 \u0441\u0435\u0440\u043f\u043d\u0456, \u0430\u043b\u0435 \u043c\u0456\u0441\u0442\u043e \u0431\u0435\u0440\u0435 \u043d\u0430 \u0441\u0435\u0431\u0435 \u0447\u0430\u0441\u0442\u0438\u043d\u0443 \u043a\u043e\u043d\u0446\u0435\u043f\u0446\u0456\u0457 \u0434\u043b\u044f Paulskirchenfest. \u0417 \u0447\u0435\u0442\u0432\u0435\u0440\u0433\u0430 \u043f\u043e \u043d\u0435\u0434\u0456\u043b\u044e \u043c\u0443\u0437\u0438\u0447\u043d\u0456 \u0441\u0446\u0435\u043d\u0438 \u0437\u0430\u043f\u0440\u043e\u0448\u0443\u044e\u0442\u044c \u0433\u043b\u044f\u0434\u0430\u0447\u0456\u0432 \u043d\u0430\u0441\u043e\u043b\u043e\u0434\u0438\u0442\u0438\u0441\u044f \u043c\u0443\u0437\u0438\u043a\u043e\u044e \u0442\u0430 \u043f\u043e\u0442\u0430\u043d\u0446\u044e\u0432\u0430\u0442\u0438 \u0432\u0437\u0434\u043e\u0432\u0436 \u043f\u0456\u0432\u043d\u0456\u0447\u043d\u043e\u0433\u043e \u0431\u0435\u0440\u0435\u0433\u0430 \u041c\u0430\u0439\u043d\u0443, \u0430 \u0442\u0430\u043a\u043e\u0436 \u043d\u0430 \u0433\u043e\u043b\u043e\u0432\u043d\u0456\u0439 \u043f\u043b\u043e\u0449\u0456 R\u00f6mer.<\/p>\n<p><strong>\u0414\u0443\u043d\u0434\u0443: \u0433\u0456\u0433\u0430\u043d\u0442\u0441\u044c\u043a\u0430 \u043b\u044f\u043b\u044c\u043a\u0430 \u0441\u0432\u0456\u0442\u043b\u0430<\/strong><\/p>\n<p>\u0423 \u0441\u0443\u0431\u043e\u0442\u0443 \u0431\u043b\u0438\u0437\u044c\u043a\u043e 22:00, \u043a\u043e\u043b\u0438 \u0432\u0436\u0435 \u0442\u0435\u043c\u043d\u043e, \u0433\u0456\u0433\u0430\u043d\u0442\u0441\u044c\u043a\u0430 \u043c\u0430\u0440\u0456\u043e\u043d\u0435\u0442\u043a\u0430 \u0414\u0443\u043d\u0434\u0443 \u043a\u0443\u0440\u0441\u0443\u0432\u0430\u0442\u0438\u043c\u0435 \u0437 \u041f\u0430\u0443\u043b\u044c\u0441\u043f\u043b\u0430\u0442\u0446 \u0447\u0435\u0440\u0435\u0437 \u0420\u044c\u043e\u043c\u0435\u0440\u0431\u0435\u0440\u0433 \u043f\u0440\u044f\u043c\u043e \u0434\u043e \u041c\u0430\u0439\u043d. \u0412\u0438\u0441\u043e\u0442\u0430 \u0444\u0456\u0433\u0443\u0440\u0438 \u2013 \u043f\u2019\u044f\u0442\u044c \u043c\u0435\u0442\u0440\u0456\u0432, \u0430 \u0440\u0443\u0445\u0430\u0442\u0438\u043c\u0443\u0442\u044c \u0457\u0445 \u043f&#8217;\u044f\u0442\u0435\u0440\u043e \u043b\u044f\u043b\u044c\u043a\u043e\u0432\u043e\u0434\u0456\u0432. \u0421\u044f\u044e\u0447\u0438 \u0431\u0456\u043b\u0438\u043c, \u0432\u0456\u043d \u043f\u0440\u043e\u0431\u0438\u0432\u0430\u0454\u0442\u044c\u0441\u044f \u043a\u0440\u0456\u0437\u044c \u043d\u0430\u0442\u043e\u0432\u043f \u0433\u043e\u0441\u0442\u0435\u0439.<\/p>\n<p>\u0427\u043e\u043c\u0443 \u0441\u0430\u043c\u0435 \u043b\u044f\u043b\u044c\u043a\u0430? \u0414\u043e\u0432\u0433\u0430 \u0456\u0441\u0442\u043e\u0440\u0456\u044f, \u0430\u043b\u0435 \u0446\u0435 \u043f\u043e\u0432&#8217;\u044f\u0437\u0430\u043d\u043e \u0437 \u0442\u0438\u043c, \u0449\u043e \u043a\u043e\u043b\u0438\u0441\u044c \u043a\u043e\u0440\u043e\u043b\u044c \u0432\u0432\u0430\u0436\u0430\u0432 \u0434\u0435\u043c\u043e\u043a\u0440\u0430\u0442\u0438\u0447\u043d\u0438\u0439 \u0440\u0443\u0445 \u0443 \u041d\u0456\u043c\u0435\u0447\u0447\u0438\u043d\u0456 \u043b\u0438\u0448\u0435 \u043b\u044f\u043b\u044c\u043a\u043e\u0432\u0438\u043c \u0442\u0435\u0430\u0442\u0440\u043e\u043c.<\/p>\n<div id=\"attachment_174806\" style=\"width: 1090px\" class=\"wp-caption alignnone\"><img loading=\"lazy\" decoding=\"async\" aria-describedby=\"caption-attachment-174806\" class=\"wp-image-174806 size-full\" src=\"https:\/\/amalfrankfurt.de\/wp-content\/uploads\/sites\/5\/2023\/05\/Screenshot_2023-05-17-10-07-00-478-edit_com.miui_.gallery.jpg\" alt=\"\" width=\"1080\" height=\"718\" srcset=\"https:\/\/amalfrankfurt.de\/wp-content\/uploads\/sites\/5\/2023\/05\/Screenshot_2023-05-17-10-07-00-478-edit_com.miui_.gallery.jpg 1080w, https:\/\/amalfrankfurt.de\/wp-content\/uploads\/sites\/5\/2023\/05\/Screenshot_2023-05-17-10-07-00-478-edit_com.miui_.gallery-300x199.jpg 300w, https:\/\/amalfrankfurt.de\/wp-content\/uploads\/sites\/5\/2023\/05\/Screenshot_2023-05-17-10-07-00-478-edit_com.miui_.gallery-1024x681.jpg 1024w, https:\/\/amalfrankfurt.de\/wp-content\/uploads\/sites\/5\/2023\/05\/Screenshot_2023-05-17-10-07-00-478-edit_com.miui_.gallery-768x511.jpg 768w, https:\/\/amalfrankfurt.de\/wp-content\/uploads\/sites\/5\/2023\/05\/Screenshot_2023-05-17-10-07-00-478-edit_com.miui_.gallery-630x420.jpg 630w, https:\/\/amalfrankfurt.de\/wp-content\/uploads\/sites\/5\/2023\/05\/Screenshot_2023-05-17-10-07-00-478-edit_com.miui_.gallery-315x210.jpg 315w, https:\/\/amalfrankfurt.de\/wp-content\/uploads\/sites\/5\/2023\/05\/Screenshot_2023-05-17-10-07-00-478-edit_com.miui_.gallery-156x104.jpg 156w\" sizes=\"auto, (max-width: 1080px) 100vw, 1080px\" \/><p id=\"caption-attachment-174806\" class=\"wp-caption-text\">\u0420\u044c\u043e\u043c\u0435\u0440 &#8211; \u0433\u043e\u043b\u043e\u0432\u043d\u0430 \u043b\u043e\u043a\u0430\u0446\u0456\u044f \u041f\u0430\u0443\u043b\u044c\u0441\u043a\u0456\u0440\u0445\u0435\u0444\u0435\u0441\u0442\/ \u0424\u043e\u0442\u043e: Gaertringer by Pixabay<\/p><\/div>\n<p><strong>R\u00f6mer Open: \u0437\u043d\u0430\u0439\u043e\u043c\u0441\u0442\u0432\u043e \u0437 \u0440\u0430\u0442\u0443\u0448\u0435\u044e<\/strong><\/p>\n<p>\u0411\u0430\u0433\u0430\u0442\u043e \u043b\u044e\u0434\u0435\u0439 \u0434\u0443\u0436\u0435 \u0434\u043e\u0431\u0440\u0435 \u0437\u043d\u0430\u044e\u0442\u044c \u0440\u0430\u0442\u0443\u0448\u0443 \u0420\u044c\u043e\u043c\u0435\u0440\u0430 \u0437 \u0457\u0457 \u043f\u043e\u0432\u0430\u0436\u043d\u0438\u043c \u0441\u0442\u0443\u043f\u0456\u043d\u0447\u0430\u0441\u0442\u0438\u043c \u0434\u0432\u043e\u0441\u0445\u0438\u043b\u0438\u043c \u0444\u0430\u0441\u0430\u0434\u043e\u043c. \u0410\u043b\u0435 \u043c\u0430\u043b\u043e, \u0445\u0442\u043e \u043f\u0456\u0434\u043d\u0456\u043c\u0430\u0432\u0441\u044f \u0441\u0445\u043e\u0434\u0430\u043c\u0438 \u041a\u0430\u0439\u0437\u0435\u0440\u0430, \u0431\u0443\u0432 \u0443 \u0439\u043e\u0433\u043e \u043e\u0441\u043e\u0431\u0438\u0441\u0442\u043e\u043c\u0443 \u043a\u0430\u0431\u0456\u043d\u0435\u0442\u0456, \u0434\u0438\u0432\u0438\u0432\u0441\u044f, \u0434\u0435 \u0437\u0431\u0438\u0440\u0430\u0454\u0442\u044c\u0441\u044f \u043c\u0430\u0433\u0456\u0441\u0442\u0440\u0430\u0442, \u0434\u0435\u0431\u0430\u0442\u0443\u044e\u0442\u044c \u0434\u0435\u043f\u0443\u0442\u0430\u0442\u0438 \u043c\u0456\u0441\u044c\u043a\u043e\u0457 \u0440\u0430\u0434\u0438 \u0456 \u0432\u0438\u0440\u0456\u0448\u0443\u0454\u0442\u044c\u0441\u044f \u0434\u043e\u043b\u044f \u043c\u0456\u0441\u0442\u0430.<\/p>\n<p>\u0423 \u0441\u0443\u0431\u043e\u0442\u0443 \u0437 11.00 \u0434\u043e 19.00 R\u00f6mer \u0432\u0456\u0434\u043a\u0440\u0438\u0442\u0438\u0439 \u0434\u043b\u044f \u0432\u0441\u0456\u0445. \u0427\u043b\u0435\u043d \u043c\u0456\u0441\u044c\u043a\u043e\u0457 \u0440\u0430\u0434\u0438 \u0425\u0456\u043b\u0456\u043c\u0435 \u0410\u0440\u0441\u043b\u0430\u043d\u0435\u0440-\u0413\u044c\u043e\u043b\u0431\u0430\u0441\u0456 \u0437\u0443\u0441\u0442\u0440\u0456\u043d\u0435 \u0433\u043e\u0441\u0442\u0435\u0439 \u043e 12 \u0433\u043e\u0434\u0438\u043d\u0456 \u0434\u043d\u044f. \u0411\u0443\u0434\u0456\u0432\u043b\u0435\u044e \u043f\u0440\u043e\u0445\u043e\u0434\u0438\u0442\u0438\u043c\u0443\u0442\u044c \u0440\u0438\u043c\u0441\u044c\u043a\u0456 \u043f\u043e\u0441\u043b\u0438, \u044f\u043a\u0438\u0445 \u043c\u043e\u0436\u043d\u0430 \u0432\u043f\u0456\u0437\u043d\u0430\u0442\u0438 \u0437\u0430 \u0431\u0456\u043b\u0438\u043c\u0438 \u0444\u0443\u0442\u0431\u043e\u043b\u043a\u0430\u043c\u0438. \u041c\u0443\u043d\u0456\u0446\u0438\u043f\u0430\u043b\u044c\u043d\u0456 \u0443\u0441\u0442\u0430\u043d\u043e\u0432\u0438 \u0442\u0430 \u043a\u043e\u043c\u043f\u0430\u043d\u0456\u0457, \u0444\u0440\u0430\u043a\u0446\u0456\u0457 \u0442\u0430 \u043a\u043e\u043c\u0456\u0442\u0435\u0442\u0438 \u043f\u0440\u0435\u0434\u0441\u0442\u0430\u0432\u043b\u044f\u0442\u044c \u0441\u0435\u0431\u0435. \u0410 \u0440\u043e\u0437\u043f\u043e\u0432\u0456\u0434\u0456 \u043f\u0440\u043e \u0417\u043e\u043b\u043e\u0442\u0443 \u043a\u043d\u0438\u0433\u0443 \u043c\u0456\u0441\u0442\u0430 \u0431\u0443\u0434\u0443\u0442\u044c \u0434\u043e\u0441\u0442\u0443\u043f\u043d\u0456 \u0449\u043e\u0433\u043e\u0434\u0438\u043d\u0438 \u0432 Ludwig-Landmann-Saal.<\/p>\n<div id=\"attachment_174815\" style=\"width: 1090px\" class=\"wp-caption alignnone\"><img loading=\"lazy\" decoding=\"async\" aria-describedby=\"caption-attachment-174815\" class=\"wp-image-174815 size-full\" src=\"https:\/\/amalfrankfurt.de\/wp-content\/uploads\/sites\/5\/2023\/05\/Screenshot_2023-05-17-10-06-46-134-edit_com.miui_.gallery.jpg\" alt=\"\" width=\"1080\" height=\"689\" srcset=\"https:\/\/amalfrankfurt.de\/wp-content\/uploads\/sites\/5\/2023\/05\/Screenshot_2023-05-17-10-06-46-134-edit_com.miui_.gallery.jpg 1080w, https:\/\/amalfrankfurt.de\/wp-content\/uploads\/sites\/5\/2023\/05\/Screenshot_2023-05-17-10-06-46-134-edit_com.miui_.gallery-300x191.jpg 300w, https:\/\/amalfrankfurt.de\/wp-content\/uploads\/sites\/5\/2023\/05\/Screenshot_2023-05-17-10-06-46-134-edit_com.miui_.gallery-1024x653.jpg 1024w, https:\/\/amalfrankfurt.de\/wp-content\/uploads\/sites\/5\/2023\/05\/Screenshot_2023-05-17-10-06-46-134-edit_com.miui_.gallery-768x490.jpg 768w\" sizes=\"auto, (max-width: 1080px) 100vw, 1080px\" \/><p id=\"caption-attachment-174815\" class=\"wp-caption-text\">\u041a\u043e\u043d\u0446\u0435\u0440\u0442\u0438 \u0434\u043b\u044f \u041f\u0430\u0443\u043b\u044c\u0441\u043a\u0456\u0440\u0445\u0435\u0444\u0435\u0441\u0442 \u0432\u0456\u0434\u0431\u0443\u0434\u0443\u0442\u044c\u0441\u044f \u0432\u0437\u0434\u043e\u0432\u0436 \u041c\u0430\u0439\u043d\u0443\/ \u0424\u043e\u0442\u043e: Andreas from Pixabay<\/p><\/div>\n<p><strong>\u0414\u043b\u044f \u0434\u0456\u0442\u0435\u0439: \u0441\u043f\u0456\u0432, \u0431\u0443\u0434\u0456\u0432\u043d\u0438\u0446\u0442\u0432\u043e, \u0442\u0430\u043d\u0446\u0456<\/strong><\/p>\n<p>&#8211; Nilsen \u043e\u0440\u0433\u0430\u043d\u0456\u0437\u043e\u0432\u0443\u0454 \u043a\u043e\u043d\u0446\u0435\u0440\u0442 \u0434\u043b\u044f \u0434\u0456\u0442\u0435\u0439 (\u0447\u0435\u0442\u0432\u0435\u0440, 14-15:00, \u041c\u0430\u0439\u043d\u043a\u0430\u0439\u0431\u044e\u043d\u0435). \u0412\u043e\u043b\u044c\u0444\u0433\u0430\u043d\u0433 \u0413\u0435\u0440\u0456\u043d\u0433 \u0456 \u0439\u043e\u0433\u043e \u0441\u0438\u043d \u0440\u0430\u0437\u043e\u043c \u0437\u0456\u0433\u0440\u0430\u044e\u0442\u044c \u043d\u0430 \u0444\u043e\u0440\u0442\u0435\u043f\u0456\u0430\u043d\u043e \u0442\u0430 \u0437\u0430\u0441\u043f\u0456\u0432\u0430\u044e\u0442\u044c \u043f\u0456\u0441\u0435\u043d\u044c (\u0441\u0443\u0431\u043e\u0442\u0430, 11:00\u201312:00, \u041c\u0430\u0439\u043d\u043a\u0430\u0439).<\/p>\n<p>&#8211; \u0423 R\u00f6mer&#8217;s Ratskeller \u0434\u0456\u0442\u0438 \u0437\u043c\u043e\u0436\u0443\u0442\u044c \u043f\u043e\u0431\u0443\u0434\u0443\u0432\u0430\u0442\u0438 \u043c\u0430\u043b\u0435\u043d\u044c\u043a\u0456 \u0434\u0435\u0440\u0435\u0432&#8217;\u044f\u043d\u0456 \u0446\u0435\u0440\u043a\u0432\u0438, \u0430 \u043d\u0430\u0432\u043f\u0440\u043e\u0442\u0438 Ratskeller &#8211; Walk-in Paulskirche (\u0437 \u0447\u0435\u0442\u0432\u0435\u0440\u0433\u0430 \u0434\u043e \u043d\u0435\u0434\u0456\u043b\u0456, \u0449\u043e\u0434\u043d\u044f \u0437 11:00 \u0434\u043e 18:00). \u0422\u0430\u043a\u043e\u0436 \u0441\u043f\u0435\u0446\u0456\u0430\u043b\u044c\u043d\u043e \u0434\u043b\u044f \u0434\u0456\u0442\u0435\u0439 \u043f\u0440\u043e\u0432\u043e\u0434\u0438\u0442\u0438\u043c\u0443\u0442\u044c\u0441\u044f \u0435\u043a\u0441\u043a\u0443\u0440\u0441\u0456\u0457 \u043f\u043e \u0420\u044c\u043e\u043c\u0435\u0440\u0443 \u043f\u0440\u043e\u0442\u044f\u0433\u043e\u043c \u0432\u0441\u0456\u0445 \u0447\u043e\u0442\u0438\u0440\u044c\u043e\u0445 \u0434\u043d\u0456\u0432 \u043e 13:00, 15:00 \u0442\u0430 17:00. \u041a\u0432\u0438\u0442\u043a\u0438 \u043c\u043e\u0436\u043d\u0430 \u043f\u0440\u0438\u0434\u0431\u0430\u0442\u0438 \u0432 \u0444\u043e\u0439\u0454 R\u00f6mer.<\/p>\n<p>&#8211; \u0423 Schmiere \u0432\u0456\u0434\u0431\u0443\u0434\u0435\u0442\u044c\u0441\u044f \u0432\u0438\u0441\u0442\u0430\u0432\u0430 \u00abGalaktologische\u00bb \u0434\u043b\u044f \u0434\u0456\u0442\u0435\u0439 \u0434\u043e 6 \u043a\u043b\u0430\u0441\u0443 (\u043f\u2019\u044f\u0442\u043d\u0438\u0446\u044f, 10:00).<\/p>\n<p>&#8211; \u0422\u0430\u043d\u0446\u044e\u0432\u0430\u043b\u044c\u043d\u0438\u0439 \u043c\u0430\u0439\u0441\u0442\u0435\u0440-\u043a\u043b\u0430\u0441 \u0434\u043b\u044f \u0434\u0456\u0442\u0435\u0439 \u0432\u0456\u0434 \u0434\u0432\u043e\u0445 \u0434\u043e \u0448\u0435\u0441\u0442\u0438 \u0440\u043e\u043a\u0456\u0432 \u0443 Stadthaus (\u0441\u0443\u0431\u043e\u0442\u0430, 10:00-12:00; \u043a\u043b\u0430\u0441: 6770-01). \u0420\u0435\u0454\u0441\u0442\u0440\u0430\u0446\u0456\u044f \u043d\u0430: vhs-frankfurt.de<\/p>\n<div id=\"attachment_174801\" style=\"width: 1090px\" class=\"wp-caption alignnone\"><img loading=\"lazy\" decoding=\"async\" aria-describedby=\"caption-attachment-174801\" class=\"wp-image-174801 size-full\" src=\"https:\/\/amalfrankfurt.de\/wp-content\/uploads\/sites\/5\/2023\/05\/Screenshot_2023-05-17-10-01-45-772-edit_com.miui_.gallery.jpg\" alt=\"\" width=\"1080\" height=\"1426\" srcset=\"https:\/\/amalfrankfurt.de\/wp-content\/uploads\/sites\/5\/2023\/05\/Screenshot_2023-05-17-10-01-45-772-edit_com.miui_.gallery.jpg 1080w, https:\/\/amalfrankfurt.de\/wp-content\/uploads\/sites\/5\/2023\/05\/Screenshot_2023-05-17-10-01-45-772-edit_com.miui_.gallery-227x300.jpg 227w, https:\/\/amalfrankfurt.de\/wp-content\/uploads\/sites\/5\/2023\/05\/Screenshot_2023-05-17-10-01-45-772-edit_com.miui_.gallery-776x1024.jpg 776w, https:\/\/amalfrankfurt.de\/wp-content\/uploads\/sites\/5\/2023\/05\/Screenshot_2023-05-17-10-01-45-772-edit_com.miui_.gallery-768x1014.jpg 768w\" sizes=\"auto, (max-width: 1080px) 100vw, 1080px\" \/><p id=\"caption-attachment-174801\" class=\"wp-caption-text\">\u041f\u043b\u0430\u0442\u0430\u043d\u0438 \u044f\u043a \u0443\u0447\u0430\u0441\u043d\u0438\u043a\u0438 \u041f\u0430\u0443\u043b\u044c\u0441\u043a\u0456\u0440\u0445\u0435\u0444\u0435\u0441\u0442\/Amal Frankfurt Ukraine by Tamriko Sholi<\/p><\/div>\n<p><strong>\u0414\u0435\u0440\u0435\u0432\u0430 \u0441\u0432\u043e\u0431\u043e\u0434\u0438 \u0442\u0430 \u0442\u0435\u043b\u0435\u0444\u043e\u043d \u043d\u0430 \u041f\u0430\u0443\u043b\u044c\u0441\u043f\u043b\u0430\u0442\u0446<\/strong><\/p>\n<p>\u0417 \u0447\u0435\u0442\u0432\u0435\u0440\u0433\u0430 \u0434\u043e \u043d\u0435\u0434\u0456\u043b\u0456 \u043f\u0456\u0441\u043b\u044f \u043d\u0430\u0441\u0442\u0430\u043d\u043d\u044f \u0442\u0435\u043c\u0440\u044f\u0432\u0438 \u043b\u0456\u0440\u0438\u0447\u043d\u0456 \u0442\u0435\u043a\u0441\u0442\u0438 \u043d\u0430 \u0442\u0435\u043c\u0443 \u0434\u0435\u043c\u043e\u043a\u0440\u0430\u0442\u0456\u0457 \u043f\u0440\u043e\u0435\u043a\u0442\u0443\u0432\u0430\u0442\u0438\u043c\u0443\u0442\u044c\u0441\u044f \u043f\u0440\u044f\u043c\u043e \u043d\u0430 \u0444\u0430\u0441\u0430\u0434 \u041f\u0430\u0443\u043b\u044c\u0441\u043a\u0456\u0440\u0445\u0435. \u0426\u0435\u0439 \u043f\u0440\u043e\u0454\u043a\u0442 \u0441\u0442\u0432\u043e\u0440\u0438\u043b\u0438 \u043c\u0438\u0441\u0442\u043a\u0438\u043d\u0456 \u041a\u0430\u0442\u0430\u0440\u0456\u043d\u0430 \u0417\u043e\u0440\u043d \u0442\u0430 \u042f\u0441\u043d\u0430 \u0424\u0440\u0456\u0446\u0456 \u0411\u0430\u0443\u0435\u0440. \u0412\u043e\u043d\u0438 \u0437\u0430\u043f\u0440\u043e\u0441\u0438\u043b\u0438 \u0433\u0440\u043e\u043c\u0430\u0434\u044f\u043d \u043d\u0430\u043f\u0438\u0441\u0430\u0442\u0438 \u0432\u0456\u0440\u0448\u0456 \u043f\u0440\u043e \u0434\u0435\u043c\u043e\u043a\u0440\u0430\u0442\u0456\u044e, \u0456 \u0441\u0430\u043c\u0435 \u0446\u0456 \u0440\u044f\u0434\u043a\u0438 \u043f\u0456\u0434\u0441\u0432\u0456\u0442\u044f\u0442\u044c 48 \u043f\u043b\u0430\u0442\u0430\u043d\u0456\u0432 \u043d\u0430 \u041f\u0430\u0443\u043b\u044c\u0441\u043f\u043b\u0430\u0442\u0446. \u0410\u0434\u0436\u0435 \u0441\u0430\u043c\u0435 \u043f\u043b\u0430\u0442\u0430\u043d\u0438 \u043d\u0430\u0433\u0430\u0434\u0443\u044e\u0442\u044c \u0434\u0435\u0440\u0435\u0432\u0430 \u0441\u0432\u043e\u0431\u043e\u0434\u0438 \u043f\u0456\u0434 \u0447\u0430\u0441 \u0440\u0443\u0445\u0443 \u0437\u0430 \u043d\u0435\u0437\u0430\u043b\u0435\u0436\u043d\u0456\u0441\u0442\u044c \u0410\u043c\u0435\u0440\u0438\u043a\u0438 \u0442\u0430 \u0424\u0440\u0430\u043d\u0446\u0443\u0437\u044c\u043a\u043e\u0457 \u0440\u0435\u0432\u043e\u043b\u044e\u0446\u0456\u0457.<\/p>\n<p>\u0422\u0430\u043a\u043e\u0436 \u043d\u0430 \u043f\u043b\u043e\u0449\u0456 \u0431\u0443\u0434\u0443\u0442\u044c \u0432\u0441\u0442\u0430\u043d\u043e\u0432\u043b\u0435\u043d\u0456 \u0441\u043f\u0435\u0446\u0456\u0430\u043b\u044c\u043d\u0456 \u00ab\u0442\u0435\u043b\u0435\u0444\u043e\u043d\u0438\u00bb, \u0437\u0430 \u0434\u043e\u043f\u043e\u043c\u043e\u0433\u043e\u044e \u044f\u043a\u0438\u0445 \u0432\u0441\u044c\u043e\u0433\u043e \u0437\u0430 50 \u0446\u0435\u043d\u0442\u0456\u0432 \u043c\u043e\u0436\u043d\u0430 &#8220;\u0437\u0430\u0442\u0435\u043b\u0435\u0444\u043e\u043d\u0443\u0432\u0430\u0442\u0438&#8221; \u0456\u0441\u0442\u043e\u0440\u0438\u0447\u043d\u0438\u043c \u043e\u0441\u043e\u0431\u0438\u0441\u0442\u043e\u0441\u0442\u044f\u043c.<\/p>\n<p><strong>\u0404\u0432\u0440\u043e\u043f\u0430: \u0444\u0435\u0441\u0442\u0438\u0432\u0430\u043b\u044c \u0443 \u0444\u0435\u0441\u0442\u0438\u0432\u0430\u043b\u0456<\/strong><\/p>\n<p>\u041c\u0456\u0441\u044c\u043a\u0430 \u0440\u0430\u0434\u0430 \u0432\u0456\u0434\u043a\u0440\u0438\u0454 Europafest \u0443 \u043f&#8217;\u044f\u0442\u043d\u0438\u0446\u044e \u043e 15:00 \u043d\u0430 \u0441\u0446\u0435\u043d\u0456 Mainkai, \u043f\u0456\u0441\u043b\u044f \u0447\u043e\u0433\u043e \u0432\u0456\u0434\u0431\u0443\u0434\u0435\u0442\u044c\u0441\u044f \u0434\u0436\u0430\u0437\u043e\u0432\u0438\u0439 \u043a\u043e\u043d\u0446\u0435\u0440\u0442. \u0422\u0430\u043a\u043e\u0436 \u043d\u0430 \u0432\u0456\u0434\u0432\u0456\u0434\u0443\u0432\u0430\u0447\u0456\u0432 \u0447\u0435\u043a\u0430\u0454 \u043f\u043e\u0435\u0442\u0438\u0447\u043d\u0438\u0439 \u0441\u043b\u0435\u043c, \u0442\u0435\u0430\u0442\u0440 \u00ab\u0410\u043d\u0442\u0430\u0433\u043e\u043d\u00bb \u0442\u0430 \u0456\u0440\u043b\u0430\u043d\u0434\u0441\u044c\u043a\u0430 \u043c\u0443\u0437\u0438\u043a\u0430 (19:00\u201320:00).<\/p>\n<div id=\"attachment_174797\" style=\"width: 1090px\" class=\"wp-caption alignnone\"><img loading=\"lazy\" decoding=\"async\" aria-describedby=\"caption-attachment-174797\" class=\"wp-image-174797 size-full\" src=\"https:\/\/amalfrankfurt.de\/wp-content\/uploads\/sites\/5\/2023\/05\/FB_IMG_1684310268615.jpg\" alt=\"\" width=\"1080\" height=\"608\" srcset=\"https:\/\/amalfrankfurt.de\/wp-content\/uploads\/sites\/5\/2023\/05\/FB_IMG_1684310268615.jpg 1080w, https:\/\/amalfrankfurt.de\/wp-content\/uploads\/sites\/5\/2023\/05\/FB_IMG_1684310268615-300x169.jpg 300w, https:\/\/amalfrankfurt.de\/wp-content\/uploads\/sites\/5\/2023\/05\/FB_IMG_1684310268615-1024x576.jpg 1024w, https:\/\/amalfrankfurt.de\/wp-content\/uploads\/sites\/5\/2023\/05\/FB_IMG_1684310268615-768x432.jpg 768w\" sizes=\"auto, (max-width: 1080px) 100vw, 1080px\" \/><p id=\"caption-attachment-174797\" class=\"wp-caption-text\">\u0406\u0441\u0442\u043e\u0440\u0438\u0447\u043d\u0456 \u0442\u0440\u0430\u043c\u0432\u0430\u0457 \u043d\u0430 \u041f\u0430\u0443\u043b\u044c\u0441\u043a\u0456\u0440\u0445\u0435\u0444\u0435\u0441\u0442\/\u0424\u043e\u0442\u043e: scholty297 by Pixabay<\/p><\/div>\n<p><strong>\u0406\u0441\u0442\u043e\u0440\u0438\u0447\u043d\u0456 \u0442\u0440\u0430\u043c\u0432\u0430\u0457<\/strong><\/p>\n<p>\u0423 \u0447\u0435\u0442\u0432\u0435\u0440, 18 \u0442\u0440\u0430\u0432\u043d\u044f (\u0437 12:00 \u0434\u043e 21:00) \u0456 \u0432 \u043d\u0435\u0434\u0456\u043b\u044e, 21 \u0442\u0440\u0430\u0432\u043d\u044f (\u0437 11:00 \u0434\u043e 18:00) \u043a\u0443\u0440\u0441\u0443\u0432\u0430\u0442\u0438\u043c\u0443\u0442\u044c \u0456\u0441\u0442\u043e\u0440\u0438\u0447\u043d\u0456 \u0442\u0440\u0430\u043c\u0432\u0430\u0457. \u041f\u0435\u0440\u0435\u0434\u0431\u0430\u0447\u0430\u0454\u0442\u044c\u0441\u044f \u0432\u0438\u043a\u043e\u0440\u0438\u0441\u0442\u0430\u043d\u043d\u044f \u0432\u0430\u0433\u043e\u043d\u0456\u0432 1956-1969 \u0440\u043e\u043a\u0456\u0432 \u043f\u043e\u0431\u0443\u0434\u043e\u0432\u0438. \u0406\u0441\u0442\u043e\u0440\u0438\u0447\u043d\u0456 \u0432\u0430\u0433\u043e\u043d\u0438 \u043a\u0443\u0440\u0441\u0443\u0432\u0430\u0442\u0438\u043c\u0443\u0442\u044c \u043a\u043e\u0436\u043d\u0456 20 \u0445\u0432\u0438\u043b\u0438\u043d \u043c\u0456\u0436 \u0433\u043e\u043b\u043e\u0432\u043d\u0438\u043c \u0432\u043e\u043a\u0437\u0430\u043b\u043e\u043c, \u043f\u043b\u043e\u0449\u0435\u044e \u0420\u044c\u043e\u043c\u0435\u0440 (R\u00f6mer\/Paulskirche), \u0437\u043e\u043e\u043f\u0430\u0440\u043a\u043e\u043c (Zoo) \u0456 \u0415\u0440\u043d\u0441\u0442-\u041c\u0435\u0439-\u041f\u043b\u0435\u0439\u0441 (Ernst-May-Platz). \u0414\u043b\u044f \u043f\u043e\u0457\u0437\u0434\u043a\u0438 \u043f\u043e\u0442\u0440\u0456\u0431\u0435\u043d \u043b\u0438\u0448\u0435 \u0437\u0432\u0438\u0447\u0430\u0439\u043d\u0438\u0439 \u043a\u0432\u0438\u0442\u043e\u043a \u043d\u0430 \u0442\u0440\u0430\u043c\u0432\u0430\u0439 \u0430\u0431\u043e Deutschlandticket.<\/p>\n<p><strong>\u0410 \u0449\u0435<\/strong>&#8230;<\/p>\n<p>\u041a\u043e\u043c\u043f\u0430\u043d\u0456\u044f Time Ride \u0432\u0456\u0434\u0442\u0432\u043e\u0440\u0438\u043b\u0430 \u043d\u0430 \u043a\u043e\u043c\u043f\u2019\u044e\u0442\u0435\u0440\u0456 \u0447\u0430\u0441 \u041d\u0430\u0446\u0456\u043e\u043d\u0430\u043b\u044c\u043d\u0438\u0445 \u0437\u0431\u043e\u0440\u0456\u0432 \u0443 \u0424\u0440\u0430\u043d\u043a\u0444\u0443\u0440\u0442\u0456 1848 \u0440\u043e\u043a\u0443, \u044f\u043a\u0438\u0439 \u043c\u043e\u0436\u043d\u0430 \u043f\u043e\u0431\u0430\u0447\u0438\u0442\u0438 \u0432 \u043e\u043a\u0443\u043b\u044f\u0440\u0430\u0445 \u0432\u0456\u0440\u0442\u0443\u0430\u043b\u044c\u043d\u043e\u0457 \u0440\u0435\u0430\u043b\u044c\u043d\u043e\u0441\u0442\u0456. \u0412\u0438 \u043d\u0430\u0434\u044f\u0433\u0430\u0454\u0442\u0435 \u043e\u043a\u0443\u043b\u044f\u0440\u0438 \u0432\u0456\u0440\u0442\u0443\u0430\u043b\u044c\u043d\u043e\u0457 \u0440\u0435\u0430\u043b\u044c\u043d\u043e\u0441\u0442\u0456 \u0439 \u0440\u0430\u043f\u0442\u043e\u043c \u043e\u043f\u0438\u043d\u044f\u0454\u0442\u0435\u0441\u044f \u043d\u0430 \u041f\u0430\u0443\u043b\u044c\u0441\u043f\u043b\u0430\u0446, \u043f\u043e\u0442\u0456\u043c \u0443 \u041f\u0430\u0443\u043b\u044c\u0441\u043a\u0456\u0440\u0445\u0435. \u041e\u043a\u0443\u043b\u044f\u0440\u0438 \u0432\u0456\u0440\u0442\u0443\u0430\u043b\u044c\u043d\u043e\u0457 \u0440\u0435\u0430\u043b\u044c\u043d\u043e\u0441\u0442\u0456 \u0440\u043e\u0437\u0434\u0430\u0434\u0443\u0442\u044c \u0443 \u0444\u043e\u0439\u0454 \u041f\u0430\u0443\u043b\u044c\u0441\u043a\u0456\u0440\u0445\u0435 (\u0447\u0435\u0442\u0432\u0435\u0440 \u0437 13:30 \u0434\u043e 21:00, \u043f\u2019\u044f\u0442\u043d\u0438\u0446\u044f \u0437 11:00 \u0434\u043e 16:00, \u0441\u0443\u0431\u043e\u0442\u0430 \u0437 11:00 \u0434\u043e 12:00).<\/p>\n<p>\u041f\u043e\u0432\u043d\u0430 \u043f\u0440\u043e\u0433\u0440\u0430\u043c\u0430 \u0444\u0435\u0441\u0442\u0438\u0432\u0430\u043b\u044e \u043e\u043f\u0443\u0431\u043b\u0456\u043a\u043e\u0432\u0430\u043d\u0430 \u043d\u0430 <a href=\"http:\/\/frankfurt-tourismus.de\/paulskirchenfest\"><strong>frankfurt-tourismus.de\/paulskirchenfest<\/strong><\/a>. \u0420\u043e\u0437\u0434\u0440\u0443\u043a\u043e\u0432\u0430\u043d\u0456 \u0431\u0443\u043a\u043b\u0435\u0442\u0438 \u0437 \u043f\u0440\u043e\u0433\u0440\u0430\u043c\u043e\u044e \u0434\u043e\u0441\u0442\u0443\u043f\u043d\u0456 \u0437 \u043f\u043e\u043d\u0435\u0434\u0456\u043b\u043a\u0430, 8 \u0442\u0440\u0430\u0432\u043d\u044f, \u0443 \u0442\u0443\u0440\u0438\u0441\u0442\u0438\u0447\u043d\u0456\u0439 \u0434\u043e\u0432\u0456\u0434\u0446\u0456 \u043d\u0430 \u0433\u043e\u043b\u043e\u0432\u043d\u043e\u043c\u0443 \u0437\u0430\u043b\u0456\u0437\u043d\u0438\u0447\u043d\u043e\u043c\u0443 \u0432\u043e\u043a\u0437\u0430\u043b\u0456 \u0442\u0430 \u0432 R\u00f6mer, \u0430 \u0442\u0430\u043a\u043e\u0436 \u0443 \u0437\u0430\u043a\u043b\u0430\u0434\u0430\u0445-\u0443\u0447\u0430\u0441\u043d\u0438\u043a\u0430\u0445. \u0414\u043e\u0434\u0430\u0442\u043a\u043e\u0432\u0443 \u0456\u043d\u0444\u043e\u0440\u043c\u0430\u0446\u0456\u044e \u043c\u043e\u0436\u043d\u0430 \u0437\u043d\u0430\u0439\u0442\u0438 \u043d\u0430 \u0441\u0430\u0439\u0442\u0456 frankfurt-tourismus.de\/Presse.<\/p>\n<p>\u0410 \u0432 \u0446\u044c\u043e\u043c\u0443 \u0434\u043e\u043f\u0438\u0441\u0456 \u043c\u043e\u0436\u043d\u0430 \u043e\u0437\u043d\u0430\u0439\u043e\u043c\u0438\u0442\u0438\u0441\u044f \u0437 \u0442\u0438\u043c, \u0447\u043e\u043c\u0443 \u041f\u0430\u0443\u043b\u044c\u0441\u043a\u0456\u0440\u0445\u0435\u0444\u0435\u0441\u0442 \u0432\u0456\u0434\u0456\u0433\u0440\u0430\u0454 \u0442\u0430\u043a\u0443 \u0432\u0430\u0436\u043b\u0438\u0432\u0443 \u0440\u043e\u043b\u044c \u0443 \u0441\u043e\u0446\u0456\u0430\u043b\u044c\u043d\u043e-\u043f\u043e\u043b\u0456\u0442\u0438\u0447\u043d\u043e\u043c\u0443 \u0436\u0438\u0442\u0442\u0456 \u041d\u0456\u043c\u0435\u0447\u0447\u0438\u043d\u0438: <a href=\"https:\/\/amalfrankfurt.de\/ua\/2023\/05\/08\/%d0%b7%d0%b4%d1%96%d0%b9%d1%81%d0%bd%d0%b8%d1%82%d0%b8-%d0%bf%d0%be%d0%b4%d0%be%d1%80%d0%be%d0%b6-%d1%83-%d1%87%d0%b0%d1%81%d1%96-%d0%bf%d0%be%d0%b1%d0%b0%d1%87%d0%b8%d1%82%d0%b8-%d0%b7%d0%be%d0%bb\/\"><strong>&#8220;\u0417\u043e\u043b\u043e\u0442\u0430 \u043a\u043d\u0438\u0433\u0430 \u0442\u0430 \u0456\u0441\u0442\u043e\u0440\u0438\u0447\u043d\u0456 \u0442\u0440\u0430\u043c\u0432\u0430\u0457 &#8211; \u0432\u0441\u0435 \u0456 \u0449\u0435 \u0442\u0440\u043e\u0448\u043a\u0438 \u043d\u0430 \u041f\u0430\u0443\u043b\u044c\u0441\u043a\u0456\u0440\u0445\u0435\u0444\u0435\u0441\u0442&#8221;<\/strong><\/a><\/p>\n","protected":false},"excerpt":{"rendered":"<p>\u0417 18 \u043f\u043e 21 \u0442\u0440\u0430\u0432\u043d\u044f \u043c\u0456\u0441\u0442\u043e \u0424\u0440\u0430\u043d\u043a\u0444\u0443\u0440\u0442 \u0441\u0432\u044f\u0442\u043a\u0443\u0454 \u041f\u0430\u0443\u043b\u044c\u0441\u043a\u0456\u0440\u0445\u0435\u043d\u0441\u044c\u043a\u0438\u0439 \u0444\u0435\u0441\u0442\u0438\u0432\u0430\u043b\u044c (Paulskirchenfest). \u0410\u0431\u043e \u044f\u043a \u0439\u043e\u0433\u043e \u0449\u0435 \u043d\u0430\u0437\u0438\u0432\u0430\u044e\u0442\u044c &#8220;\u0441\u0432\u044f\u0442\u043e \u0434\u0435\u043c\u043e\u043a\u0440\u0430\u0442\u0456\u0457&#8221;. \u0417\u0430\u043f\u043b\u0430\u043d\u043e\u0432\u0430\u043d\u0430 \u0434\u0443\u0436\u0435 \u043d\u0430\u0441\u0438\u0447\u0435\u043d\u0430 \u043f\u0440\u043e\u0433\u0440\u0430\u043c\u0430. \u041e\u0441\u044c \u0433\u043e\u043b\u043e\u0432\u043d\u0456 \u043f\u043e\u0434\u0456\u0457 \u0444\u0435\u0441\u0442\u0438\u0432\u0430\u043b\u044e, \u043d\u0430 \u044f\u043a\u0456 \u0440\u0435\u0434\u0430\u043a\u0446\u0456\u044f \u0410\u043c\u0430\u043b\u044c \u0440\u0430\u0434\u0438\u0442\u044c \u0437\u0432\u0435\u0440\u043d\u0443\u0442\u0438 \u0443\u0432\u0430\u0433\u0443. \u0421\u0432\u0456\u0442\u043b\u043e\u0432\u0435 \u0448\u043e\u0443 \u043d\u0430 \u0432\u043e\u0434\u0456 \u0417\u0430\u043c\u0456\u0441\u0442\u044c \u0444\u0435\u0454\u0440\u0432\u0435\u0440\u043a\u0456\u0432 \u043d\u0430\u0434 \u0440\u0456\u0447\u043a\u043e\u044e \u041c\u0430\u0439\u043d \u0432\u0456\u0434\u0431\u0443\u0434\u0435\u0442\u044c\u0441\u044f \u0435\u0444\u0435\u043a\u0442\u043d\u0435 \u0441\u0432\u0456\u0442\u043b\u043e\u0432\u0435 \u0448\u043e\u0443. \u041a\u043e\u043b\u0438 \u0432\u0436\u0435 \u0441\u0442\u0435\u043c\u043d\u0456\u0454, \u0430 \u0441\u0430\u043c\u0435 \u043e 22:00, \u043d\u0430\u0434 \u0432\u043e\u0434\u043e\u044e&#8230;  <a class=\"excerpt-read-more\" href=\"https:\/\/amalfrankfurt.de\/ua\/2023\/05\/17\/%d0%b3%d1%96%d0%b3%d0%b0%d0%bd%d1%82%d1%81%d1%8c%d0%ba%d0%b0-%d0%bb%d1%8f%d0%bb%d1%8c%d0%ba%d0%b0-%d1%81%d0%b2%d1%96%d1%82%d0%bb%d0%be%d0%b2%d0%b5-%d1%88%d0%be%d1%83-%d1%82%d0%b0-%d0%b2%d1%96%d1%80\/\" title=\"Read \u0413\u0456\u0433\u0430\u043d\u0442\u0441\u044c\u043a\u0430 \u043b\u044f\u043b\u044c\u043a\u0430, \u0441\u0432\u0456\u0442\u043b\u043e\u0432\u0435 \u0448\u043e\u0443 \u0442\u0430 \u0432\u0456\u0440\u0442\u0443\u0430\u043b\u044c\u043d\u0456 \u043e\u043a\u0443\u043b\u044f\u0440\u0438: \u043d\u0430\u0439\u0446\u0456\u043a\u0430\u0432\u0456\u0448\u0456 \u043f\u043e\u0434\u0456\u0457 \u041f\u0430\u0443\u043b\u044c\u0441\u043a\u0456\u0440\u0445\u0435\u0444\u0435\u0441\u0442\">Read more &raquo;<\/a><\/p>\n","protected":false},"author":46,"featured_media":174820,"comment_status":"open","ping_status":"open","sticky":false,"template":"","format":"standard","meta":{"_acf_changed":false,"footnotes":""},"categories":[21],"tags":[1671,1776,1483,66,1670,1774,1775,1777],"class_list":["post-174794","post","type-post","status-publish","format-standard","has-post-thumbnail","hentry","category-21","tag-paulskirchenfest","tag-1776","tag-1483","tag-66","tag-1670","tag-1774","tag-1775","tag-1777"],"acf":[],"yoast_head":"<!-- This site is optimized with the Yoast SEO plugin v27.5 - https:\/\/yoast.com\/product\/yoast-seo-wordpress\/ -->\n<title>\u0413\u0456\u0433\u0430\u043d\u0442\u0441\u044c\u043a\u0430 \u043b\u044f\u043b\u044c\u043a\u0430, \u0441\u0432\u0456\u0442\u043b\u043e\u0432\u0435 \u0448\u043e\u0443 \u0442\u0430 \u0432\u0456\u0440\u0442\u0443\u0430\u043b\u044c\u043d\u0456 \u043e\u043a\u0443\u043b\u044f\u0440\u0438: \u043d\u0430\u0439\u0446\u0456\u043a\u0430\u0432\u0456\u0448\u0456 \u043f\u043e\u0434\u0456\u0457 \u041f\u0430\u0443\u043b\u044c\u0441\u043a\u0456\u0440\u0445\u0435\u0444\u0435\u0441\u0442 - Amal, Frankfurt!<\/title>\n<meta name=\"description\" content=\"\u0417 18 \u043f\u043e 21 \u0442\u0440\u0430\u0432\u043d\u044f \u043c\u0456\u0441\u0442\u043e \u0424\u0440\u0430\u043d\u043a\u0444\u0443\u0440\u0442 \u0441\u0432\u044f\u0442\u043a\u0443\u0454 \u041f\u0430\u0443\u043b\u044c\u0441\u043a\u0456\u0440\u0445\u0435\u043d\u0441\u044c\u043a\u0438\u0439 \u0444\u0435\u0441\u0442\u0438\u0432\u0430\u043b\u044c (Paulskirchenfest). \u0410\u0431\u043e \u044f\u043a \u0439\u043e\u0433\u043e \u0449\u0435 \u043d\u0430\u0437\u0438\u0432\u0430\u044e\u0442\u044c\" \/>\n<meta name=\"robots\" content=\"index, follow, max-snippet:-1, max-image-preview:large, max-video-preview:-1\" \/>\n<link rel=\"canonical\" href=\"https:\/\/amalfrankfurt.de\/ua\/2023\/05\/17\/%d0%b3%d1%96%d0%b3%d0%b0%d0%bd%d1%82%d1%81%d1%8c%d0%ba%d0%b0-%d0%bb%d1%8f%d0%bb%d1%8c%d0%ba%d0%b0-%d1%81%d0%b2%d1%96%d1%82%d0%bb%d0%be%d0%b2%d0%b5-%d1%88%d0%be%d1%83-%d1%82%d0%b0-%d0%b2%d1%96%d1%80\/\" \/>\n<meta property=\"og:locale\" content=\"uk_UA\" \/>\n<meta property=\"og:type\" content=\"article\" \/>\n<meta property=\"og:title\" content=\"\u0413\u0456\u0433\u0430\u043d\u0442\u0441\u044c\u043a\u0430 \u043b\u044f\u043b\u044c\u043a\u0430, \u0441\u0432\u0456\u0442\u043b\u043e\u0432\u0435 \u0448\u043e\u0443 \u0442\u0430 \u0432\u0456\u0440\u0442\u0443\u0430\u043b\u044c\u043d\u0456 \u043e\u043a\u0443\u043b\u044f\u0440\u0438: \u043d\u0430\u0439\u0446\u0456\u043a\u0430\u0432\u0456\u0448\u0456 \u043f\u043e\u0434\u0456\u0457 \u041f\u0430\u0443\u043b\u044c\u0441\u043a\u0456\u0440\u0445\u0435\u0444\u0435\u0441\u0442 - Amal, Frankfurt!\" \/>\n<meta property=\"og:description\" content=\"\u0417 18 \u043f\u043e 21 \u0442\u0440\u0430\u0432\u043d\u044f \u043c\u0456\u0441\u0442\u043e \u0424\u0440\u0430\u043d\u043a\u0444\u0443\u0440\u0442 \u0441\u0432\u044f\u0442\u043a\u0443\u0454 \u041f\u0430\u0443\u043b\u044c\u0441\u043a\u0456\u0440\u0445\u0435\u043d\u0441\u044c\u043a\u0438\u0439 \u0444\u0435\u0441\u0442\u0438\u0432\u0430\u043b\u044c (Paulskirchenfest). \u0410\u0431\u043e \u044f\u043a \u0439\u043e\u0433\u043e \u0449\u0435 \u043d\u0430\u0437\u0438\u0432\u0430\u044e\u0442\u044c\" \/>\n<meta property=\"og:url\" content=\"https:\/\/amalfrankfurt.de\/ua\/2023\/05\/17\/%d0%b3%d1%96%d0%b3%d0%b0%d0%bd%d1%82%d1%81%d1%8c%d0%ba%d0%b0-%d0%bb%d1%8f%d0%bb%d1%8c%d0%ba%d0%b0-%d1%81%d0%b2%d1%96%d1%82%d0%bb%d0%be%d0%b2%d0%b5-%d1%88%d0%be%d1%83-%d1%82%d0%b0-%d0%b2%d1%96%d1%80\/\" \/>\n<meta property=\"og:site_name\" content=\"Amal, Frankfurt!\" \/>\n<meta property=\"article:published_time\" content=\"2023-05-17T08:28:27+00:00\" \/>\n<meta property=\"article:modified_time\" content=\"2023-05-21T20:11:37+00:00\" \/>\n<meta property=\"og:image\" content=\"https:\/\/amalfrankfurt.de\/wp-content\/uploads\/sites\/5\/2023\/05\/Screenshot_2023-05-17-10-07-29-029-edit_com.miui_.gallery.jpg\" \/>\n\t<meta property=\"og:image:width\" content=\"1080\" \/>\n\t<meta property=\"og:image:height\" content=\"831\" \/>\n\t<meta property=\"og:image:type\" content=\"image\/jpeg\" \/>\n<meta name=\"author\" content=\"Tamriko Shosh\u0443ashvili\" \/>\n<meta name=\"twitter:card\" content=\"summary_large_image\" \/>\n<meta name=\"twitter:label1\" content=\"Written by\" \/>\n\t<meta name=\"twitter:data1\" content=\"Tamriko Shosh\u0443ashvili\" \/>\n\t<meta name=\"twitter:label2\" content=\"Est. reading time\" \/>\n\t<meta name=\"twitter:data2\" content=\"5 minutes\" \/>\n<script type=\"application\/ld+json\" class=\"yoast-schema-graph\">{\"@context\":\"https:\\\/\\\/schema.org\",\"@graph\":[{\"@type\":\"Article\",\"@id\":\"https:\\\/\\\/amalfrankfurt.de\\\/ua\\\/2023\\\/05\\\/17\\\/%d0%b3%d1%96%d0%b3%d0%b0%d0%bd%d1%82%d1%81%d1%8c%d0%ba%d0%b0-%d0%bb%d1%8f%d0%bb%d1%8c%d0%ba%d0%b0-%d1%81%d0%b2%d1%96%d1%82%d0%bb%d0%be%d0%b2%d0%b5-%d1%88%d0%be%d1%83-%d1%82%d0%b0-%d0%b2%d1%96%d1%80\\\/#article\",\"isPartOf\":{\"@id\":\"https:\\\/\\\/amalfrankfurt.de\\\/ua\\\/2023\\\/05\\\/17\\\/%d0%b3%d1%96%d0%b3%d0%b0%d0%bd%d1%82%d1%81%d1%8c%d0%ba%d0%b0-%d0%bb%d1%8f%d0%bb%d1%8c%d0%ba%d0%b0-%d1%81%d0%b2%d1%96%d1%82%d0%bb%d0%be%d0%b2%d0%b5-%d1%88%d0%be%d1%83-%d1%82%d0%b0-%d0%b2%d1%96%d1%80\\\/\"},\"author\":{\"name\":\"Tamriko Shosh\u0443ashvili\",\"@id\":\"https:\\\/\\\/amalfrankfurt.de\\\/ua\\\/#\\\/schema\\\/person\\\/b3095bdef4a18f6abe9390e2bbf81627\"},\"headline\":\"\u0413\u0456\u0433\u0430\u043d\u0442\u0441\u044c\u043a\u0430 \u043b\u044f\u043b\u044c\u043a\u0430, \u0441\u0432\u0456\u0442\u043b\u043e\u0432\u0435 \u0448\u043e\u0443 \u0442\u0430 \u0432\u0456\u0440\u0442\u0443\u0430\u043b\u044c\u043d\u0456 \u043e\u043a\u0443\u043b\u044f\u0440\u0438: \u043d\u0430\u0439\u0446\u0456\u043a\u0430\u0432\u0456\u0448\u0456 \u043f\u043e\u0434\u0456\u0457 \u041f\u0430\u0443\u043b\u044c\u0441\u043a\u0456\u0440\u0445\u0435\u0444\u0435\u0441\u0442\",\"datePublished\":\"2023-05-17T08:28:27+00:00\",\"dateModified\":\"2023-05-21T20:11:37+00:00\",\"mainEntityOfPage\":{\"@id\":\"https:\\\/\\\/amalfrankfurt.de\\\/ua\\\/2023\\\/05\\\/17\\\/%d0%b3%d1%96%d0%b3%d0%b0%d0%bd%d1%82%d1%81%d1%8c%d0%ba%d0%b0-%d0%bb%d1%8f%d0%bb%d1%8c%d0%ba%d0%b0-%d1%81%d0%b2%d1%96%d1%82%d0%bb%d0%be%d0%b2%d0%b5-%d1%88%d0%be%d1%83-%d1%82%d0%b0-%d0%b2%d1%96%d1%80\\\/\"},\"wordCount\":750,\"commentCount\":0,\"image\":{\"@id\":\"https:\\\/\\\/amalfrankfurt.de\\\/ua\\\/2023\\\/05\\\/17\\\/%d0%b3%d1%96%d0%b3%d0%b0%d0%bd%d1%82%d1%81%d1%8c%d0%ba%d0%b0-%d0%bb%d1%8f%d0%bb%d1%8c%d0%ba%d0%b0-%d1%81%d0%b2%d1%96%d1%82%d0%bb%d0%be%d0%b2%d0%b5-%d1%88%d0%be%d1%83-%d1%82%d0%b0-%d0%b2%d1%96%d1%80\\\/#primaryimage\"},\"thumbnailUrl\":\"https:\\\/\\\/amalfrankfurt.de\\\/wp-content\\\/uploads\\\/sites\\\/5\\\/2023\\\/05\\\/Screenshot_2023-05-17-10-07-29-029-edit_com.miui_.gallery.jpg\",\"keywords\":[\"Paulskirchenfest\",\"\u0433\u043e\u043b\u043e\u0432\u043d\u0456 \u043f\u043e\u0434\u0456\u0457\",\"\u043a\u0443\u043b\u044c\u0442\u0443\u0440\u0430\",\"\u041d\u0456\u043c\u0435\u0447\u0447\u0438\u043d\u0430\",\"\u041f\u0430\u0443\u043b\u044c\u0441\u043a\u0456\u0440\u0445\u0435\u0444\u0435\u0441\u0442\",\"\u0420\u044c\u043e\u043c\u0435\u0440\",\"\u0444\u0435\u0441\u0442\u0438\u0432\u0430\u043b\u0456\",\"\u044f\u043a \u043f\u0440\u043e\u0432\u0435\u0441\u0442\u0438 \u0432\u0438\u0445\u0456\u0434\u043d\u0456\"],\"articleSection\":[\"\u041a\u0443\u043b\u044c\u0442\u0443\u0440\u0430\"],\"inLanguage\":\"uk-UA\",\"potentialAction\":[{\"@type\":\"CommentAction\",\"name\":\"Comment\",\"target\":[\"https:\\\/\\\/amalfrankfurt.de\\\/ua\\\/2023\\\/05\\\/17\\\/%d0%b3%d1%96%d0%b3%d0%b0%d0%bd%d1%82%d1%81%d1%8c%d0%ba%d0%b0-%d0%bb%d1%8f%d0%bb%d1%8c%d0%ba%d0%b0-%d1%81%d0%b2%d1%96%d1%82%d0%bb%d0%be%d0%b2%d0%b5-%d1%88%d0%be%d1%83-%d1%82%d0%b0-%d0%b2%d1%96%d1%80\\\/#respond\"]}]},{\"@type\":\"WebPage\",\"@id\":\"https:\\\/\\\/amalfrankfurt.de\\\/ua\\\/2023\\\/05\\\/17\\\/%d0%b3%d1%96%d0%b3%d0%b0%d0%bd%d1%82%d1%81%d1%8c%d0%ba%d0%b0-%d0%bb%d1%8f%d0%bb%d1%8c%d0%ba%d0%b0-%d1%81%d0%b2%d1%96%d1%82%d0%bb%d0%be%d0%b2%d0%b5-%d1%88%d0%be%d1%83-%d1%82%d0%b0-%d0%b2%d1%96%d1%80\\\/\",\"url\":\"https:\\\/\\\/amalfrankfurt.de\\\/ua\\\/2023\\\/05\\\/17\\\/%d0%b3%d1%96%d0%b3%d0%b0%d0%bd%d1%82%d1%81%d1%8c%d0%ba%d0%b0-%d0%bb%d1%8f%d0%bb%d1%8c%d0%ba%d0%b0-%d1%81%d0%b2%d1%96%d1%82%d0%bb%d0%be%d0%b2%d0%b5-%d1%88%d0%be%d1%83-%d1%82%d0%b0-%d0%b2%d1%96%d1%80\\\/\",\"name\":\"\u0413\u0456\u0433\u0430\u043d\u0442\u0441\u044c\u043a\u0430 \u043b\u044f\u043b\u044c\u043a\u0430, \u0441\u0432\u0456\u0442\u043b\u043e\u0432\u0435 \u0448\u043e\u0443 \u0442\u0430 \u0432\u0456\u0440\u0442\u0443\u0430\u043b\u044c\u043d\u0456 \u043e\u043a\u0443\u043b\u044f\u0440\u0438: \u043d\u0430\u0439\u0446\u0456\u043a\u0430\u0432\u0456\u0448\u0456 \u043f\u043e\u0434\u0456\u0457 \u041f\u0430\u0443\u043b\u044c\u0441\u043a\u0456\u0440\u0445\u0435\u0444\u0435\u0441\u0442 - Amal, Frankfurt!\",\"isPartOf\":{\"@id\":\"https:\\\/\\\/amalfrankfurt.de\\\/ua\\\/#website\"},\"primaryImageOfPage\":{\"@id\":\"https:\\\/\\\/amalfrankfurt.de\\\/ua\\\/2023\\\/05\\\/17\\\/%d0%b3%d1%96%d0%b3%d0%b0%d0%bd%d1%82%d1%81%d1%8c%d0%ba%d0%b0-%d0%bb%d1%8f%d0%bb%d1%8c%d0%ba%d0%b0-%d1%81%d0%b2%d1%96%d1%82%d0%bb%d0%be%d0%b2%d0%b5-%d1%88%d0%be%d1%83-%d1%82%d0%b0-%d0%b2%d1%96%d1%80\\\/#primaryimage\"},\"image\":{\"@id\":\"https:\\\/\\\/amalfrankfurt.de\\\/ua\\\/2023\\\/05\\\/17\\\/%d0%b3%d1%96%d0%b3%d0%b0%d0%bd%d1%82%d1%81%d1%8c%d0%ba%d0%b0-%d0%bb%d1%8f%d0%bb%d1%8c%d0%ba%d0%b0-%d1%81%d0%b2%d1%96%d1%82%d0%bb%d0%be%d0%b2%d0%b5-%d1%88%d0%be%d1%83-%d1%82%d0%b0-%d0%b2%d1%96%d1%80\\\/#primaryimage\"},\"thumbnailUrl\":\"https:\\\/\\\/amalfrankfurt.de\\\/wp-content\\\/uploads\\\/sites\\\/5\\\/2023\\\/05\\\/Screenshot_2023-05-17-10-07-29-029-edit_com.miui_.gallery.jpg\",\"datePublished\":\"2023-05-17T08:28:27+00:00\",\"dateModified\":\"2023-05-21T20:11:37+00:00\",\"author\":{\"@id\":\"https:\\\/\\\/amalfrankfurt.de\\\/ua\\\/#\\\/schema\\\/person\\\/b3095bdef4a18f6abe9390e2bbf81627\"},\"description\":\"\u0417 18 \u043f\u043e 21 \u0442\u0440\u0430\u0432\u043d\u044f \u043c\u0456\u0441\u0442\u043e \u0424\u0440\u0430\u043d\u043a\u0444\u0443\u0440\u0442 \u0441\u0432\u044f\u0442\u043a\u0443\u0454 \u041f\u0430\u0443\u043b\u044c\u0441\u043a\u0456\u0440\u0445\u0435\u043d\u0441\u044c\u043a\u0438\u0439 \u0444\u0435\u0441\u0442\u0438\u0432\u0430\u043b\u044c (Paulskirchenfest). \u0410\u0431\u043e \u044f\u043a \u0439\u043e\u0433\u043e \u0449\u0435 \u043d\u0430\u0437\u0438\u0432\u0430\u044e\u0442\u044c\",\"breadcrumb\":{\"@id\":\"https:\\\/\\\/amalfrankfurt.de\\\/ua\\\/2023\\\/05\\\/17\\\/%d0%b3%d1%96%d0%b3%d0%b0%d0%bd%d1%82%d1%81%d1%8c%d0%ba%d0%b0-%d0%bb%d1%8f%d0%bb%d1%8c%d0%ba%d0%b0-%d1%81%d0%b2%d1%96%d1%82%d0%bb%d0%be%d0%b2%d0%b5-%d1%88%d0%be%d1%83-%d1%82%d0%b0-%d0%b2%d1%96%d1%80\\\/#breadcrumb\"},\"inLanguage\":\"uk-UA\",\"potentialAction\":[{\"@type\":\"ReadAction\",\"target\":[\"https:\\\/\\\/amalfrankfurt.de\\\/ua\\\/2023\\\/05\\\/17\\\/%d0%b3%d1%96%d0%b3%d0%b0%d0%bd%d1%82%d1%81%d1%8c%d0%ba%d0%b0-%d0%bb%d1%8f%d0%bb%d1%8c%d0%ba%d0%b0-%d1%81%d0%b2%d1%96%d1%82%d0%bb%d0%be%d0%b2%d0%b5-%d1%88%d0%be%d1%83-%d1%82%d0%b0-%d0%b2%d1%96%d1%80\\\/\"]}]},{\"@type\":\"ImageObject\",\"inLanguage\":\"uk-UA\",\"@id\":\"https:\\\/\\\/amalfrankfurt.de\\\/ua\\\/2023\\\/05\\\/17\\\/%d0%b3%d1%96%d0%b3%d0%b0%d0%bd%d1%82%d1%81%d1%8c%d0%ba%d0%b0-%d0%bb%d1%8f%d0%bb%d1%8c%d0%ba%d0%b0-%d1%81%d0%b2%d1%96%d1%82%d0%bb%d0%be%d0%b2%d0%b5-%d1%88%d0%be%d1%83-%d1%82%d0%b0-%d0%b2%d1%96%d1%80\\\/#primaryimage\",\"url\":\"https:\\\/\\\/amalfrankfurt.de\\\/wp-content\\\/uploads\\\/sites\\\/5\\\/2023\\\/05\\\/Screenshot_2023-05-17-10-07-29-029-edit_com.miui_.gallery.jpg\",\"contentUrl\":\"https:\\\/\\\/amalfrankfurt.de\\\/wp-content\\\/uploads\\\/sites\\\/5\\\/2023\\\/05\\\/Screenshot_2023-05-17-10-07-29-029-edit_com.miui_.gallery.jpg\",\"width\":1080,\"height\":831},{\"@type\":\"BreadcrumbList\",\"@id\":\"https:\\\/\\\/amalfrankfurt.de\\\/ua\\\/2023\\\/05\\\/17\\\/%d0%b3%d1%96%d0%b3%d0%b0%d0%bd%d1%82%d1%81%d1%8c%d0%ba%d0%b0-%d0%bb%d1%8f%d0%bb%d1%8c%d0%ba%d0%b0-%d1%81%d0%b2%d1%96%d1%82%d0%bb%d0%be%d0%b2%d0%b5-%d1%88%d0%be%d1%83-%d1%82%d0%b0-%d0%b2%d1%96%d1%80\\\/#breadcrumb\",\"itemListElement\":[{\"@type\":\"ListItem\",\"position\":1,\"name\":\"Home\",\"item\":\"https:\\\/\\\/amalfrankfurt.de\\\/ua\\\/\"},{\"@type\":\"ListItem\",\"position\":2,\"name\":\"\u0413\u0456\u0433\u0430\u043d\u0442\u0441\u044c\u043a\u0430 \u043b\u044f\u043b\u044c\u043a\u0430, \u0441\u0432\u0456\u0442\u043b\u043e\u0432\u0435 \u0448\u043e\u0443 \u0442\u0430 \u0432\u0456\u0440\u0442\u0443\u0430\u043b\u044c\u043d\u0456 \u043e\u043a\u0443\u043b\u044f\u0440\u0438: \u043d\u0430\u0439\u0446\u0456\u043a\u0430\u0432\u0456\u0448\u0456 \u043f\u043e\u0434\u0456\u0457 \u041f\u0430\u0443\u043b\u044c\u0441\u043a\u0456\u0440\u0445\u0435\u0444\u0435\u0441\u0442\"}]},{\"@type\":\"WebSite\",\"@id\":\"https:\\\/\\\/amalfrankfurt.de\\\/ua\\\/#website\",\"url\":\"https:\\\/\\\/amalfrankfurt.de\\\/ua\\\/\",\"name\":\"Amal, Frankfurt!\",\"description\":\"\",\"potentialAction\":[{\"@type\":\"SearchAction\",\"target\":{\"@type\":\"EntryPoint\",\"urlTemplate\":\"https:\\\/\\\/amalfrankfurt.de\\\/ua\\\/?s={search_term_string}\"},\"query-input\":{\"@type\":\"PropertyValueSpecification\",\"valueRequired\":true,\"valueName\":\"search_term_string\"}}],\"inLanguage\":\"uk-UA\"},{\"@type\":\"Person\",\"@id\":\"https:\\\/\\\/amalfrankfurt.de\\\/ua\\\/#\\\/schema\\\/person\\\/b3095bdef4a18f6abe9390e2bbf81627\",\"name\":\"Tamriko Shosh\u0443ashvili\",\"image\":{\"@type\":\"ImageObject\",\"inLanguage\":\"uk-UA\",\"@id\":\"https:\\\/\\\/amalfrankfurt.de\\\/wp-content\\\/uploads\\\/sites\\\/5\\\/2023\\\/01\\\/WhatsApp-Image-2023-01-07-at-2.35.42-PM-125x125.jpg\",\"url\":\"https:\\\/\\\/amalfrankfurt.de\\\/wp-content\\\/uploads\\\/sites\\\/5\\\/2023\\\/01\\\/WhatsApp-Image-2023-01-07-at-2.35.42-PM-125x125.jpg\",\"contentUrl\":\"https:\\\/\\\/amalfrankfurt.de\\\/wp-content\\\/uploads\\\/sites\\\/5\\\/2023\\\/01\\\/WhatsApp-Image-2023-01-07-at-2.35.42-PM-125x125.jpg\",\"caption\":\"Tamriko Shosh\u0443ashvili\"},\"description\":\"Tamriko Shoshyashvili (Tamriko Sholi) ist Journalistin, Autorin und Dozentin aus der Ukraine. Seit 2006 arbeitet sie in den Medien. 2018 hat sie eine Akademie f\u00fcr Autor:innen gegr\u00fcndet und bietet Schulungen im Schreiben von Texten und B\u00fcchern, sowie Storytelling und Social-Media-Management. Sie ist Referentin und organisiert Workshops, insbesondere zu Storytelling und Selfbranding. Sie hat zahlreiche Buchmessen und Lesungen organisiert und ist Autorin mehrerer B\u00fccher. Sie hat bereits 2014-18 in Mainz gelebt und studiert und ist 2022 zur\u00fcckgekehrt. Sie lebt mit ihrer Familie in Frankfurt.\",\"url\":\"https:\\\/\\\/amalfrankfurt.de\\\/ua\\\/author\\\/amal-tamriko\\\/\"}]}<\/script>\n<!-- \/ Yoast SEO plugin. -->","yoast_head_json":{"title":"\u0413\u0456\u0433\u0430\u043d\u0442\u0441\u044c\u043a\u0430 \u043b\u044f\u043b\u044c\u043a\u0430, \u0441\u0432\u0456\u0442\u043b\u043e\u0432\u0435 \u0448\u043e\u0443 \u0442\u0430 \u0432\u0456\u0440\u0442\u0443\u0430\u043b\u044c\u043d\u0456 \u043e\u043a\u0443\u043b\u044f\u0440\u0438: \u043d\u0430\u0439\u0446\u0456\u043a\u0430\u0432\u0456\u0448\u0456 \u043f\u043e\u0434\u0456\u0457 \u041f\u0430\u0443\u043b\u044c\u0441\u043a\u0456\u0440\u0445\u0435\u0444\u0435\u0441\u0442 - Amal, Frankfurt!","description":"\u0417 18 \u043f\u043e 21 \u0442\u0440\u0430\u0432\u043d\u044f \u043c\u0456\u0441\u0442\u043e \u0424\u0440\u0430\u043d\u043a\u0444\u0443\u0440\u0442 \u0441\u0432\u044f\u0442\u043a\u0443\u0454 \u041f\u0430\u0443\u043b\u044c\u0441\u043a\u0456\u0440\u0445\u0435\u043d\u0441\u044c\u043a\u0438\u0439 \u0444\u0435\u0441\u0442\u0438\u0432\u0430\u043b\u044c (Paulskirchenfest). \u0410\u0431\u043e \u044f\u043a \u0439\u043e\u0433\u043e \u0449\u0435 \u043d\u0430\u0437\u0438\u0432\u0430\u044e\u0442\u044c","robots":{"index":"index","follow":"follow","max-snippet":"max-snippet:-1","max-image-preview":"max-image-preview:large","max-video-preview":"max-video-preview:-1"},"canonical":"https:\/\/amalfrankfurt.de\/ua\/2023\/05\/17\/%d0%b3%d1%96%d0%b3%d0%b0%d0%bd%d1%82%d1%81%d1%8c%d0%ba%d0%b0-%d0%bb%d1%8f%d0%bb%d1%8c%d0%ba%d0%b0-%d1%81%d0%b2%d1%96%d1%82%d0%bb%d0%be%d0%b2%d0%b5-%d1%88%d0%be%d1%83-%d1%82%d0%b0-%d0%b2%d1%96%d1%80\/","og_locale":"uk_UA","og_type":"article","og_title":"\u0413\u0456\u0433\u0430\u043d\u0442\u0441\u044c\u043a\u0430 \u043b\u044f\u043b\u044c\u043a\u0430, \u0441\u0432\u0456\u0442\u043b\u043e\u0432\u0435 \u0448\u043e\u0443 \u0442\u0430 \u0432\u0456\u0440\u0442\u0443\u0430\u043b\u044c\u043d\u0456 \u043e\u043a\u0443\u043b\u044f\u0440\u0438: \u043d\u0430\u0439\u0446\u0456\u043a\u0430\u0432\u0456\u0448\u0456 \u043f\u043e\u0434\u0456\u0457 \u041f\u0430\u0443\u043b\u044c\u0441\u043a\u0456\u0440\u0445\u0435\u0444\u0435\u0441\u0442 - Amal, Frankfurt!","og_description":"\u0417 18 \u043f\u043e 21 \u0442\u0440\u0430\u0432\u043d\u044f \u043c\u0456\u0441\u0442\u043e \u0424\u0440\u0430\u043d\u043a\u0444\u0443\u0440\u0442 \u0441\u0432\u044f\u0442\u043a\u0443\u0454 \u041f\u0430\u0443\u043b\u044c\u0441\u043a\u0456\u0440\u0445\u0435\u043d\u0441\u044c\u043a\u0438\u0439 \u0444\u0435\u0441\u0442\u0438\u0432\u0430\u043b\u044c (Paulskirchenfest). \u0410\u0431\u043e \u044f\u043a \u0439\u043e\u0433\u043e \u0449\u0435 \u043d\u0430\u0437\u0438\u0432\u0430\u044e\u0442\u044c","og_url":"https:\/\/amalfrankfurt.de\/ua\/2023\/05\/17\/%d0%b3%d1%96%d0%b3%d0%b0%d0%bd%d1%82%d1%81%d1%8c%d0%ba%d0%b0-%d0%bb%d1%8f%d0%bb%d1%8c%d0%ba%d0%b0-%d1%81%d0%b2%d1%96%d1%82%d0%bb%d0%be%d0%b2%d0%b5-%d1%88%d0%be%d1%83-%d1%82%d0%b0-%d0%b2%d1%96%d1%80\/","og_site_name":"Amal, Frankfurt!","article_published_time":"2023-05-17T08:28:27+00:00","article_modified_time":"2023-05-21T20:11:37+00:00","og_image":[{"width":1080,"height":831,"url":"https:\/\/amalfrankfurt.de\/wp-content\/uploads\/sites\/5\/2023\/05\/Screenshot_2023-05-17-10-07-29-029-edit_com.miui_.gallery.jpg","type":"image\/jpeg"}],"author":"Tamriko Shosh\u0443ashvili","twitter_card":"summary_large_image","twitter_misc":{"Written by":"Tamriko Shosh\u0443ashvili","Est. reading time":"5 minutes"},"schema":{"@context":"https:\/\/schema.org","@graph":[{"@type":"Article","@id":"https:\/\/amalfrankfurt.de\/ua\/2023\/05\/17\/%d0%b3%d1%96%d0%b3%d0%b0%d0%bd%d1%82%d1%81%d1%8c%d0%ba%d0%b0-%d0%bb%d1%8f%d0%bb%d1%8c%d0%ba%d0%b0-%d1%81%d0%b2%d1%96%d1%82%d0%bb%d0%be%d0%b2%d0%b5-%d1%88%d0%be%d1%83-%d1%82%d0%b0-%d0%b2%d1%96%d1%80\/#article","isPartOf":{"@id":"https:\/\/amalfrankfurt.de\/ua\/2023\/05\/17\/%d0%b3%d1%96%d0%b3%d0%b0%d0%bd%d1%82%d1%81%d1%8c%d0%ba%d0%b0-%d0%bb%d1%8f%d0%bb%d1%8c%d0%ba%d0%b0-%d1%81%d0%b2%d1%96%d1%82%d0%bb%d0%be%d0%b2%d0%b5-%d1%88%d0%be%d1%83-%d1%82%d0%b0-%d0%b2%d1%96%d1%80\/"},"author":{"name":"Tamriko Shosh\u0443ashvili","@id":"https:\/\/amalfrankfurt.de\/ua\/#\/schema\/person\/b3095bdef4a18f6abe9390e2bbf81627"},"headline":"\u0413\u0456\u0433\u0430\u043d\u0442\u0441\u044c\u043a\u0430 \u043b\u044f\u043b\u044c\u043a\u0430, \u0441\u0432\u0456\u0442\u043b\u043e\u0432\u0435 \u0448\u043e\u0443 \u0442\u0430 \u0432\u0456\u0440\u0442\u0443\u0430\u043b\u044c\u043d\u0456 \u043e\u043a\u0443\u043b\u044f\u0440\u0438: \u043d\u0430\u0439\u0446\u0456\u043a\u0430\u0432\u0456\u0448\u0456 \u043f\u043e\u0434\u0456\u0457 \u041f\u0430\u0443\u043b\u044c\u0441\u043a\u0456\u0440\u0445\u0435\u0444\u0435\u0441\u0442","datePublished":"2023-05-17T08:28:27+00:00","dateModified":"2023-05-21T20:11:37+00:00","mainEntityOfPage":{"@id":"https:\/\/amalfrankfurt.de\/ua\/2023\/05\/17\/%d0%b3%d1%96%d0%b3%d0%b0%d0%bd%d1%82%d1%81%d1%8c%d0%ba%d0%b0-%d0%bb%d1%8f%d0%bb%d1%8c%d0%ba%d0%b0-%d1%81%d0%b2%d1%96%d1%82%d0%bb%d0%be%d0%b2%d0%b5-%d1%88%d0%be%d1%83-%d1%82%d0%b0-%d0%b2%d1%96%d1%80\/"},"wordCount":750,"commentCount":0,"image":{"@id":"https:\/\/amalfrankfurt.de\/ua\/2023\/05\/17\/%d0%b3%d1%96%d0%b3%d0%b0%d0%bd%d1%82%d1%81%d1%8c%d0%ba%d0%b0-%d0%bb%d1%8f%d0%bb%d1%8c%d0%ba%d0%b0-%d1%81%d0%b2%d1%96%d1%82%d0%bb%d0%be%d0%b2%d0%b5-%d1%88%d0%be%d1%83-%d1%82%d0%b0-%d0%b2%d1%96%d1%80\/#primaryimage"},"thumbnailUrl":"https:\/\/amalfrankfurt.de\/wp-content\/uploads\/sites\/5\/2023\/05\/Screenshot_2023-05-17-10-07-29-029-edit_com.miui_.gallery.jpg","keywords":["Paulskirchenfest","\u0433\u043e\u043b\u043e\u0432\u043d\u0456 \u043f\u043e\u0434\u0456\u0457","\u043a\u0443\u043b\u044c\u0442\u0443\u0440\u0430","\u041d\u0456\u043c\u0435\u0447\u0447\u0438\u043d\u0430","\u041f\u0430\u0443\u043b\u044c\u0441\u043a\u0456\u0440\u0445\u0435\u0444\u0435\u0441\u0442","\u0420\u044c\u043e\u043c\u0435\u0440","\u0444\u0435\u0441\u0442\u0438\u0432\u0430\u043b\u0456","\u044f\u043a \u043f\u0440\u043e\u0432\u0435\u0441\u0442\u0438 \u0432\u0438\u0445\u0456\u0434\u043d\u0456"],"articleSection":["\u041a\u0443\u043b\u044c\u0442\u0443\u0440\u0430"],"inLanguage":"uk-UA","potentialAction":[{"@type":"CommentAction","name":"Comment","target":["https:\/\/amalfrankfurt.de\/ua\/2023\/05\/17\/%d0%b3%d1%96%d0%b3%d0%b0%d0%bd%d1%82%d1%81%d1%8c%d0%ba%d0%b0-%d0%bb%d1%8f%d0%bb%d1%8c%d0%ba%d0%b0-%d1%81%d0%b2%d1%96%d1%82%d0%bb%d0%be%d0%b2%d0%b5-%d1%88%d0%be%d1%83-%d1%82%d0%b0-%d0%b2%d1%96%d1%80\/#respond"]}]},{"@type":"WebPage","@id":"https:\/\/amalfrankfurt.de\/ua\/2023\/05\/17\/%d0%b3%d1%96%d0%b3%d0%b0%d0%bd%d1%82%d1%81%d1%8c%d0%ba%d0%b0-%d0%bb%d1%8f%d0%bb%d1%8c%d0%ba%d0%b0-%d1%81%d0%b2%d1%96%d1%82%d0%bb%d0%be%d0%b2%d0%b5-%d1%88%d0%be%d1%83-%d1%82%d0%b0-%d0%b2%d1%96%d1%80\/","url":"https:\/\/amalfrankfurt.de\/ua\/2023\/05\/17\/%d0%b3%d1%96%d0%b3%d0%b0%d0%bd%d1%82%d1%81%d1%8c%d0%ba%d0%b0-%d0%bb%d1%8f%d0%bb%d1%8c%d0%ba%d0%b0-%d1%81%d0%b2%d1%96%d1%82%d0%bb%d0%be%d0%b2%d0%b5-%d1%88%d0%be%d1%83-%d1%82%d0%b0-%d0%b2%d1%96%d1%80\/","name":"\u0413\u0456\u0433\u0430\u043d\u0442\u0441\u044c\u043a\u0430 \u043b\u044f\u043b\u044c\u043a\u0430, \u0441\u0432\u0456\u0442\u043b\u043e\u0432\u0435 \u0448\u043e\u0443 \u0442\u0430 \u0432\u0456\u0440\u0442\u0443\u0430\u043b\u044c\u043d\u0456 \u043e\u043a\u0443\u043b\u044f\u0440\u0438: \u043d\u0430\u0439\u0446\u0456\u043a\u0430\u0432\u0456\u0448\u0456 \u043f\u043e\u0434\u0456\u0457 \u041f\u0430\u0443\u043b\u044c\u0441\u043a\u0456\u0440\u0445\u0435\u0444\u0435\u0441\u0442 - Amal, Frankfurt!","isPartOf":{"@id":"https:\/\/amalfrankfurt.de\/ua\/#website"},"primaryImageOfPage":{"@id":"https:\/\/amalfrankfurt.de\/ua\/2023\/05\/17\/%d0%b3%d1%96%d0%b3%d0%b0%d0%bd%d1%82%d1%81%d1%8c%d0%ba%d0%b0-%d0%bb%d1%8f%d0%bb%d1%8c%d0%ba%d0%b0-%d1%81%d0%b2%d1%96%d1%82%d0%bb%d0%be%d0%b2%d0%b5-%d1%88%d0%be%d1%83-%d1%82%d0%b0-%d0%b2%d1%96%d1%80\/#primaryimage"},"image":{"@id":"https:\/\/amalfrankfurt.de\/ua\/2023\/05\/17\/%d0%b3%d1%96%d0%b3%d0%b0%d0%bd%d1%82%d1%81%d1%8c%d0%ba%d0%b0-%d0%bb%d1%8f%d0%bb%d1%8c%d0%ba%d0%b0-%d1%81%d0%b2%d1%96%d1%82%d0%bb%d0%be%d0%b2%d0%b5-%d1%88%d0%be%d1%83-%d1%82%d0%b0-%d0%b2%d1%96%d1%80\/#primaryimage"},"thumbnailUrl":"https:\/\/amalfrankfurt.de\/wp-content\/uploads\/sites\/5\/2023\/05\/Screenshot_2023-05-17-10-07-29-029-edit_com.miui_.gallery.jpg","datePublished":"2023-05-17T08:28:27+00:00","dateModified":"2023-05-21T20:11:37+00:00","author":{"@id":"https:\/\/amalfrankfurt.de\/ua\/#\/schema\/person\/b3095bdef4a18f6abe9390e2bbf81627"},"description":"\u0417 18 \u043f\u043e 21 \u0442\u0440\u0430\u0432\u043d\u044f \u043c\u0456\u0441\u0442\u043e \u0424\u0440\u0430\u043d\u043a\u0444\u0443\u0440\u0442 \u0441\u0432\u044f\u0442\u043a\u0443\u0454 \u041f\u0430\u0443\u043b\u044c\u0441\u043a\u0456\u0440\u0445\u0435\u043d\u0441\u044c\u043a\u0438\u0439 \u0444\u0435\u0441\u0442\u0438\u0432\u0430\u043b\u044c (Paulskirchenfest). \u0410\u0431\u043e \u044f\u043a \u0439\u043e\u0433\u043e \u0449\u0435 \u043d\u0430\u0437\u0438\u0432\u0430\u044e\u0442\u044c","breadcrumb":{"@id":"https:\/\/amalfrankfurt.de\/ua\/2023\/05\/17\/%d0%b3%d1%96%d0%b3%d0%b0%d0%bd%d1%82%d1%81%d1%8c%d0%ba%d0%b0-%d0%bb%d1%8f%d0%bb%d1%8c%d0%ba%d0%b0-%d1%81%d0%b2%d1%96%d1%82%d0%bb%d0%be%d0%b2%d0%b5-%d1%88%d0%be%d1%83-%d1%82%d0%b0-%d0%b2%d1%96%d1%80\/#breadcrumb"},"inLanguage":"uk-UA","potentialAction":[{"@type":"ReadAction","target":["https:\/\/amalfrankfurt.de\/ua\/2023\/05\/17\/%d0%b3%d1%96%d0%b3%d0%b0%d0%bd%d1%82%d1%81%d1%8c%d0%ba%d0%b0-%d0%bb%d1%8f%d0%bb%d1%8c%d0%ba%d0%b0-%d1%81%d0%b2%d1%96%d1%82%d0%bb%d0%be%d0%b2%d0%b5-%d1%88%d0%be%d1%83-%d1%82%d0%b0-%d0%b2%d1%96%d1%80\/"]}]},{"@type":"ImageObject","inLanguage":"uk-UA","@id":"https:\/\/amalfrankfurt.de\/ua\/2023\/05\/17\/%d0%b3%d1%96%d0%b3%d0%b0%d0%bd%d1%82%d1%81%d1%8c%d0%ba%d0%b0-%d0%bb%d1%8f%d0%bb%d1%8c%d0%ba%d0%b0-%d1%81%d0%b2%d1%96%d1%82%d0%bb%d0%be%d0%b2%d0%b5-%d1%88%d0%be%d1%83-%d1%82%d0%b0-%d0%b2%d1%96%d1%80\/#primaryimage","url":"https:\/\/amalfrankfurt.de\/wp-content\/uploads\/sites\/5\/2023\/05\/Screenshot_2023-05-17-10-07-29-029-edit_com.miui_.gallery.jpg","contentUrl":"https:\/\/amalfrankfurt.de\/wp-content\/uploads\/sites\/5\/2023\/05\/Screenshot_2023-05-17-10-07-29-029-edit_com.miui_.gallery.jpg","width":1080,"height":831},{"@type":"BreadcrumbList","@id":"https:\/\/amalfrankfurt.de\/ua\/2023\/05\/17\/%d0%b3%d1%96%d0%b3%d0%b0%d0%bd%d1%82%d1%81%d1%8c%d0%ba%d0%b0-%d0%bb%d1%8f%d0%bb%d1%8c%d0%ba%d0%b0-%d1%81%d0%b2%d1%96%d1%82%d0%bb%d0%be%d0%b2%d0%b5-%d1%88%d0%be%d1%83-%d1%82%d0%b0-%d0%b2%d1%96%d1%80\/#breadcrumb","itemListElement":[{"@type":"ListItem","position":1,"name":"Home","item":"https:\/\/amalfrankfurt.de\/ua\/"},{"@type":"ListItem","position":2,"name":"\u0413\u0456\u0433\u0430\u043d\u0442\u0441\u044c\u043a\u0430 \u043b\u044f\u043b\u044c\u043a\u0430, \u0441\u0432\u0456\u0442\u043b\u043e\u0432\u0435 \u0448\u043e\u0443 \u0442\u0430 \u0432\u0456\u0440\u0442\u0443\u0430\u043b\u044c\u043d\u0456 \u043e\u043a\u0443\u043b\u044f\u0440\u0438: \u043d\u0430\u0439\u0446\u0456\u043a\u0430\u0432\u0456\u0448\u0456 \u043f\u043e\u0434\u0456\u0457 \u041f\u0430\u0443\u043b\u044c\u0441\u043a\u0456\u0440\u0445\u0435\u0444\u0435\u0441\u0442"}]},{"@type":"WebSite","@id":"https:\/\/amalfrankfurt.de\/ua\/#website","url":"https:\/\/amalfrankfurt.de\/ua\/","name":"Amal, Frankfurt!","description":"","potentialAction":[{"@type":"SearchAction","target":{"@type":"EntryPoint","urlTemplate":"https:\/\/amalfrankfurt.de\/ua\/?s={search_term_string}"},"query-input":{"@type":"PropertyValueSpecification","valueRequired":true,"valueName":"search_term_string"}}],"inLanguage":"uk-UA"},{"@type":"Person","@id":"https:\/\/amalfrankfurt.de\/ua\/#\/schema\/person\/b3095bdef4a18f6abe9390e2bbf81627","name":"Tamriko Shosh\u0443ashvili","image":{"@type":"ImageObject","inLanguage":"uk-UA","@id":"https:\/\/amalfrankfurt.de\/wp-content\/uploads\/sites\/5\/2023\/01\/WhatsApp-Image-2023-01-07-at-2.35.42-PM-125x125.jpg","url":"https:\/\/amalfrankfurt.de\/wp-content\/uploads\/sites\/5\/2023\/01\/WhatsApp-Image-2023-01-07-at-2.35.42-PM-125x125.jpg","contentUrl":"https:\/\/amalfrankfurt.de\/wp-content\/uploads\/sites\/5\/2023\/01\/WhatsApp-Image-2023-01-07-at-2.35.42-PM-125x125.jpg","caption":"Tamriko Shosh\u0443ashvili"},"description":"Tamriko Shoshyashvili (Tamriko Sholi) ist Journalistin, Autorin und Dozentin aus der Ukraine. Seit 2006 arbeitet sie in den Medien. 2018 hat sie eine Akademie f\u00fcr Autor:innen gegr\u00fcndet und bietet Schulungen im Schreiben von Texten und B\u00fcchern, sowie Storytelling und Social-Media-Management. Sie ist Referentin und organisiert Workshops, insbesondere zu Storytelling und Selfbranding. Sie hat zahlreiche Buchmessen und Lesungen organisiert und ist Autorin mehrerer B\u00fccher. Sie hat bereits 2014-18 in Mainz gelebt und studiert und ist 2022 zur\u00fcckgekehrt. Sie lebt mit ihrer Familie in Frankfurt.","url":"https:\/\/amalfrankfurt.de\/ua\/author\/amal-tamriko\/"}]}},"_links":{"self":[{"href":"https:\/\/amalfrankfurt.de\/ua\/wp-json\/wp\/v2\/posts\/174794","targetHints":{"allow":["GET"]}}],"collection":[{"href":"https:\/\/amalfrankfurt.de\/ua\/wp-json\/wp\/v2\/posts"}],"about":[{"href":"https:\/\/amalfrankfurt.de\/ua\/wp-json\/wp\/v2\/types\/post"}],"author":[{"embeddable":true,"href":"https:\/\/amalfrankfurt.de\/ua\/wp-json\/wp\/v2\/users\/46"}],"replies":[{"embeddable":true,"href":"https:\/\/amalfrankfurt.de\/ua\/wp-json\/wp\/v2\/comments?post=174794"}],"version-history":[{"count":3,"href":"https:\/\/amalfrankfurt.de\/ua\/wp-json\/wp\/v2\/posts\/174794\/revisions"}],"predecessor-version":[{"id":174826,"href":"https:\/\/amalfrankfurt.de\/ua\/wp-json\/wp\/v2\/posts\/174794\/revisions\/174826"}],"wp:featuredmedia":[{"embeddable":true,"href":"https:\/\/amalfrankfurt.de\/ua\/wp-json\/wp\/v2\/media\/174820"}],"wp:attachment":[{"href":"https:\/\/amalfrankfurt.de\/ua\/wp-json\/wp\/v2\/media?parent=174794"}],"wp:term":[{"taxonomy":"category","embeddable":true,"href":"https:\/\/amalfrankfurt.de\/ua\/wp-json\/wp\/v2\/categories?post=174794"},{"taxonomy":"post_tag","embeddable":true,"href":"https:\/\/amalfrankfurt.de\/ua\/wp-json\/wp\/v2\/tags?post=174794"}],"curies":[{"name":"wp","href":"https:\/\/api.w.org\/{rel}","templated":true}]}}