{"id":244282,"date":"2025-12-18T09:52:22","date_gmt":"2025-12-18T08:52:22","guid":{"rendered":"https:\/\/amalfrankfurt.de\/?p=244282"},"modified":"2025-12-18T09:57:54","modified_gmt":"2025-12-18T08:57:54","slug":"der-amal-jahresrueckblick-2025","status":"publish","type":"post","link":"https:\/\/amalfrankfurt.de\/de\/2025\/12\/18\/der-amal-jahresrueckblick-2025\/","title":{"rendered":"Der Amal Jahresr\u00fcckblick 2025"},"content":{"rendered":"<div class=\"I_ZkbNhI D_FY W_6D6F\" data-test-id=\"message-view-body\">\n<div class=\"msg-body P_wpofO mq_AS\" data-test-id=\"message-view-body-content\">\n<div class=\"jb_0 X_6MGW N_6Fd5\">\n<div>\n<div id=\"yiv4988740114\">\n<div>\n<table class=\"yiv4988740114nl2go-body-table\" role=\"presentation\" border=\"0\" width=\"100%\" cellspacing=\"0\" cellpadding=\"0\">\n<tbody>\n<tr>\n<td>\n<table class=\"yiv4988740114r0-o\" role=\"presentation\" border=\"0\" width=\"600\" cellspacing=\"0\" cellpadding=\"0\" align=\"center\">\n<tbody>\n<tr>\n<td class=\"yiv4988740114r1-i\" valign=\"top\">\n<table class=\"yiv4988740114r3-o\" role=\"presentation\" border=\"0\" width=\"100%\" cellspacing=\"0\" cellpadding=\"0\" align=\"center\">\n<tbody>\n<tr>\n<td class=\"yiv4988740114r10-i\">\n<table role=\"presentation\" border=\"0\" width=\"100%\" cellspacing=\"0\" cellpadding=\"0\">\n<tbody>\n<tr>\n<th class=\"yiv4988740114r5-c\" valign=\"top\" width=\"100%\">\n<table class=\"yiv4988740114r7-o\" role=\"presentation\" border=\"0\" width=\"100%\" cellspacing=\"0\" cellpadding=\"0\" align=\"left\">\n<tbody>\n<tr>\n<td class=\"yiv4988740114r12-i yiv4988740114nl2go-default-textstyle\" align=\"left\" valign=\"top\">\n<div>\n<p>F\u00fcr den Fall, dass Sie in diesen Tagen im Jahresendspurt sind und zu besch\u00e4ftigt, den Newsletter bis zum Ende zu lesen, kommt hier schon einmal das Wichtigste vorab:<\/p>\n<p>Wir w\u00fcnschen allen unseren Leser:innen frohe Feiertage und einen guten Start ins neue Jahr! Vielen Dank, dass Sie uns begleiten und unterst\u00fctzen. Das bedeutet uns sehr\u00a0viel!<\/p>\n<p>Wir freuen uns auch, wenn Sie sich noch die sieben Minuten Zeit nehmen und mit uns auf das Jahr zur\u00fcckschauen, das wohl das aufregendste, schlimmste, fantastischste und auf jeden Fall ein ganz besonderes\u00a0Jahr in unserer Geschichte war.<\/p>\n<\/div>\n<\/td>\n<\/tr>\n<\/tbody>\n<\/table>\n<table class=\"yiv4988740114r7-o\" role=\"presentation\" border=\"0\" width=\"100%\" cellspacing=\"0\" cellpadding=\"0\" align=\"left\">\n<tbody>\n<tr>\n<td class=\"yiv4988740114r13-i yiv4988740114nl2go-default-textstyle\" align=\"left\" valign=\"top\">\n<div>\n<h2 class=\"yiv4988740114default-heading2\">Gr\u00fcndung Amal News gGmbH<\/h2>\n<\/div>\n<\/td>\n<\/tr>\n<\/tbody>\n<\/table>\n<table class=\"yiv4988740114r11-o\" role=\"presentation\" border=\"0\" width=\"580\" cellspacing=\"0\" cellpadding=\"0\" align=\"center\">\n<tbody>\n<tr>\n<td class=\"yiv4988740114r14-i\"><img loading=\"lazy\" decoding=\"async\" class=\"alignnone\" src=\"https:\/\/ecp.yusercontent.com\/mail?url=https%3A%2F%2Ff1u1d.img.ag.d.sendibm3.com%2Fim%2Fsh%2FUwC2Yoe9Kx_v.png%3Fu%3D1vcqsYC5HMzcSMolCp4WeT3EmpDom8&amp;t=1766047563&amp;ymreqid=7b487ecc-e939-618c-1c9a-9e0021019000&amp;sig=WKFb9J.8JZUqX511faolPw--~D\" alt=\"\" width=\"580\" height=\"580\" border=\"0\" \/><\/td>\n<\/tr>\n<\/tbody>\n<\/table>\n<table class=\"yiv4988740114r7-o\" role=\"presentation\" border=\"0\" width=\"100%\" cellspacing=\"0\" cellpadding=\"0\" align=\"left\">\n<tbody>\n<tr>\n<td class=\"yiv4988740114r12-i yiv4988740114nl2go-default-textstyle\" align=\"left\" valign=\"top\">\n<div>\n<p>Mit dem Jahresanfang 2025 hat die neugegr\u00fcndete Amal News gGmbH ihren Betrieb aufgenommen. Vorher war Amal ein Teil des Gemeinschaftswerkes der Evangelischen Publizistik GEP und nun sind wir als Tochtergesellschaft unabh\u00e4ngiger und k\u00f6nnen flexibler auf aktuelle Entwicklungen reagieren. Von diesen gro\u00dfen Ver\u00e4nderungen (f\u00fcr uns\u00a0bedeutete es neue Aufgaben, neue Software und neue Arbeitsvertr\u00e4ge) haben unsere Leser:innen nur wenig mitbekommen. Kein Wunder, denn die waren Anfang 2025 mit anderen Dingen besch\u00e4ftigt. Viele starrten wie Kaninchen vor der Schlange auf den Bundestagswahlkampf: Wann passiert der <a href=\"https:\/\/f1u1d.r.ag.d.sendibm3.com\/mk\/cl\/f\/sh\/6rqJfgq8dINmNpYprseY6zWaF9E\/4QDTRVD5LbN0\" target=\"_blank\" rel=\"nofollow noopener noreferrer\">n\u00e4chste Anschlag<\/a>? Wo eine <a href=\"https:\/\/f1u1d.r.ag.d.sendibm3.com\/mk\/cl\/f\/sh\/6rqJfgq8dIPRQHqzMC462aeVsSG\/h20xwEU5THt4\" target=\"_blank\" rel=\"nofollow noopener noreferrer\">Messerattacke<\/a>? Die <a href=\"https:\/\/f1u1d.r.ag.d.sendibm3.com\/mk\/cl\/f\/sh\/6rqJfgq8dIR6Sk98qVTdyBmRVlI\/XlxCj8evM1xo\" target=\"_blank\" rel=\"nofollow noopener noreferrer\">scharfen Positionen<\/a> gegen Migration im Wahlkampf brachten vielen <a href=\"https:\/\/f1u1d.r.ag.d.sendibm3.com\/mk\/cl\/f\/sh\/6rqJfgq8dISlVCRIKotBtmuN94K\/OsSxhFLa_YLr\" target=\"_blank\" rel=\"nofollow noopener noreferrer\">schlaflose N\u00e4chte<\/a>. Da kamen die gro\u00dfen bunten Demos gegen die Zusammenarbeit der CDU mit der AfD als kurzfristiger Stimmungsaufheller gerade recht.<\/p>\n<\/div>\n<\/td>\n<\/tr>\n<\/tbody>\n<\/table>\n<table class=\"yiv4988740114r3-o\" role=\"presentation\" border=\"0\" width=\"580\" cellspacing=\"0\" cellpadding=\"0\" align=\"center\">\n<tbody>\n<tr>\n<td class=\"yiv4988740114r14-i\"><img loading=\"lazy\" decoding=\"async\" class=\"alignnone\" src=\"https:\/\/ecp.yusercontent.com\/mail?url=https%3A%2F%2Ff1u1d.img.ag.d.sendibm3.com%2Fim%2Fsh%2F5EUnr_GDv9i-.jpeg%3Fu%3D1vcqsYC5HMzcSOTnf7E0xsbANx9S5A&amp;t=1766047563&amp;ymreqid=7b487ecc-e939-618c-1c9a-9e0021019000&amp;sig=lj.g98m2rbtkdI3OhZ5dHg--~D\" alt=\"\" width=\"580\" height=\"580\" border=\"0\" \/><\/td>\n<\/tr>\n<\/tbody>\n<\/table>\n<table class=\"yiv4988740114r7-o\" role=\"presentation\" border=\"0\" width=\"100%\" cellspacing=\"0\" cellpadding=\"0\" align=\"left\">\n<tbody>\n<tr>\n<td class=\"yiv4988740114r12-i yiv4988740114nl2go-default-textstyle\" align=\"left\" valign=\"top\">\n<div>\n<h2 class=\"yiv4988740114default-heading2\">Amal, Frankfurt! x Uni Mainz im Wahlkampf<\/h2>\n<\/div>\n<\/td>\n<\/tr>\n<\/tbody>\n<\/table>\n<\/th>\n<\/tr>\n<\/tbody>\n<\/table>\n<\/td>\n<\/tr>\n<\/tbody>\n<\/table>\n<table class=\"yiv4988740114r3-o\" role=\"presentation\" border=\"0\" width=\"100%\" cellspacing=\"0\" cellpadding=\"0\" align=\"center\">\n<tbody>\n<tr>\n<td class=\"yiv4988740114r15-i\">\n<table role=\"presentation\" border=\"0\" width=\"100%\" cellspacing=\"0\" cellpadding=\"0\">\n<tbody>\n<tr>\n<th class=\"yiv4988740114r5-c\" valign=\"top\" width=\"100%\">\n<table class=\"yiv4988740114r6-o\" role=\"presentation\" border=\"0\" width=\"100%\" cellspacing=\"0\" cellpadding=\"0\">\n<tbody>\n<tr>\n<td class=\"yiv4988740114r16-i\" valign=\"top\">\n<table role=\"presentation\" border=\"0\" width=\"100%\" cellspacing=\"0\" cellpadding=\"0\">\n<tbody>\n<tr>\n<td class=\"yiv4988740114r17-c yiv4988740114nl2go-default-textstyle\" align=\"left\">\n<div>\n<p>Gemeinsam mit den Studierenden der Uni Mainz und deren Professorin Katja Schupp und der Dozentin Gabi Glasst\u00e4tter organisierte das Team von Amal in Frankfurt eine Kampagne zur Bundestagswahl. Neue W\u00e4hler:innen mit arabischen, afghanischen und ukrainischer Herkunft wurden vorgestellt und nach ihrer Meinung gefragt. Ziel: Neuw\u00e4hler:innen motivieren und zudem die Politik darauf aufmerksam machen, dass es eine wachsende Zahl von Stimmen mit Migrationshintergrund gibt. Im kleinen hat dies super funktioniert: Unsere Kollegin Souzan Nassri wurde als B\u00fcrgerin in die SWR-Wahlarena eingeladen und durfte den Politiker:innen eine Frage stellen.<\/p>\n<\/div>\n<\/td>\n<\/tr>\n<\/tbody>\n<\/table>\n<\/td>\n<\/tr>\n<\/tbody>\n<\/table>\n<\/th>\n<\/tr>\n<\/tbody>\n<\/table>\n<\/td>\n<\/tr>\n<\/tbody>\n<\/table>\n<table class=\"yiv4988740114r3-o\" role=\"presentation\" border=\"0\" width=\"100%\" cellspacing=\"0\" cellpadding=\"0\" align=\"center\">\n<tbody>\n<tr>\n<td class=\"yiv4988740114r15-i\">\n<table role=\"presentation\" border=\"0\" width=\"100%\" cellspacing=\"0\" cellpadding=\"0\">\n<tbody>\n<tr>\n<th class=\"yiv4988740114r5-c\" valign=\"top\" width=\"100%\">\n<table class=\"yiv4988740114r6-o\" role=\"presentation\" border=\"0\" width=\"100%\" cellspacing=\"0\" cellpadding=\"0\">\n<tbody>\n<tr>\n<td class=\"yiv4988740114r16-i\" valign=\"top\">\n<table role=\"presentation\" border=\"0\" width=\"100%\" cellspacing=\"0\" cellpadding=\"0\">\n<tbody>\n<tr>\n<td class=\"yiv4988740114r18-c\" align=\"center\"><img loading=\"lazy\" decoding=\"async\" class=\"alignnone\" src=\"https:\/\/ecp.yusercontent.com\/mail?url=https%3A%2F%2Ff1u1d.img.ag.d.sendibm3.com%2Fim%2Fsh%2Fz7Rys7W8REC1.png%3Fu%3D1vcqsYC5HMzcSQ8q7PNVHI95z555OC&amp;t=1766047563&amp;ymreqid=7b487ecc-e939-618c-1c9a-9e0021019000&amp;sig=FCzNlqvX_.V4O1FnuE7Xjw--~D\" alt=\"\" width=\"570\" height=\"570\" border=\"0\" \/><\/td>\n<\/tr>\n<tr>\n<td class=\"yiv4988740114r19-c yiv4988740114nl2go-default-textstyle\" align=\"left\">\n<div>\n<h2 class=\"yiv4988740114default-heading2\">Neuanfang in Syrien<\/h2>\n<\/div>\n<\/td>\n<\/tr>\n<\/tbody>\n<\/table>\n<\/td>\n<\/tr>\n<\/tbody>\n<\/table>\n<\/th>\n<\/tr>\n<\/tbody>\n<\/table>\n<\/td>\n<\/tr>\n<\/tbody>\n<\/table>\n<table class=\"yiv4988740114r3-o\" role=\"presentation\" border=\"0\" width=\"100%\" cellspacing=\"0\" cellpadding=\"0\" align=\"center\">\n<tbody>\n<tr>\n<td class=\"yiv4988740114r15-i\">\n<table role=\"presentation\" border=\"0\" width=\"100%\" cellspacing=\"0\" cellpadding=\"0\">\n<tbody>\n<tr>\n<th class=\"yiv4988740114r5-c\" valign=\"top\" width=\"100%\">\n<table class=\"yiv4988740114r6-o\" role=\"presentation\" border=\"0\" width=\"100%\" cellspacing=\"0\" cellpadding=\"0\">\n<tbody>\n<tr>\n<td class=\"yiv4988740114r16-i\" valign=\"top\">\n<table role=\"presentation\" border=\"0\" width=\"100%\" cellspacing=\"0\" cellpadding=\"0\">\n<tbody>\n<tr>\n<td class=\"yiv4988740114r17-c yiv4988740114nl2go-default-textstyle\" align=\"left\">\n<div>\n<p>Im Januar, im Februar und im Juli organisierte Amal jeweils mit anderen Partnern Diskussionsrunden zum Thema Neuanfang in Syrien. Dabei beobachteten wir (leider) dass die Bereitschaft der Syrer:innen in Deutschland, miteinander zu diskutieren, immer mehr abgenommen hat. Bei unserem ersten runden Tisch im Januar war noch gro\u00dfe Aufbruchstimmung und Neugier aufeinander. &#8222;Toll, dass wir hier alle Themen auf den Tisch packen k\u00f6nnen und nicht so viel unterm Tisch getreten wird&#8220;, sagte eine der Teilnehmenden nach dem Event. Hoffen wir, dass wir m\u00f6glichst bald wieder dahin kommen.<\/p>\n<\/div>\n<\/td>\n<\/tr>\n<tr>\n<td class=\"yiv4988740114r18-c\" align=\"center\"><img loading=\"lazy\" decoding=\"async\" class=\"alignnone\" src=\"https:\/\/ecp.yusercontent.com\/mail?url=https%3A%2F%2Ff1u1d.img.ag.d.sendibm3.com%2Fim%2Fsh%2FUHWr2hwYiW3O.jpeg%3Fu%3D1vcqsYC5HMzcSRnsZhWzahh1aD0ihE&amp;t=1766047563&amp;ymreqid=7b487ecc-e939-618c-1c9a-9e0021019000&amp;sig=HTZ.kkEHkoQFR0xAGb8FEQ--~D\" alt=\"\" width=\"570\" height=\"570\" border=\"0\" \/><\/td>\n<\/tr>\n<\/tbody>\n<\/table>\n<\/td>\n<\/tr>\n<\/tbody>\n<\/table>\n<\/th>\n<\/tr>\n<\/tbody>\n<\/table>\n<\/td>\n<\/tr>\n<\/tbody>\n<\/table>\n<table class=\"yiv4988740114r3-o\" role=\"presentation\" border=\"0\" width=\"100%\" cellspacing=\"0\" cellpadding=\"0\" align=\"center\">\n<tbody>\n<tr>\n<td class=\"yiv4988740114r15-i\">\n<table role=\"presentation\" border=\"0\" width=\"100%\" cellspacing=\"0\" cellpadding=\"0\">\n<tbody>\n<tr>\n<th class=\"yiv4988740114r5-c\" valign=\"top\" width=\"100%\">\n<table class=\"yiv4988740114r6-o\" role=\"presentation\" border=\"0\" width=\"100%\" cellspacing=\"0\" cellpadding=\"0\">\n<tbody>\n<tr>\n<td class=\"yiv4988740114r16-i\" valign=\"top\">\n<table role=\"presentation\" border=\"0\" width=\"100%\" cellspacing=\"0\" cellpadding=\"0\">\n<tbody>\n<tr>\n<td class=\"yiv4988740114r19-c yiv4988740114nl2go-default-textstyle\" align=\"left\">\n<div>\n<h2 class=\"yiv4988740114default-heading2\">Amal, Damaskus!<\/h2>\n<\/div>\n<\/td>\n<\/tr>\n<\/tbody>\n<\/table>\n<\/td>\n<\/tr>\n<\/tbody>\n<\/table>\n<\/th>\n<\/tr>\n<\/tbody>\n<\/table>\n<\/td>\n<\/tr>\n<\/tbody>\n<\/table>\n<table class=\"yiv4988740114r3-o\" role=\"presentation\" border=\"0\" width=\"100%\" cellspacing=\"0\" cellpadding=\"0\" align=\"center\">\n<tbody>\n<tr>\n<td class=\"yiv4988740114r15-i\">\n<table role=\"presentation\" border=\"0\" width=\"100%\" cellspacing=\"0\" cellpadding=\"0\">\n<tbody>\n<tr>\n<th class=\"yiv4988740114r5-c\" valign=\"top\" width=\"100%\">\n<table class=\"yiv4988740114r6-o\" role=\"presentation\" border=\"0\" width=\"100%\" cellspacing=\"0\" cellpadding=\"0\">\n<tbody>\n<tr>\n<td class=\"yiv4988740114r16-i\" valign=\"top\">\n<table role=\"presentation\" border=\"0\" width=\"100%\" cellspacing=\"0\" cellpadding=\"0\">\n<tbody>\n<tr>\n<td class=\"yiv4988740114r17-c yiv4988740114nl2go-default-textstyle\" align=\"left\">\n<div>\n<p>Besonderes Highlight war nat\u00fcrlich unser Projektstart in Damaskus. Aus der Summer School ist inzwischen eine Journalistenschule geworden. Nach dem Vorbild von Journalistenschulen in Deutschland haben wir eine Lehrredaktion aufgebaut. 15 Monate dauert die Ausbildung insgesamt. Sie ist sehr praxisorientiert und wird hoffentlich einen Beitrag leisten, um die Medienlandschaft in Syrien ein bisschen besser* zu machen. Mit besser* meinen wir: professionell, tolerant, divers, neugierig, weltoffen und kritisch.\u00a0Unser Kollege Aboud Omaren leitet das Projekt in Damaskus und viele der Kolleg:innen aus dem syrischen Team unterst\u00fctzen ihn, indem sie als Trainer:innen in Damaskus unterrichten.<\/p>\n<\/div>\n<\/td>\n<\/tr>\n<tr>\n<td class=\"yiv4988740114r18-c\" align=\"center\"><img loading=\"lazy\" decoding=\"async\" class=\"alignnone\" src=\"https:\/\/ecp.yusercontent.com\/mail?url=https%3A%2F%2Ff1u1d.img.ag.d.sendibm3.com%2Fim%2Fsh%2F_tDBrw2Udd1b.jpeg%3Fu%3D1vcqsYC5HMzcSTSv1zgTu7ExBKwM0G&amp;t=1766047563&amp;ymreqid=7b487ecc-e939-618c-1c9a-9e0021019000&amp;sig=Tc.ydfoyfS6Hrb6tVXiBWQ--~D\" alt=\"\" width=\"570\" height=\"570\" border=\"0\" \/><\/td>\n<\/tr>\n<tr>\n<td class=\"yiv4988740114r19-c yiv4988740114nl2go-default-textstyle\" align=\"left\">\n<div>\n<h2 class=\"yiv4988740114default-heading2\">Krieg ohne Ende und dann noch Trump<\/h2>\n<\/div>\n<\/td>\n<\/tr>\n<tr>\n<td class=\"yiv4988740114r17-c yiv4988740114nl2go-default-textstyle\" align=\"left\">\n<div>\n<p>2025 war das Jahr, als unsere ukrainischen Leser:innen anfingen, sich f\u00fcr deutsche Politik zu interessieren&#8230;das ist an sich nat\u00fcrlich eine gute Sache, schlie\u00dflich ist unser Ziel, alle neuangekommenen Gefl\u00fcchteten so mit Nachrichten zu versorgen, dass sie sich an der Gesellschaft beteiligen k\u00f6nnen. Allerdings war der Grund, weshalb politische Nachrichten auf unseren ukrainischen Seiten mehr und mehr gelesen wurden, eher ein downer: Passierte dies doch zeitgleich mit dem Antritt der neuen Bundesregierung und der neuen harten Linie gegen Migration. Mit dem Amal-typischen Mix aus Society-Themen, Ausgehtipps und wichtigen politischen Nachrichten schauen die ukrainischen Seiten in Berlin und Frankfurt auf ein super erfolgreiches Jahr zur\u00fcck. Wir sind stolz auf unsere h\u00fcbschen Steigungsreliefs. (Oben Frankfurt, unten Berlin)<\/p>\n<\/div>\n<\/td>\n<\/tr>\n<tr>\n<td class=\"yiv4988740114r2-c\" align=\"center\">\n<table class=\"yiv4988740114r11-o\" role=\"presentation\" border=\"0\" width=\"256\" cellspacing=\"0\" cellpadding=\"0\">\n<tbody>\n<tr>\n<td class=\"yiv4988740114r14-i\"><img loading=\"lazy\" decoding=\"async\" class=\"alignnone\" src=\"https:\/\/ecp.yusercontent.com\/mail?url=https%3A%2F%2Ff1u1d.img.ag.d.sendibm3.com%2Fim%2Fsh%2Fm_v8lg8QP6o7.png%3Fu%3D1vcqsYC5HMzcSV7xUHpyDWmsmSrzJI&amp;t=1766047563&amp;ymreqid=7b487ecc-e939-618c-1c9a-9e0021019000&amp;sig=ka4V4g1H1oV.o8Yodx4laQ--~D\" alt=\"\" width=\"256\" height=\"256\" border=\"0\" \/><\/td>\n<\/tr>\n<\/tbody>\n<\/table>\n<\/td>\n<\/tr>\n<tr>\n<td class=\"yiv4988740114r2-c\" align=\"center\">\n<table class=\"yiv4988740114r11-o\" role=\"presentation\" border=\"0\" width=\"256\" cellspacing=\"0\" cellpadding=\"0\">\n<tbody>\n<tr>\n<td class=\"yiv4988740114r14-i\"><img loading=\"lazy\" decoding=\"async\" class=\"alignnone\" src=\"https:\/\/ecp.yusercontent.com\/mail?url=https%3A%2F%2Ff1u1d.img.ag.d.sendibm3.com%2Fim%2Fsh%2FLWgbBPBsCv0b.png%3Fu%3D1vcqsYC5HMzcSWmzwZzSWwKoNanccK&amp;t=1766047563&amp;ymreqid=7b487ecc-e939-618c-1c9a-9e0021019000&amp;sig=1Wq4CO5gBphvkkc81aKoVw--~D\" alt=\"\" width=\"256\" height=\"256\" border=\"0\" \/><\/td>\n<\/tr>\n<\/tbody>\n<\/table>\n<\/td>\n<\/tr>\n<tr>\n<td class=\"yiv4988740114r19-c yiv4988740114nl2go-default-textstyle\" align=\"left\">\n<div>\n<h2 class=\"yiv4988740114default-heading2\">Amal am Abgrund<\/h2>\n<\/div>\n<\/td>\n<\/tr>\n<\/tbody>\n<\/table>\n<\/td>\n<\/tr>\n<\/tbody>\n<\/table>\n<\/th>\n<\/tr>\n<\/tbody>\n<\/table>\n<\/td>\n<\/tr>\n<\/tbody>\n<\/table>\n<table class=\"yiv4988740114r3-o\" role=\"presentation\" border=\"0\" width=\"100%\" cellspacing=\"0\" cellpadding=\"0\" align=\"center\">\n<tbody>\n<tr>\n<td class=\"yiv4988740114r15-i\">\n<table role=\"presentation\" border=\"0\" width=\"100%\" cellspacing=\"0\" cellpadding=\"0\">\n<tbody>\n<tr>\n<th class=\"yiv4988740114r5-c\" valign=\"top\" width=\"100%\">\n<table class=\"yiv4988740114r6-o\" role=\"presentation\" border=\"0\" width=\"100%\" cellspacing=\"0\" cellpadding=\"0\">\n<tbody>\n<tr>\n<td class=\"yiv4988740114r16-i\" valign=\"top\">\n<table role=\"presentation\" border=\"0\" width=\"100%\" cellspacing=\"0\" cellpadding=\"0\">\n<tbody>\n<tr>\n<td class=\"yiv4988740114r17-c yiv4988740114nl2go-default-textstyle\" align=\"left\">\n<div>\n<p>Umso krasser traf uns im Juni die gr\u00f6\u00dfte Finanzkrise unserer Geschichte: Eigentlich war alles vorbereitet und in die Wege geleitet, dass wir Anfang 2025 mit einem von der EU gef\u00f6rderten Projekt beginnen konnten. Doch die Bewilligung und dann die Auszahlung lie\u00dfen auf sich warten und so konnten wir ab Juni 10 Mitarbeitende nicht weiter besch\u00e4ftigen. Welch ein Frust, unz\u00e4hlige Formulare f\u00fcr die Agentur f\u00fcr Arbeit auszuf\u00fcllen, statt Reportagen zu schreiben und Reels zu filmen. Tats\u00e4chlich konnte sich das Kernteam von Amal nur durch freundliche Unterst\u00fctzung der uns f\u00f6rdernden Stiftungen (Danke Crespo-Foudation, danke Porticus) \u00fcber den Sommer retten. Zudem nahmen wir Contentproduktionsauftr\u00e4ge von der GIZ etc. an, um die Geh\u00e4lter eines Teils des Teams weiterzubezahlen. Das h\u00f6rt sich dramatisch an&#8230;es war aber noch deutlich schlimmer. Erst zum 1.\u00a0November konnten wir die Mitarbeitenden wieder einstellen und sind jetzt wieder mit (fast*) voller Power dabei. Fast*, weil einige Stellen noch neu besetzt werden.<\/p>\n<\/div>\n<\/td>\n<\/tr>\n<tr>\n<td class=\"yiv4988740114r19-c yiv4988740114nl2go-default-textstyle\" align=\"left\">\n<div>\n<h2 class=\"yiv4988740114default-heading2\">Neu im Team<\/h2>\n<\/div>\n<\/td>\n<\/tr>\n<\/tbody>\n<\/table>\n<\/td>\n<\/tr>\n<\/tbody>\n<\/table>\n<\/th>\n<\/tr>\n<\/tbody>\n<\/table>\n<\/td>\n<\/tr>\n<\/tbody>\n<\/table>\n<table class=\"yiv4988740114r3-o\" role=\"presentation\" border=\"0\" width=\"100%\" cellspacing=\"0\" cellpadding=\"0\" align=\"center\">\n<tbody>\n<tr>\n<td class=\"yiv4988740114r15-i\">\n<table role=\"presentation\" border=\"0\" width=\"100%\" cellspacing=\"0\" cellpadding=\"0\">\n<tbody>\n<tr>\n<th class=\"yiv4988740114r5-c\" valign=\"top\" width=\"100%\">\n<table class=\"yiv4988740114r6-o\" role=\"presentation\" border=\"0\" width=\"100%\" cellspacing=\"0\" cellpadding=\"0\">\n<tbody>\n<tr>\n<td class=\"yiv4988740114r16-i\" valign=\"top\">\n<table role=\"presentation\" border=\"0\" width=\"100%\" cellspacing=\"0\" cellpadding=\"0\">\n<tbody>\n<tr>\n<td class=\"yiv4988740114r17-c yiv4988740114nl2go-default-textstyle\" align=\"left\">\n<div>\n<p>Als Verst\u00e4rkung haben auch Artehas gewinnen k\u00f6nnen. Das ist der Spitzname unseres KI-Tool, das derzeit gerade programmiert und erprobt wird. Auf Persisch und Arabisch l\u00e4uft es schon gut, ab Januar soll auch die ukrainische Version an den Start gehen.<\/p>\n<\/div>\n<\/td>\n<\/tr>\n<tr>\n<td class=\"yiv4988740114r18-c\" align=\"center\"><img loading=\"lazy\" decoding=\"async\" class=\"alignnone\" src=\"https:\/\/ecp.yusercontent.com\/mail?url=https%3A%2F%2Ff1u1d.img.ag.d.sendibm3.com%2Fim%2Fsh%2FuZ2RqCkRz1J2.jpeg%3Fu%3D1vcqsYC5HMzcSYS2Os8wqLsjyijFvM&amp;t=1766047563&amp;ymreqid=7b487ecc-e939-618c-1c9a-9e0021019000&amp;sig=.lVWwnxoWqseEXyGW2eqCg--~D\" alt=\"\" width=\"570\" height=\"570\" border=\"0\" \/><\/td>\n<\/tr>\n<\/tbody>\n<\/table>\n<\/td>\n<\/tr>\n<\/tbody>\n<\/table>\n<\/th>\n<\/tr>\n<\/tbody>\n<\/table>\n<\/td>\n<\/tr>\n<\/tbody>\n<\/table>\n<table class=\"yiv4988740114r3-o\" role=\"presentation\" border=\"0\" width=\"100%\" cellspacing=\"0\" cellpadding=\"0\" align=\"center\">\n<tbody>\n<tr>\n<td class=\"yiv4988740114r15-i\">\n<table role=\"presentation\" border=\"0\" width=\"100%\" cellspacing=\"0\" cellpadding=\"0\">\n<tbody>\n<tr>\n<th class=\"yiv4988740114r5-c\" valign=\"top\" width=\"100%\">\n<table class=\"yiv4988740114r6-o\" role=\"presentation\" border=\"0\" width=\"100%\" cellspacing=\"0\" cellpadding=\"0\">\n<tbody>\n<tr>\n<td class=\"yiv4988740114r16-i\" valign=\"top\">\n<table role=\"presentation\" border=\"0\" width=\"100%\" cellspacing=\"0\" cellpadding=\"0\">\n<tbody>\n<tr>\n<td class=\"yiv4988740114r17-c yiv4988740114nl2go-default-textstyle\" align=\"left\">\n<div>\n<p>In diesem Sinne: Wir hoffen, dass 2026 ein besseres Jahr wird. Ein bisschen weniger aufregend, ein bisschen weniger Krieg und Schlaflosigkeit, etwas mehr Normalit\u00e4t und mindestens genauso viele fantastische Momente wie 2025.<\/p>\n<p>Unseren n\u00e4chsten Newsletter bekommen Sie Anfang Januar.<\/p>\n<p>Bis n\u00e4chstes Jahr!<\/p>\n<\/div>\n<\/td>\n<\/tr>\n<tr>\n<td class=\"yiv4988740114r18-c\" align=\"center\"><img loading=\"lazy\" decoding=\"async\" class=\"alignnone\" src=\"https:\/\/ecp.yusercontent.com\/mail?url=https%3A%2F%2Ff1u1d.img.ag.d.sendibm3.com%2Fim%2Fsh%2FRSr1LcZxS5Xw.jpeg%3Fu%3D1vcqsYC5HMzcSa74rAIR9lQfZqetEO&amp;t=1766047563&amp;ymreqid=7b487ecc-e939-618c-1c9a-9e0021019000&amp;sig=Rb5AiCeQHIY3KadPH55FfA--~D\" alt=\"\" width=\"570\" height=\"570\" border=\"0\" \/><\/td>\n<\/tr>\n<tr>\n<td class=\"yiv4988740114r17-c yiv4988740114nl2go-default-textstyle\" align=\"left\">\n<div>\n<p>PS* Das Bild zeigt den Blick aus unserem Fenster: Innen ist Weihnachtsfeier mit einem Glas in der Hand der Fotografin Nana Morozova, davor die Pr\u00e4sente zum Wichteln der Redaktion und drau\u00dfen Berlin. Auf der Fensterscheibe erkennen Sie noch die Zeichnung, die zum Onboarding Workshop entstanden ist, als wir Anfang November unsere neuen-alten Kolleg:innen wieder ins Team aufgenommen haben.<\/p>\n<\/div>\n<\/td>\n<\/tr>\n<\/tbody>\n<\/table>\n<\/td>\n<\/tr>\n<\/tbody>\n<\/table>\n<\/th>\n<\/tr>\n<\/tbody>\n<\/table>\n<\/td>\n<\/tr>\n<\/tbody>\n<\/table>\n<table class=\"yiv4988740114r3-o\" role=\"presentation\" border=\"0\" width=\"100%\" cellspacing=\"0\" cellpadding=\"0\" align=\"center\">\n<tbody>\n<tr>\n<td class=\"yiv4988740114r15-i\">\n<table role=\"presentation\" border=\"0\" width=\"100%\" cellspacing=\"0\" cellpadding=\"0\">\n<tbody>\n<tr>\n<th class=\"yiv4988740114r5-c\" valign=\"top\" width=\"100%\">\n<table class=\"yiv4988740114r6-o\" role=\"presentation\" border=\"0\" width=\"100%\" cellspacing=\"0\" cellpadding=\"0\">\n<tbody>\n<tr>\n<td class=\"yiv4988740114r16-i\" valign=\"top\">\n<table role=\"presentation\" border=\"0\" width=\"100%\" cellspacing=\"0\" cellpadding=\"0\">\n<tbody>\n<tr>\n<td class=\"yiv4988740114r17-c yiv4988740114nl2go-default-textstyle\" align=\"left\">\n<div>\n<p>Eine sch\u00f6ne Woche w\u00fcnscht<\/p>\n<p>&nbsp;<\/p>\n<p>&nbsp;<\/p>\n<p>Das Team von Amal<\/p>\n<\/div>\n<\/td>\n<\/tr>\n<\/tbody>\n<\/table>\n<\/td>\n<\/tr>\n<\/tbody>\n<\/table>\n<\/th>\n<\/tr>\n<\/tbody>\n<\/table>\n<\/td>\n<\/tr>\n<\/tbody>\n<\/table>\n<table class=\"yiv4988740114r3-o\" role=\"presentation\" border=\"0\" width=\"100%\" cellspacing=\"0\" cellpadding=\"0\" align=\"center\">\n<tbody>\n<tr>\n<td class=\"yiv4988740114r20-i\">\n<table role=\"presentation\" border=\"0\" width=\"100%\" cellspacing=\"0\" cellpadding=\"0\">\n<tbody>\n<tr>\n<th class=\"yiv4988740114r5-c\" valign=\"top\" width=\"100%\">\n<table class=\"yiv4988740114r3-o\" role=\"presentation\" border=\"0\" width=\"200\" cellspacing=\"0\" cellpadding=\"0\" align=\"center\">\n<tbody>\n<tr>\n<td><img decoding=\"async\" src=\"https:\/\/ecp.yusercontent.com\/mail?url=https%3A%2F%2Ff1u1d.img.ag.d.sendibm3.com%2Fim%2Fsh%2F3Y0HKIONvpby.jpg%3Fu%3D7xwQLFBtniwQn1jItKnohMGMP2lvGv2&amp;t=1766047563&amp;ymreqid=7b487ecc-e939-618c-1c9a-9e0021019000&amp;sig=tgXsO_s7nZ4VGMYiDpetOg--~D\" width=\"200\" border=\"0\" \/><\/td>\n<\/tr>\n<\/tbody>\n<\/table>\n<table class=\"yiv4988740114r3-o\" role=\"presentation\" border=\"0\" width=\"600\" cellspacing=\"0\" cellpadding=\"0\" align=\"center\">\n<tbody>\n<tr>\n<td valign=\"top\">\n<table role=\"presentation\" border=\"0\" width=\"100%\" cellspacing=\"0\" cellpadding=\"0\">\n<tbody>\n<tr>\n<td class=\"yiv4988740114r21-c\">\n<table class=\"yiv4988740114r3-o\" role=\"presentation\" border=\"0\" width=\"600\" cellspacing=\"0\" cellpadding=\"0\">\n<tbody>\n<tr>\n<td class=\"yiv4988740114r22-i\">\n<table role=\"presentation\" border=\"0\" width=\"100%\" cellspacing=\"0\" cellpadding=\"0\">\n<tbody>\n<tr>\n<th class=\"yiv4988740114r23-c yiv4988740114mobshow yiv4988740114resp-table\" width=\"43\">\n<table class=\"yiv4988740114r24-o\" role=\"presentation\" border=\"0\" width=\"100%\" cellspacing=\"0\" cellpadding=\"0\">\n<tbody>\n<tr>\n<td class=\"yiv4988740114r25-i\"><a href=\"https:\/\/f1u1d.r.ag.d.sendibm3.com\/mk\/cl\/f\/sh\/6rqJfgq8dIUQXejRp8IjpO2ImNM\/Oal25XUJzGDb\" target=\"_blank\" rel=\"nofollow noopener noreferrer\"> <img decoding=\"async\" src=\"https:\/\/ecp.yusercontent.com\/mail?url=https%3A%2F%2Ff1u1d.img.ag.d.sendibm3.com%2Fim%2Fsh%2FrX5nLxRAsnCz.png%3Fu%3D7xwQLFBtniwQn8al29kzrVkSELVtZVI&amp;t=1766047563&amp;ymreqid=7b487ecc-e939-618c-1c9a-9e0021019000&amp;sig=4okTVro791IvCq08EQMn_A--~D\" width=\"32\" border=\"0\" \/><\/a><\/td>\n<td class=\"yiv4988740114nl2go-responsive-hide\" width=\"11\">\u00ad<\/td>\n<\/tr>\n<\/tbody>\n<\/table>\n<\/th>\n<th class=\"yiv4988740114r23-c yiv4988740114mobshow yiv4988740114resp-table\" width=\"43\">\n<table class=\"yiv4988740114r24-o\" role=\"presentation\" border=\"0\" width=\"100%\" cellspacing=\"0\" cellpadding=\"0\">\n<tbody>\n<tr>\n<td class=\"yiv4988740114r25-i\"><a href=\"https:\/\/f1u1d.r.ag.d.sendibm3.com\/mk\/cl\/f\/sh\/6rqJfgq8dIW5a71bJRiHkzAEPgO\/sPBbsFyYv1dz\" target=\"_blank\" rel=\"nofollow noopener noreferrer\"> <img decoding=\"async\" src=\"https:\/\/ecp.yusercontent.com\/mail?url=https%3A%2F%2Ff1u1d.img.ag.d.sendibm3.com%2Fim%2Fsh%2Fju9tDMKXA6Kv.png%3Fu%3D7xwQLFBtniwQnFSDAyiB1fEY3eFrs5Y&amp;t=1766047563&amp;ymreqid=7b487ecc-e939-618c-1c9a-9e0021019000&amp;sig=DKCGzFeAr.Sjb87CoL7v_Q--~D\" width=\"32\" border=\"0\" \/><\/a><\/td>\n<td class=\"yiv4988740114nl2go-responsive-hide\" width=\"11\">\u00ad<\/td>\n<\/tr>\n<\/tbody>\n<\/table>\n<\/th>\n<th class=\"yiv4988740114r23-c yiv4988740114mobshow yiv4988740114resp-table\" width=\"32\">\n<table class=\"yiv4988740114r26-o\" role=\"presentation\" border=\"0\" width=\"100%\" cellspacing=\"0\" cellpadding=\"0\">\n<tbody>\n<tr>\n<td class=\"yiv4988740114r25-i\"><a href=\"https:\/\/f1u1d.r.ag.d.sendibm3.com\/mk\/cl\/f\/sh\/6rqJfgq8dIXkcZJknl7pgaIA2zQ\/FEt0gdIe2OgE\" target=\"_blank\" rel=\"nofollow noopener noreferrer\"> <img decoding=\"async\" src=\"https:\/\/ecp.yusercontent.com\/mail?url=https%3A%2F%2Ff1u1d.img.ag.d.sendibm3.com%2Fim%2Fsh%2FDpVn3uJaZL6k.png%3Fu%3D7xwQLFBtniwQnMJfJnfMBoidswzqAfo&amp;t=1766047563&amp;ymreqid=7b487ecc-e939-618c-1c9a-9e0021019000&amp;sig=q0Jqtxw4UE9a.ACxcUffIg--~D\" width=\"32\" border=\"0\" \/><\/a><\/td>\n<\/tr>\n<\/tbody>\n<\/table>\n<\/th>\n<\/tr>\n<\/tbody>\n<\/table>\n<\/td>\n<\/tr>\n<\/tbody>\n<\/table>\n<\/td>\n<\/tr>\n<\/tbody>\n<\/table>\n<\/td>\n<\/tr>\n<\/tbody>\n<\/table>\n<\/th>\n<\/tr>\n<\/tbody>\n<\/table>\n<\/td>\n<\/tr>\n<\/tbody>\n<\/table>\n<table class=\"yiv4988740114r3-o\" role=\"presentation\" border=\"0\" width=\"100%\" cellspacing=\"0\" cellpadding=\"0\" align=\"center\">\n<tbody>\n<tr>\n<td class=\"yiv4988740114r27-i\">\n<table role=\"presentation\" border=\"0\" width=\"100%\" cellspacing=\"0\" cellpadding=\"0\">\n<tbody>\n<tr>\n<th class=\"yiv4988740114r5-c\" valign=\"top\" width=\"50%\">\n<table class=\"yiv4988740114r7-o\" role=\"presentation\" border=\"0\" width=\"100%\" cellspacing=\"0\" cellpadding=\"0\" align=\"left\">\n<tbody>\n<tr>\n<td class=\"yiv4988740114r8-i yiv4988740114nl2go-default-textstyle\" align=\"left\" valign=\"top\">\n<div>\n<p><strong>Amal News gGmbH<\/strong><\/p>\n<p>info@amalnews.de<\/p>\n<p>&nbsp;<\/p>\n<\/div>\n<\/td>\n<\/tr>\n<\/tbody>\n<\/table>\n<\/th>\n<th class=\"yiv4988740114r5-c\" valign=\"top\" width=\"50%\">\n<table class=\"yiv4988740114r6-o\" role=\"presentation\" border=\"0\" width=\"100%\" cellspacing=\"0\" cellpadding=\"0\">\n<tbody>\n<tr>\n<td class=\"yiv4988740114r28-i\" valign=\"top\">\n<table role=\"presentation\" border=\"0\" width=\"100%\" cellspacing=\"0\" cellpadding=\"0\">\n<tbody>\n<tr>\n<td class=\"yiv4988740114r29-c\" align=\"left\">\n<table class=\"yiv4988740114r7-o\" role=\"presentation\" border=\"0\" width=\"100%\" cellspacing=\"0\" cellpadding=\"0\">\n<tbody>\n<tr>\n<td class=\"yiv4988740114r8-i yiv4988740114nl2go-default-textstyle\" align=\"right\" valign=\"top\">\n<div>\n<p><a href=\"https:\/\/f1u1d.r.ag.d.sendibm3.com\/mk\/cl\/f\/sh\/6rqJfgq8dIZPf1buI4XNcBQ5gIS\/ycZw_SME8d9X\" target=\"_blank\" rel=\"nofollow noopener noreferrer\">Datenschutz<\/a><br \/>\n<a href=\"https:\/\/f1u1d.r.ag.d.sendibm3.com\/mk\/cl\/f\/sh\/6rqJfgq8dIb4hTu3mNwvXmY1JbU\/kIMK-zONfpLv\" target=\"_blank\" rel=\"nofollow noopener noreferrer\">Impressum<\/a><\/p>\n<\/div>\n<\/td>\n<\/tr>\n<\/tbody>\n<\/table>\n<\/td>\n<\/tr>\n<\/tbody>\n<\/table>\n<\/td>\n<\/tr>\n<\/tbody>\n<\/table>\n<\/th>\n<\/tr>\n<\/tbody>\n<\/table>\n<\/td>\n<\/tr>\n<\/tbody>\n<\/table>\n<\/td>\n<\/tr>\n<\/tbody>\n<\/table>\n<\/td>\n<\/tr>\n<\/tbody>\n<\/table>\n<div align=\"center\">If you wish to unsubscribe from our newsletter, click <a href=\"https:\/\/f1u1d.r.ag.d.sendibm3.com\/mk\/un\/v2\/sh\/6rqJ8GqndAnmOooPOsBPOkKggvI\/Rr_a7-xiwR-R\" target=\"_blank\" rel=\"nofollow noopener noreferrer\">here<\/a><\/div>\n<\/div>\n<\/div>\n<\/div>\n<\/div>\n<\/div>\n<div class=\"jb_0 X_6MGW N_6Fd5\"><\/div>\n<\/div>\n<div class=\"H_7jIs D_F ab_C Q_69H5 E_36RhU\" data-test-id=\"toolbar-hover-area\">\n<div class=\"D_F W_6D6F r_BN gl_C\" data-test-id=\"card-toolbar\">\n<div class=\"D_F ab_C en_0 b_Z14vXdP e_3mS2U I_ZkbNhI P_Z1otBpf\">\n<ul class=\"hd_n P_0 H_6D6F M_0 ir3_0 iy_h A_6EqO c1AVi73_6FsP D_F ab_C\" tabindex=\"-1\" role=\"menubar\" data-test-id=\"navigable-list\">\n<li class=\"G_e p_R\" role=\"menuitem\"><\/li>\n<\/ul>\n<\/div>\n<\/div>\n<\/div>\n<ul>\n<li class=\"G_e p_R\" role=\"menuitem\"><\/li>\n<li class=\"G_e p_R\" role=\"menuitem\"><\/li>\n<li class=\"G_e p_R\" role=\"menuitem\">\n<div class=\"D_F cdPFi_Z1oI2WW cdPFi4_Z29WjXl\" data-test-id=\"popover-container\"><\/div>\n<\/li>\n<\/ul>\n<div class=\"D_F ab_C en_0 b_Z14vXdP e_3mS2U I_ZkbNhI P_Z1otBpf\">\n<hr class=\"M_0 P_0 cn_0\" \/>\n<\/div>\n","protected":false},"excerpt":{"rendered":"<p>F\u00fcr den Fall, dass Sie in diesen Tagen im Jahresendspurt sind und zu besch\u00e4ftigt, den Newsletter bis zum Ende zu lesen, kommt hier schon einmal das Wichtigste vorab: Wir w\u00fcnschen allen unseren Leser:innen frohe Feiertage und einen guten Start ins neue Jahr! Vielen Dank, dass Sie uns begleiten und unterst\u00fctzen. Das bedeutet uns sehr\u00a0viel! Wir&#8230;  <a class=\"excerpt-read-more\" href=\"https:\/\/amalfrankfurt.de\/de\/2025\/12\/18\/der-amal-jahresrueckblick-2025\/\" title=\"Read Der Amal Jahresr\u00fcckblick 2025\">Weiter &raquo;<\/a><\/p>\n","protected":false},"author":13,"featured_media":244289,"comment_status":"open","ping_status":"open","sticky":false,"template":"","format":"standard","meta":{"_acf_changed":false,"footnotes":""},"categories":[26],"tags":[6767,3141,8376,134],"class_list":["post-244282","post","type-post","status-publish","format-standard","has-post-thumbnail","hentry","category-themen-diese-woche","tag-6767","tag-ki","tag-summerschool","tag-syrien"],"acf":[],"yoast_head":"<!-- This site is optimized with the Yoast SEO plugin v27.4 - https:\/\/yoast.com\/product\/yoast-seo-wordpress\/ -->\n<title>Der Amal Jahresr\u00fcckblick 2025 - Amal, Frankfurt!<\/title>\n<meta name=\"description\" content=\"Wir w\u00fcnschen allen unseren Leser:innen frohe Feiertage und einen guten Start ins neue Jahr! Vielen Dank, dass Sie uns begleiten.\" \/>\n<meta name=\"robots\" content=\"index, follow, max-snippet:-1, max-image-preview:large, max-video-preview:-1\" \/>\n<link rel=\"canonical\" href=\"https:\/\/amalfrankfurt.de\/de\/2025\/12\/18\/der-amal-jahresrueckblick-2025\/\" \/>\n<meta property=\"og:locale\" content=\"de_DE\" \/>\n<meta property=\"og:type\" content=\"article\" \/>\n<meta property=\"og:title\" content=\"Der Amal Jahresr\u00fcckblick 2025 - Amal, Frankfurt!\" \/>\n<meta property=\"og:description\" content=\"Wir w\u00fcnschen allen unseren Leser:innen frohe Feiertage und einen guten Start ins neue Jahr! Vielen Dank, dass Sie uns begleiten.\" \/>\n<meta property=\"og:url\" content=\"https:\/\/amalfrankfurt.de\/de\/2025\/12\/18\/der-amal-jahresrueckblick-2025\/\" \/>\n<meta property=\"og:site_name\" content=\"Amal, Frankfurt!\" \/>\n<meta property=\"article:published_time\" content=\"2025-12-18T08:52:22+00:00\" \/>\n<meta property=\"article:modified_time\" content=\"2025-12-18T08:57:54+00:00\" \/>\n<meta property=\"og:image\" content=\"https:\/\/amalfrankfurt.de\/wp-content\/uploads\/sites\/5\/2025\/12\/mail.jpg\" \/>\n\t<meta property=\"og:image:width\" content=\"2048\" \/>\n\t<meta property=\"og:image:height\" content=\"1536\" \/>\n\t<meta property=\"og:image:type\" content=\"image\/jpeg\" \/>\n<meta name=\"author\" content=\"Julia Gerlach\" \/>\n<meta name=\"twitter:card\" content=\"summary_large_image\" \/>\n<meta name=\"twitter:label1\" content=\"Verfasst von\" \/>\n\t<meta name=\"twitter:data1\" content=\"Julia Gerlach\" \/>\n\t<meta name=\"twitter:label2\" content=\"Gesch\u00e4tzte Lesezeit\" \/>\n\t<meta name=\"twitter:data2\" content=\"9\u00a0Minuten\" \/>\n<script type=\"application\/ld+json\" class=\"yoast-schema-graph\">{\"@context\":\"https:\\\/\\\/schema.org\",\"@graph\":[{\"@type\":\"Article\",\"@id\":\"https:\\\/\\\/amalfrankfurt.de\\\/de\\\/2025\\\/12\\\/18\\\/der-amal-jahresrueckblick-2025\\\/#article\",\"isPartOf\":{\"@id\":\"https:\\\/\\\/amalfrankfurt.de\\\/de\\\/2025\\\/12\\\/18\\\/der-amal-jahresrueckblick-2025\\\/\"},\"author\":{\"name\":\"Julia Gerlach\",\"@id\":\"https:\\\/\\\/amalfrankfurt.de\\\/de\\\/#\\\/schema\\\/person\\\/69d08bbfd6c317e7166f72efca0b9e05\"},\"headline\":\"Der Amal Jahresr\u00fcckblick 2025\",\"datePublished\":\"2025-12-18T08:52:22+00:00\",\"dateModified\":\"2025-12-18T08:57:54+00:00\",\"mainEntityOfPage\":{\"@id\":\"https:\\\/\\\/amalfrankfurt.de\\\/de\\\/2025\\\/12\\\/18\\\/der-amal-jahresrueckblick-2025\\\/\"},\"wordCount\":1002,\"commentCount\":0,\"image\":{\"@id\":\"https:\\\/\\\/amalfrankfurt.de\\\/de\\\/2025\\\/12\\\/18\\\/der-amal-jahresrueckblick-2025\\\/#primaryimage\"},\"thumbnailUrl\":\"https:\\\/\\\/amalfrankfurt.de\\\/wp-content\\\/uploads\\\/sites\\\/5\\\/2025\\\/12\\\/WhatsApp-Image-2025-12-17-at-17.11.44.jpeg\",\"keywords\":[\"2025\",\"KI\",\"Summerschool\",\"Syrien\"],\"articleSection\":[\"Themen diese Woche\"],\"inLanguage\":\"de\",\"potentialAction\":[{\"@type\":\"CommentAction\",\"name\":\"Comment\",\"target\":[\"https:\\\/\\\/amalfrankfurt.de\\\/de\\\/2025\\\/12\\\/18\\\/der-amal-jahresrueckblick-2025\\\/#respond\"]}]},{\"@type\":\"WebPage\",\"@id\":\"https:\\\/\\\/amalfrankfurt.de\\\/de\\\/2025\\\/12\\\/18\\\/der-amal-jahresrueckblick-2025\\\/\",\"url\":\"https:\\\/\\\/amalfrankfurt.de\\\/de\\\/2025\\\/12\\\/18\\\/der-amal-jahresrueckblick-2025\\\/\",\"name\":\"Der Amal Jahresr\u00fcckblick 2025 - Amal, Frankfurt!\",\"isPartOf\":{\"@id\":\"https:\\\/\\\/amalfrankfurt.de\\\/de\\\/#website\"},\"primaryImageOfPage\":{\"@id\":\"https:\\\/\\\/amalfrankfurt.de\\\/de\\\/2025\\\/12\\\/18\\\/der-amal-jahresrueckblick-2025\\\/#primaryimage\"},\"image\":{\"@id\":\"https:\\\/\\\/amalfrankfurt.de\\\/de\\\/2025\\\/12\\\/18\\\/der-amal-jahresrueckblick-2025\\\/#primaryimage\"},\"thumbnailUrl\":\"https:\\\/\\\/amalfrankfurt.de\\\/wp-content\\\/uploads\\\/sites\\\/5\\\/2025\\\/12\\\/WhatsApp-Image-2025-12-17-at-17.11.44.jpeg\",\"datePublished\":\"2025-12-18T08:52:22+00:00\",\"dateModified\":\"2025-12-18T08:57:54+00:00\",\"author\":{\"@id\":\"https:\\\/\\\/amalfrankfurt.de\\\/de\\\/#\\\/schema\\\/person\\\/69d08bbfd6c317e7166f72efca0b9e05\"},\"description\":\"Wir w\u00fcnschen allen unseren Leser:innen frohe Feiertage und einen guten Start ins neue Jahr! Vielen Dank, dass Sie uns begleiten.\",\"breadcrumb\":{\"@id\":\"https:\\\/\\\/amalfrankfurt.de\\\/de\\\/2025\\\/12\\\/18\\\/der-amal-jahresrueckblick-2025\\\/#breadcrumb\"},\"inLanguage\":\"de\",\"potentialAction\":[{\"@type\":\"ReadAction\",\"target\":[\"https:\\\/\\\/amalfrankfurt.de\\\/de\\\/2025\\\/12\\\/18\\\/der-amal-jahresrueckblick-2025\\\/\"]}]},{\"@type\":\"ImageObject\",\"inLanguage\":\"de\",\"@id\":\"https:\\\/\\\/amalfrankfurt.de\\\/de\\\/2025\\\/12\\\/18\\\/der-amal-jahresrueckblick-2025\\\/#primaryimage\",\"url\":\"https:\\\/\\\/amalfrankfurt.de\\\/wp-content\\\/uploads\\\/sites\\\/5\\\/2025\\\/12\\\/WhatsApp-Image-2025-12-17-at-17.11.44.jpeg\",\"contentUrl\":\"https:\\\/\\\/amalfrankfurt.de\\\/wp-content\\\/uploads\\\/sites\\\/5\\\/2025\\\/12\\\/WhatsApp-Image-2025-12-17-at-17.11.44.jpeg\",\"width\":1600,\"height\":900,\"caption\":\"Frankfurt\"},{\"@type\":\"BreadcrumbList\",\"@id\":\"https:\\\/\\\/amalfrankfurt.de\\\/de\\\/2025\\\/12\\\/18\\\/der-amal-jahresrueckblick-2025\\\/#breadcrumb\",\"itemListElement\":[{\"@type\":\"ListItem\",\"position\":1,\"name\":\"Home\",\"item\":\"https:\\\/\\\/amalfrankfurt.de\\\/de\\\/\"},{\"@type\":\"ListItem\",\"position\":2,\"name\":\"Der Amal Jahresr\u00fcckblick 2025\"}]},{\"@type\":\"WebSite\",\"@id\":\"https:\\\/\\\/amalfrankfurt.de\\\/de\\\/#website\",\"url\":\"https:\\\/\\\/amalfrankfurt.de\\\/de\\\/\",\"name\":\"Amal, Frankfurt!\",\"description\":\"\",\"potentialAction\":[{\"@type\":\"SearchAction\",\"target\":{\"@type\":\"EntryPoint\",\"urlTemplate\":\"https:\\\/\\\/amalfrankfurt.de\\\/de\\\/?s={search_term_string}\"},\"query-input\":{\"@type\":\"PropertyValueSpecification\",\"valueRequired\":true,\"valueName\":\"search_term_string\"}}],\"inLanguage\":\"de\"},{\"@type\":\"Person\",\"@id\":\"https:\\\/\\\/amalfrankfurt.de\\\/de\\\/#\\\/schema\\\/person\\\/69d08bbfd6c317e7166f72efca0b9e05\",\"name\":\"Julia Gerlach\",\"image\":{\"@type\":\"ImageObject\",\"inLanguage\":\"de\",\"@id\":\"https:\\\/\\\/amalfrankfurt.de\\\/wp-content\\\/uploads\\\/sites\\\/5\\\/2023\\\/01\\\/aaaJulia-Gerlach-1-300x300-1-125x125.jpg\",\"url\":\"https:\\\/\\\/amalfrankfurt.de\\\/wp-content\\\/uploads\\\/sites\\\/5\\\/2023\\\/01\\\/aaaJulia-Gerlach-1-300x300-1-125x125.jpg\",\"contentUrl\":\"https:\\\/\\\/amalfrankfurt.de\\\/wp-content\\\/uploads\\\/sites\\\/5\\\/2023\\\/01\\\/aaaJulia-Gerlach-1-300x300-1-125x125.jpg\",\"caption\":\"Julia Gerlach\"},\"description\":\"Julia Gerlach ist Projektleiterin bei Amal, Berlin! Von 2008 bis 2015 hat sie als Korrespondentin f\u00fcr deutsche Medien aus Kairo \u00fcber die arabischen Welt berichtet. Zuvor war sie Redakteurin beim heute Journal des ZDF. Sie hat mehrere Sachb\u00fccher \u00fcber den Islam in Deutschland und den Arabischen Fr\u00fchling geschrieben.\",\"url\":\"https:\\\/\\\/amalfrankfurt.de\\\/de\\\/author\\\/julia\\\/\"}]}<\/script>\n<!-- \/ Yoast SEO plugin. -->","yoast_head_json":{"title":"Der Amal Jahresr\u00fcckblick 2025 - Amal, Frankfurt!","description":"Wir w\u00fcnschen allen unseren Leser:innen frohe Feiertage und einen guten Start ins neue Jahr! Vielen Dank, dass Sie uns begleiten.","robots":{"index":"index","follow":"follow","max-snippet":"max-snippet:-1","max-image-preview":"max-image-preview:large","max-video-preview":"max-video-preview:-1"},"canonical":"https:\/\/amalfrankfurt.de\/de\/2025\/12\/18\/der-amal-jahresrueckblick-2025\/","og_locale":"de_DE","og_type":"article","og_title":"Der Amal Jahresr\u00fcckblick 2025 - Amal, Frankfurt!","og_description":"Wir w\u00fcnschen allen unseren Leser:innen frohe Feiertage und einen guten Start ins neue Jahr! Vielen Dank, dass Sie uns begleiten.","og_url":"https:\/\/amalfrankfurt.de\/de\/2025\/12\/18\/der-amal-jahresrueckblick-2025\/","og_site_name":"Amal, Frankfurt!","article_published_time":"2025-12-18T08:52:22+00:00","article_modified_time":"2025-12-18T08:57:54+00:00","og_image":[{"width":2048,"height":1536,"url":"https:\/\/amalfrankfurt.de\/wp-content\/uploads\/sites\/5\/2025\/12\/mail.jpg","type":"image\/jpeg"}],"author":"Julia Gerlach","twitter_card":"summary_large_image","twitter_misc":{"Verfasst von":"Julia Gerlach","Gesch\u00e4tzte Lesezeit":"9\u00a0Minuten"},"schema":{"@context":"https:\/\/schema.org","@graph":[{"@type":"Article","@id":"https:\/\/amalfrankfurt.de\/de\/2025\/12\/18\/der-amal-jahresrueckblick-2025\/#article","isPartOf":{"@id":"https:\/\/amalfrankfurt.de\/de\/2025\/12\/18\/der-amal-jahresrueckblick-2025\/"},"author":{"name":"Julia Gerlach","@id":"https:\/\/amalfrankfurt.de\/de\/#\/schema\/person\/69d08bbfd6c317e7166f72efca0b9e05"},"headline":"Der Amal Jahresr\u00fcckblick 2025","datePublished":"2025-12-18T08:52:22+00:00","dateModified":"2025-12-18T08:57:54+00:00","mainEntityOfPage":{"@id":"https:\/\/amalfrankfurt.de\/de\/2025\/12\/18\/der-amal-jahresrueckblick-2025\/"},"wordCount":1002,"commentCount":0,"image":{"@id":"https:\/\/amalfrankfurt.de\/de\/2025\/12\/18\/der-amal-jahresrueckblick-2025\/#primaryimage"},"thumbnailUrl":"https:\/\/amalfrankfurt.de\/wp-content\/uploads\/sites\/5\/2025\/12\/WhatsApp-Image-2025-12-17-at-17.11.44.jpeg","keywords":["2025","KI","Summerschool","Syrien"],"articleSection":["Themen diese Woche"],"inLanguage":"de","potentialAction":[{"@type":"CommentAction","name":"Comment","target":["https:\/\/amalfrankfurt.de\/de\/2025\/12\/18\/der-amal-jahresrueckblick-2025\/#respond"]}]},{"@type":"WebPage","@id":"https:\/\/amalfrankfurt.de\/de\/2025\/12\/18\/der-amal-jahresrueckblick-2025\/","url":"https:\/\/amalfrankfurt.de\/de\/2025\/12\/18\/der-amal-jahresrueckblick-2025\/","name":"Der Amal Jahresr\u00fcckblick 2025 - Amal, Frankfurt!","isPartOf":{"@id":"https:\/\/amalfrankfurt.de\/de\/#website"},"primaryImageOfPage":{"@id":"https:\/\/amalfrankfurt.de\/de\/2025\/12\/18\/der-amal-jahresrueckblick-2025\/#primaryimage"},"image":{"@id":"https:\/\/amalfrankfurt.de\/de\/2025\/12\/18\/der-amal-jahresrueckblick-2025\/#primaryimage"},"thumbnailUrl":"https:\/\/amalfrankfurt.de\/wp-content\/uploads\/sites\/5\/2025\/12\/WhatsApp-Image-2025-12-17-at-17.11.44.jpeg","datePublished":"2025-12-18T08:52:22+00:00","dateModified":"2025-12-18T08:57:54+00:00","author":{"@id":"https:\/\/amalfrankfurt.de\/de\/#\/schema\/person\/69d08bbfd6c317e7166f72efca0b9e05"},"description":"Wir w\u00fcnschen allen unseren Leser:innen frohe Feiertage und einen guten Start ins neue Jahr! Vielen Dank, dass Sie uns begleiten.","breadcrumb":{"@id":"https:\/\/amalfrankfurt.de\/de\/2025\/12\/18\/der-amal-jahresrueckblick-2025\/#breadcrumb"},"inLanguage":"de","potentialAction":[{"@type":"ReadAction","target":["https:\/\/amalfrankfurt.de\/de\/2025\/12\/18\/der-amal-jahresrueckblick-2025\/"]}]},{"@type":"ImageObject","inLanguage":"de","@id":"https:\/\/amalfrankfurt.de\/de\/2025\/12\/18\/der-amal-jahresrueckblick-2025\/#primaryimage","url":"https:\/\/amalfrankfurt.de\/wp-content\/uploads\/sites\/5\/2025\/12\/WhatsApp-Image-2025-12-17-at-17.11.44.jpeg","contentUrl":"https:\/\/amalfrankfurt.de\/wp-content\/uploads\/sites\/5\/2025\/12\/WhatsApp-Image-2025-12-17-at-17.11.44.jpeg","width":1600,"height":900,"caption":"Frankfurt"},{"@type":"BreadcrumbList","@id":"https:\/\/amalfrankfurt.de\/de\/2025\/12\/18\/der-amal-jahresrueckblick-2025\/#breadcrumb","itemListElement":[{"@type":"ListItem","position":1,"name":"Home","item":"https:\/\/amalfrankfurt.de\/de\/"},{"@type":"ListItem","position":2,"name":"Der Amal Jahresr\u00fcckblick 2025"}]},{"@type":"WebSite","@id":"https:\/\/amalfrankfurt.de\/de\/#website","url":"https:\/\/amalfrankfurt.de\/de\/","name":"Amal, Frankfurt!","description":"","potentialAction":[{"@type":"SearchAction","target":{"@type":"EntryPoint","urlTemplate":"https:\/\/amalfrankfurt.de\/de\/?s={search_term_string}"},"query-input":{"@type":"PropertyValueSpecification","valueRequired":true,"valueName":"search_term_string"}}],"inLanguage":"de"},{"@type":"Person","@id":"https:\/\/amalfrankfurt.de\/de\/#\/schema\/person\/69d08bbfd6c317e7166f72efca0b9e05","name":"Julia Gerlach","image":{"@type":"ImageObject","inLanguage":"de","@id":"https:\/\/amalfrankfurt.de\/wp-content\/uploads\/sites\/5\/2023\/01\/aaaJulia-Gerlach-1-300x300-1-125x125.jpg","url":"https:\/\/amalfrankfurt.de\/wp-content\/uploads\/sites\/5\/2023\/01\/aaaJulia-Gerlach-1-300x300-1-125x125.jpg","contentUrl":"https:\/\/amalfrankfurt.de\/wp-content\/uploads\/sites\/5\/2023\/01\/aaaJulia-Gerlach-1-300x300-1-125x125.jpg","caption":"Julia Gerlach"},"description":"Julia Gerlach ist Projektleiterin bei Amal, Berlin! Von 2008 bis 2015 hat sie als Korrespondentin f\u00fcr deutsche Medien aus Kairo \u00fcber die arabischen Welt berichtet. Zuvor war sie Redakteurin beim heute Journal des ZDF. Sie hat mehrere Sachb\u00fccher \u00fcber den Islam in Deutschland und den Arabischen Fr\u00fchling geschrieben.","url":"https:\/\/amalfrankfurt.de\/de\/author\/julia\/"}]}},"_links":{"self":[{"href":"https:\/\/amalfrankfurt.de\/de\/wp-json\/wp\/v2\/posts\/244282","targetHints":{"allow":["GET"]}}],"collection":[{"href":"https:\/\/amalfrankfurt.de\/de\/wp-json\/wp\/v2\/posts"}],"about":[{"href":"https:\/\/amalfrankfurt.de\/de\/wp-json\/wp\/v2\/types\/post"}],"author":[{"embeddable":true,"href":"https:\/\/amalfrankfurt.de\/de\/wp-json\/wp\/v2\/users\/13"}],"replies":[{"embeddable":true,"href":"https:\/\/amalfrankfurt.de\/de\/wp-json\/wp\/v2\/comments?post=244282"}],"version-history":[{"count":1,"href":"https:\/\/amalfrankfurt.de\/de\/wp-json\/wp\/v2\/posts\/244282\/revisions"}],"predecessor-version":[{"id":244288,"href":"https:\/\/amalfrankfurt.de\/de\/wp-json\/wp\/v2\/posts\/244282\/revisions\/244288"}],"wp:featuredmedia":[{"embeddable":true,"href":"https:\/\/amalfrankfurt.de\/de\/wp-json\/wp\/v2\/media\/244289"}],"wp:attachment":[{"href":"https:\/\/amalfrankfurt.de\/de\/wp-json\/wp\/v2\/media?parent=244282"}],"wp:term":[{"taxonomy":"category","embeddable":true,"href":"https:\/\/amalfrankfurt.de\/de\/wp-json\/wp\/v2\/categories?post=244282"},{"taxonomy":"post_tag","embeddable":true,"href":"https:\/\/amalfrankfurt.de\/de\/wp-json\/wp\/v2\/tags?post=244282"}],"curies":[{"name":"wp","href":"https:\/\/api.w.org\/{rel}","templated":true}]}}