{"id":241067,"date":"2025-11-05T12:15:24","date_gmt":"2025-11-05T11:15:24","guid":{"rendered":"https:\/\/amalfrankfurt.de\/?p=241067"},"modified":"2025-11-05T12:28:02","modified_gmt":"2025-11-05T11:28:02","slug":"amal-in-den-zeiten-der-raubtiere","status":"publish","type":"post","link":"https:\/\/amalfrankfurt.de\/de\/2025\/11\/05\/amal-in-den-zeiten-der-raubtiere\/","title":{"rendered":"Amal in den Zeiten der Raubtiere"},"content":{"rendered":"<table class=\"r3-o\" role=\"presentation\" border=\"0\" width=\"100%\" cellspacing=\"0\" cellpadding=\"0\" align=\"center\">\n<tbody>\n<tr>\n<td class=\"r10-i\">\n<table role=\"presentation\" border=\"0\" width=\"100%\" cellspacing=\"0\" cellpadding=\"0\">\n<tbody>\n<tr>\n<th class=\"r5-c\" valign=\"top\" width=\"100%\">\n<table class=\"r7-o\" role=\"presentation\" border=\"0\" width=\"100%\" cellspacing=\"0\" cellpadding=\"0\" align=\"left\">\n<tbody>\n<tr>\n<td class=\"r12-i nl2go-default-textstyle\" align=\"left\" valign=\"top\">\n<div>\n<p>Kennen Sie Arethas Ibn Jaballah, den m\u00e4chtigsten K\u00f6nig der Ghassaniden? Er lebte im 6. Jahrhundert im heutigen Syrien. Unser Kollege Khalid Al Aboud, der wie Arethas aus Deraa stammt, tr\u00e4gt sein Bild (siehe Hintergrundbild auf seinem Handy, Foto oben) seit Monaten mit sich herum. Fast ebenso lange baut Khalid Al Aboud an seinem KI-Agenten. Gestern war es dann endlich so weit: Die arabische Version unseres Amal-KI-Editors ist online; zumindest in einer Testversion ist er auf dem Amal Dashboard verf\u00fcgbar und er tr\u00e4gt &#8211; logisch &#8211; den Namen Arethas. (Siehe Gesichtsausdruck von Khalid Al Aboud).<\/p>\n<p>Sie verstehen Bahnhof und wollen jetzt gerade den Newsletter wegklicken, weil Sie denken, dass wir jetzt v\u00f6llig \u00fcbergeschnappt sind? Warten Sie einen Moment. Wir erz\u00e4hlen die Geschichte nochmal von Vorne.<\/p>\n<p>Uns ist klar, dass gerade jetzt viele Menschen Zweifel haben, ob \u00fcberhaupt etwas Gutes von KI-Anwendungen zu erwarten ist. Es ist viel von der <a href=\"https:\/\/www.chbeck.de\/da-empoli-stunde-raubtiere\/product\/38898663\" target=\"_blank\" rel=\"noopener noreferrer\">&#8222;Zeit der Raubtiere&#8220;<\/a> die Rede und von der Sorge, dass die KI in der Hand gro\u00dfer Tech-Konzerne wenig Platz mehr f\u00fcr uns Menschen und unsere Hirne l\u00e4sst.<\/p>\n<p>Hier kommt jetzt K\u00f6nig Arethas ins Spiel. Der K\u00f6nig war in seiner Zeit ein unabh\u00e4ngiger Geist, der sich um den Schutz der Grenzen gegen \u00e4u\u00dfere Feinde verdient machte. &#8222;Arethas ist ein symbolischer Name f\u00fcr unsere KI: Er sch\u00fctzte die Grenzen und wir meinen damit die Grenzen der Ethik und der Genauigkeit&#8220;, erkl\u00e4rt Khalid Al Aboud. Unser KI-Tool ist so gestaltet, dass der KI wenig Spielraum gelassen wird, falsche Nachrichten zu erfinden oder politische Schlagseite zu entwickeln. K\u00f6nig Arethas sei zudem f\u00fcr kluge Allianzen und die Br\u00fccke zwischen Kulturen und Sprachen bekannt gewesen, so Khalid Al Aboud: &#8222;Das ist das, was wir uns von einem intelligenten Editor f\u00fcr die vielsprachige Lokalpresse w\u00fcnschen&#8220;, erg\u00e4nzt er.<\/p>\n<p>Anders gesagt: Wir wollen unsere inzwischen knapp 400 000 Follower:innen auf Facebook nicht den Raubtieren zum Fra\u00df vorwerfen, sondern sie weiterhin mit verl\u00e4sslichen Lokalnachrichten versorgen, dass sie sich schneller in Deutschland zurechtfinden und schneller mitreden k\u00f6nnen. Daran arbeiten wir und sind fast soweit, dass es richtig losgehen kann. So sieht es aus, wenn wir KI entwickeln:<\/p>\n<\/div>\n<\/td>\n<\/tr>\n<\/tbody>\n<\/table>\n<table class=\"r11-o\" role=\"presentation\" border=\"0\" width=\"580\" cellspacing=\"0\" cellpadding=\"0\" align=\"center\">\n<tbody>\n<tr>\n<td class=\"r13-i\"><img decoding=\"async\" src=\"https:\/\/img.mailinblue.com\/8571641\/images\/content_library\/original\/6901d34e97712b7ee90503ba.png\" width=\"580\" border=\"0\" \/><\/td>\n<\/tr>\n<\/tbody>\n<\/table>\n<\/th>\n<\/tr>\n<\/tbody>\n<\/table>\n<\/td>\n<\/tr>\n<\/tbody>\n<\/table>\n<table class=\"r3-o\" role=\"presentation\" border=\"0\" width=\"100%\" cellspacing=\"0\" cellpadding=\"0\" align=\"center\">\n<tbody>\n<tr>\n<td class=\"r14-i\">\n<table role=\"presentation\" border=\"0\" width=\"100%\" cellspacing=\"0\" cellpadding=\"0\">\n<tbody>\n<tr>\n<th class=\"r5-c\" valign=\"top\" width=\"100%\">\n<table class=\"r6-o\" role=\"presentation\" border=\"0\" width=\"100%\" cellspacing=\"0\" cellpadding=\"0\">\n<tbody>\n<tr>\n<td class=\"r15-i\" valign=\"top\">\n<table role=\"presentation\" border=\"0\" width=\"100%\" cellspacing=\"0\" cellpadding=\"0\">\n<tbody>\n<tr>\n<td class=\"r16-c\" align=\"center\"><img decoding=\"async\" src=\"https:\/\/img.mailinblue.com\/8571641\/images\/content_library\/original\/6901d34e179807edb9b04b8f.png\" width=\"570\" border=\"0\" \/><\/td>\n<\/tr>\n<\/tbody>\n<\/table>\n<\/td>\n<\/tr>\n<\/tbody>\n<\/table>\n<\/th>\n<\/tr>\n<\/tbody>\n<\/table>\n<\/td>\n<\/tr>\n<\/tbody>\n<\/table>\n<table class=\"r3-o\" role=\"presentation\" border=\"0\" width=\"100%\" cellspacing=\"0\" cellpadding=\"0\" align=\"center\">\n<tbody>\n<tr>\n<td class=\"r14-i\">\n<table role=\"presentation\" border=\"0\" width=\"100%\" cellspacing=\"0\" cellpadding=\"0\">\n<tbody>\n<tr>\n<th class=\"r5-c\" valign=\"top\" width=\"100%\">\n<table class=\"r6-o\" role=\"presentation\" border=\"0\" width=\"100%\" cellspacing=\"0\" cellpadding=\"0\">\n<tbody>\n<tr>\n<td class=\"r15-i\" valign=\"top\">\n<table role=\"presentation\" border=\"0\" width=\"100%\" cellspacing=\"0\" cellpadding=\"0\">\n<tbody>\n<tr>\n<td class=\"r17-c nl2go-default-textstyle\" align=\"left\">\n<div>\n<h2 class=\"default-heading2\">Stadtbild<\/h2>\n<\/div>\n<\/td>\n<\/tr>\n<tr>\n<td class=\"r18-c nl2go-default-textstyle\" align=\"left\">\n<div>\n<p>Wir stellen gerade fest, dass sich &#8211; zumindest bei unserer Leserschaft &#8211; in den vergangenen Monaten unter der neuen Regierung ganz sch\u00f6n viel ver\u00e4ndert hat. Die Menschen scheinen politischer geworden zu sein. Sie interessieren sich mehr f\u00fcr die Debatten der Politik und melden sich st\u00e4rker zu Wort. Das zeigt sich diese Woche vor allem an den Kommentaren zu unserer Berichterstattung \u00fcber die Stadtbild-Debatte.<\/p>\n<p>&nbsp;<\/p>\n<p><a href=\"https:\/\/amalfrankfurt.de\/ua\/2025\/10\/28\/stadtbild-merz\/\" target=\"_blank\" rel=\"noopener noreferrer\">Hier<\/a> geht es zum Kommentar auf Ukrainisch, <a href=\"https:\/\/amalberlin.de\/fa\/2025\/10\/28\/%d8%b4%da%a9%d8%a7%db%8c%d8%aa-%da%a9%db%8c%d9%81%d8%b1%db%8c-%d8%a7%d8%b2-%d9%85%d8%b1%d8%aa%d8%b3\/\" target=\"_blank\" rel=\"noopener noreferrer\">hier<\/a> auf Persisch und <a href=\"https:\/\/amalhamburg.de\/2025\/10\/28\/%d8%aa%d8%b5%d8%b1%d9%8a%d8%ad%d8%a7%d8%aa-%d8%a7%d9%84%d9%85%d8%b3%d8%aa%d8%b4%d8%a7%d8%b1-%d9%81%d8%b1%d9%8a%d8%af%d8%b1%d9%8a%d8%b4-%d9%85%d9%8a%d8%b1%d8%aa%d8%b3\/\" target=\"_blank\" rel=\"noopener noreferrer\">hier<\/a> auf Arabisch.<\/p>\n<p>Die Kommentare zu den Artikeln zeigen, dass auch unsere Leserschaft gespalten ist (das hat sie sich wohl bei der Mehrheitsgesellschaft abgeschaut):<\/p>\n<p>Ein Teil regt sich dar\u00fcber auf, dass der Bundeskanzler mit seinen Bemerkungen den Rassismus sch\u00fcrt und pauschale Vorurteile gegen Andersaussehende salonf\u00e4hig macht.<\/p>\n<p>Allerdings gibt es auch einen (deutlich kleineren, aber sehr lautstarken) Teil, der findet, dass der Bundeskanzler recht hat. Es seien wirklich zu viele Ausl\u00e4nder in Deutschland und es sei dringend notwendig, m\u00f6glichst viele abzuschieben oder gar nicht erst hereinzulassen. Hierbei ist auff\u00e4llig, dass sie sich selbst als Ausnahme sehen. Als st\u00f6rend im Stadtbild beschreiben sie jeweils Menschen anderer Herkunft oder solche, die nach ihnen angekommen sind.<\/p>\n<p>Dieses Thema des Rassismus in unseren Communities wollen wir in der n\u00e4chsten Woche angehen.<\/p>\n<p>Wie? Indem wir Kommentare schreiben und indem wir ungew\u00f6hnliche Personen vorstellen. Wie zum Beispiel diese hier:<\/p>\n<\/div>\n<\/td>\n<\/tr>\n<tr>\n<td class=\"r17-c nl2go-default-textstyle\" align=\"left\">\n<div>\n<h2 class=\"default-heading2\">Jung, weiblich, afghanisch, Bergsteigerin<\/h2>\n<\/div>\n<\/td>\n<\/tr>\n<\/tbody>\n<\/table>\n<\/td>\n<\/tr>\n<\/tbody>\n<\/table>\n<\/th>\n<\/tr>\n<\/tbody>\n<\/table>\n<\/td>\n<\/tr>\n<\/tbody>\n<\/table>\n<table class=\"r3-o\" role=\"presentation\" border=\"0\" width=\"100%\" cellspacing=\"0\" cellpadding=\"0\" align=\"center\">\n<tbody>\n<tr>\n<td class=\"r14-i\">\n<table role=\"presentation\" border=\"0\" width=\"100%\" cellspacing=\"0\" cellpadding=\"0\">\n<tbody>\n<tr>\n<th class=\"r5-c\" valign=\"top\" width=\"100%\">\n<table class=\"r6-o\" role=\"presentation\" border=\"0\" width=\"100%\" cellspacing=\"0\" cellpadding=\"0\">\n<tbody>\n<tr>\n<td class=\"r15-i\" valign=\"top\">\n<table role=\"presentation\" border=\"0\" width=\"100%\" cellspacing=\"0\" cellpadding=\"0\">\n<tbody>\n<tr>\n<td class=\"r18-c nl2go-default-textstyle\" align=\"left\">\n<div>\n<p>Nikki Haidari kommt aus Afghanistan und hat in ihrer Heimat schon viele Gipfel bestiegen. Als die Taliban die Macht in ihrem Land \u00fcbernahmen, musste sie die phantastische Bergwelt ihrer Heimat verlassen und fl\u00fcchtete ins platte Berlin. Hier trainiert sie weiter in den Kletterhallen der Hauptstadt. Unsere Praktikantin Zahra Naziri hat sie begleitet und ist sogar selbst mitgeklettert. Hier geht es zu der ungew\u00f6hnlichen Geschichte als <a href=\"https:\/\/amalhamburg.de\/fa\/2025\/10\/25\/%da%a9%d9%88%d9%87%d9%86%d9%88%d8%b1%d8%af\/\" target=\"_blank\" rel=\"noopener noreferrer\">Text<\/a>\u00a0und als <a href=\"https:\/\/www.instagram.com\/reel\/DQWRSEqjSMH\/?utm_source=ig_web_copy_link&amp;igsh=MzRlODBiNWFlZA==\" target=\"_blank\" rel=\"noopener noreferrer\">Reel<\/a>.<\/p>\n<\/div>\n<\/td>\n<\/tr>\n<tr>\n<td class=\"r16-c\" align=\"center\"><img decoding=\"async\" src=\"https:\/\/img.mailinblue.com\/8571641\/images\/content_library\/original\/690249dc356641c3112ce9d0.jpeg\" width=\"570\" border=\"0\" \/><\/td>\n<\/tr>\n<\/tbody>\n<\/table>\n<\/td>\n<\/tr>\n<\/tbody>\n<\/table>\n<\/th>\n<\/tr>\n<\/tbody>\n<\/table>\n<\/td>\n<\/tr>\n<\/tbody>\n<\/table>\n","protected":false},"excerpt":{"rendered":"<p>Kennen Sie Arethas Ibn Jaballah, den m\u00e4chtigsten K\u00f6nig der Ghassaniden? Er lebte im 6. Jahrhundert im heutigen Syrien. Unser Kollege Khalid Al Aboud, der wie Arethas aus Deraa stammt, tr\u00e4gt sein Bild (siehe Hintergrundbild auf seinem Handy, Foto oben) seit Monaten mit sich herum. Fast ebenso lange baut Khalid Al Aboud an seinem KI-Agenten. Gestern&#8230;  <a class=\"excerpt-read-more\" href=\"https:\/\/amalfrankfurt.de\/de\/2025\/11\/05\/amal-in-den-zeiten-der-raubtiere\/\" title=\"Read Amal in den Zeiten der Raubtiere\">Weiter &raquo;<\/a><\/p>\n","protected":false},"author":13,"featured_media":241069,"comment_status":"open","ping_status":"open","sticky":false,"template":"","format":"standard","meta":{"_acf_changed":false,"footnotes":""},"categories":[26],"tags":[139,3141,9222],"class_list":["post-241067","post","type-post","status-publish","format-standard","has-post-thumbnail","hentry","category-themen-diese-woche","tag-afghanistan","tag-ki","tag-stadtbild-de"],"acf":[],"yoast_head":"<!-- This site is optimized with the Yoast SEO plugin v27.4 - https:\/\/yoast.com\/product\/yoast-seo-wordpress\/ -->\n<title>Amal in den Zeiten der Raubtiere - Amal, Frankfurt!<\/title>\n<meta name=\"robots\" content=\"index, follow, max-snippet:-1, max-image-preview:large, max-video-preview:-1\" \/>\n<link rel=\"canonical\" href=\"https:\/\/amalfrankfurt.de\/de\/2025\/11\/05\/amal-in-den-zeiten-der-raubtiere\/\" \/>\n<meta property=\"og:locale\" content=\"de_DE\" \/>\n<meta property=\"og:type\" content=\"article\" \/>\n<meta property=\"og:title\" content=\"Amal in den Zeiten der Raubtiere - Amal, Frankfurt!\" \/>\n<meta property=\"og:description\" content=\"Kennen Sie Arethas Ibn Jaballah, den m\u00e4chtigsten K\u00f6nig der Ghassaniden? Er lebte im 6. Jahrhundert im heutigen Syrien. Unser Kollege Khalid Al Aboud, der wie Arethas aus Deraa stammt, tr\u00e4gt sein Bild (siehe Hintergrundbild auf seinem Handy, Foto oben) seit Monaten mit sich herum. Fast ebenso lange baut Khalid Al Aboud an seinem KI-Agenten. Gestern... Weiter &raquo;\" \/>\n<meta property=\"og:url\" content=\"https:\/\/amalfrankfurt.de\/de\/2025\/11\/05\/amal-in-den-zeiten-der-raubtiere\/\" \/>\n<meta property=\"og:site_name\" content=\"Amal, Frankfurt!\" \/>\n<meta property=\"article:published_time\" content=\"2025-11-05T11:15:24+00:00\" \/>\n<meta property=\"article:modified_time\" content=\"2025-11-05T11:28:02+00:00\" \/>\n<meta property=\"og:image\" content=\"https:\/\/img.mailinblue.com\/8571641\/images\/content_library\/original\/6901d34e97712b7ee90503ba.png\" \/>\n<meta name=\"author\" content=\"Julia Gerlach\" \/>\n<meta name=\"twitter:card\" content=\"summary_large_image\" \/>\n<meta name=\"twitter:label1\" content=\"Verfasst von\" \/>\n\t<meta name=\"twitter:data1\" content=\"Julia Gerlach\" \/>\n\t<meta name=\"twitter:label2\" content=\"Gesch\u00e4tzte Lesezeit\" \/>\n\t<meta name=\"twitter:data2\" content=\"5\u00a0Minuten\" \/>\n<script type=\"application\/ld+json\" class=\"yoast-schema-graph\">{\"@context\":\"https:\\\/\\\/schema.org\",\"@graph\":[{\"@type\":\"Article\",\"@id\":\"https:\\\/\\\/amalfrankfurt.de\\\/de\\\/2025\\\/11\\\/05\\\/amal-in-den-zeiten-der-raubtiere\\\/#article\",\"isPartOf\":{\"@id\":\"https:\\\/\\\/amalfrankfurt.de\\\/de\\\/2025\\\/11\\\/05\\\/amal-in-den-zeiten-der-raubtiere\\\/\"},\"author\":{\"name\":\"Julia Gerlach\",\"@id\":\"https:\\\/\\\/amalfrankfurt.de\\\/de\\\/#\\\/schema\\\/person\\\/69d08bbfd6c317e7166f72efca0b9e05\"},\"headline\":\"Amal in den Zeiten der Raubtiere\",\"datePublished\":\"2025-11-05T11:15:24+00:00\",\"dateModified\":\"2025-11-05T11:28:02+00:00\",\"mainEntityOfPage\":{\"@id\":\"https:\\\/\\\/amalfrankfurt.de\\\/de\\\/2025\\\/11\\\/05\\\/amal-in-den-zeiten-der-raubtiere\\\/\"},\"wordCount\":679,\"commentCount\":0,\"image\":{\"@id\":\"https:\\\/\\\/amalfrankfurt.de\\\/de\\\/2025\\\/11\\\/05\\\/amal-in-den-zeiten-der-raubtiere\\\/#primaryimage\"},\"thumbnailUrl\":\"https:\\\/\\\/amalfrankfurt.de\\\/wp-content\\\/uploads\\\/sites\\\/5\\\/2025\\\/11\\\/6901caff179807edb9b048e3.jpeg\",\"keywords\":[\"Afghanistan\",\"KI\",\"Stadtbild\"],\"articleSection\":[\"Themen diese Woche\"],\"inLanguage\":\"de\",\"potentialAction\":[{\"@type\":\"CommentAction\",\"name\":\"Comment\",\"target\":[\"https:\\\/\\\/amalfrankfurt.de\\\/de\\\/2025\\\/11\\\/05\\\/amal-in-den-zeiten-der-raubtiere\\\/#respond\"]}]},{\"@type\":\"WebPage\",\"@id\":\"https:\\\/\\\/amalfrankfurt.de\\\/de\\\/2025\\\/11\\\/05\\\/amal-in-den-zeiten-der-raubtiere\\\/\",\"url\":\"https:\\\/\\\/amalfrankfurt.de\\\/de\\\/2025\\\/11\\\/05\\\/amal-in-den-zeiten-der-raubtiere\\\/\",\"name\":\"Amal in den Zeiten der Raubtiere - Amal, Frankfurt!\",\"isPartOf\":{\"@id\":\"https:\\\/\\\/amalfrankfurt.de\\\/de\\\/#website\"},\"primaryImageOfPage\":{\"@id\":\"https:\\\/\\\/amalfrankfurt.de\\\/de\\\/2025\\\/11\\\/05\\\/amal-in-den-zeiten-der-raubtiere\\\/#primaryimage\"},\"image\":{\"@id\":\"https:\\\/\\\/amalfrankfurt.de\\\/de\\\/2025\\\/11\\\/05\\\/amal-in-den-zeiten-der-raubtiere\\\/#primaryimage\"},\"thumbnailUrl\":\"https:\\\/\\\/amalfrankfurt.de\\\/wp-content\\\/uploads\\\/sites\\\/5\\\/2025\\\/11\\\/6901caff179807edb9b048e3.jpeg\",\"datePublished\":\"2025-11-05T11:15:24+00:00\",\"dateModified\":\"2025-11-05T11:28:02+00:00\",\"author\":{\"@id\":\"https:\\\/\\\/amalfrankfurt.de\\\/de\\\/#\\\/schema\\\/person\\\/69d08bbfd6c317e7166f72efca0b9e05\"},\"breadcrumb\":{\"@id\":\"https:\\\/\\\/amalfrankfurt.de\\\/de\\\/2025\\\/11\\\/05\\\/amal-in-den-zeiten-der-raubtiere\\\/#breadcrumb\"},\"inLanguage\":\"de\",\"potentialAction\":[{\"@type\":\"ReadAction\",\"target\":[\"https:\\\/\\\/amalfrankfurt.de\\\/de\\\/2025\\\/11\\\/05\\\/amal-in-den-zeiten-der-raubtiere\\\/\"]}]},{\"@type\":\"ImageObject\",\"inLanguage\":\"de\",\"@id\":\"https:\\\/\\\/amalfrankfurt.de\\\/de\\\/2025\\\/11\\\/05\\\/amal-in-den-zeiten-der-raubtiere\\\/#primaryimage\",\"url\":\"https:\\\/\\\/amalfrankfurt.de\\\/wp-content\\\/uploads\\\/sites\\\/5\\\/2025\\\/11\\\/6901caff179807edb9b048e3.jpeg\",\"contentUrl\":\"https:\\\/\\\/amalfrankfurt.de\\\/wp-content\\\/uploads\\\/sites\\\/5\\\/2025\\\/11\\\/6901caff179807edb9b048e3.jpeg\",\"width\":1600,\"height\":1200,\"caption\":\"Khalid\"},{\"@type\":\"BreadcrumbList\",\"@id\":\"https:\\\/\\\/amalfrankfurt.de\\\/de\\\/2025\\\/11\\\/05\\\/amal-in-den-zeiten-der-raubtiere\\\/#breadcrumb\",\"itemListElement\":[{\"@type\":\"ListItem\",\"position\":1,\"name\":\"Home\",\"item\":\"https:\\\/\\\/amalfrankfurt.de\\\/de\\\/\"},{\"@type\":\"ListItem\",\"position\":2,\"name\":\"Amal in den Zeiten der Raubtiere\"}]},{\"@type\":\"WebSite\",\"@id\":\"https:\\\/\\\/amalfrankfurt.de\\\/de\\\/#website\",\"url\":\"https:\\\/\\\/amalfrankfurt.de\\\/de\\\/\",\"name\":\"Amal, Frankfurt!\",\"description\":\"\",\"potentialAction\":[{\"@type\":\"SearchAction\",\"target\":{\"@type\":\"EntryPoint\",\"urlTemplate\":\"https:\\\/\\\/amalfrankfurt.de\\\/de\\\/?s={search_term_string}\"},\"query-input\":{\"@type\":\"PropertyValueSpecification\",\"valueRequired\":true,\"valueName\":\"search_term_string\"}}],\"inLanguage\":\"de\"},{\"@type\":\"Person\",\"@id\":\"https:\\\/\\\/amalfrankfurt.de\\\/de\\\/#\\\/schema\\\/person\\\/69d08bbfd6c317e7166f72efca0b9e05\",\"name\":\"Julia Gerlach\",\"image\":{\"@type\":\"ImageObject\",\"inLanguage\":\"de\",\"@id\":\"https:\\\/\\\/amalfrankfurt.de\\\/wp-content\\\/uploads\\\/sites\\\/5\\\/2023\\\/01\\\/aaaJulia-Gerlach-1-300x300-1-125x125.jpg\",\"url\":\"https:\\\/\\\/amalfrankfurt.de\\\/wp-content\\\/uploads\\\/sites\\\/5\\\/2023\\\/01\\\/aaaJulia-Gerlach-1-300x300-1-125x125.jpg\",\"contentUrl\":\"https:\\\/\\\/amalfrankfurt.de\\\/wp-content\\\/uploads\\\/sites\\\/5\\\/2023\\\/01\\\/aaaJulia-Gerlach-1-300x300-1-125x125.jpg\",\"caption\":\"Julia Gerlach\"},\"description\":\"Julia Gerlach ist Projektleiterin bei Amal, Berlin! Von 2008 bis 2015 hat sie als Korrespondentin f\u00fcr deutsche Medien aus Kairo \u00fcber die arabischen Welt berichtet. Zuvor war sie Redakteurin beim heute Journal des ZDF. Sie hat mehrere Sachb\u00fccher \u00fcber den Islam in Deutschland und den Arabischen Fr\u00fchling geschrieben.\",\"url\":\"https:\\\/\\\/amalfrankfurt.de\\\/de\\\/author\\\/julia\\\/\"}]}<\/script>\n<!-- \/ Yoast SEO plugin. -->","yoast_head_json":{"title":"Amal in den Zeiten der Raubtiere - Amal, Frankfurt!","robots":{"index":"index","follow":"follow","max-snippet":"max-snippet:-1","max-image-preview":"max-image-preview:large","max-video-preview":"max-video-preview:-1"},"canonical":"https:\/\/amalfrankfurt.de\/de\/2025\/11\/05\/amal-in-den-zeiten-der-raubtiere\/","og_locale":"de_DE","og_type":"article","og_title":"Amal in den Zeiten der Raubtiere - Amal, Frankfurt!","og_description":"Kennen Sie Arethas Ibn Jaballah, den m\u00e4chtigsten K\u00f6nig der Ghassaniden? Er lebte im 6. Jahrhundert im heutigen Syrien. Unser Kollege Khalid Al Aboud, der wie Arethas aus Deraa stammt, tr\u00e4gt sein Bild (siehe Hintergrundbild auf seinem Handy, Foto oben) seit Monaten mit sich herum. Fast ebenso lange baut Khalid Al Aboud an seinem KI-Agenten. Gestern... Weiter &raquo;","og_url":"https:\/\/amalfrankfurt.de\/de\/2025\/11\/05\/amal-in-den-zeiten-der-raubtiere\/","og_site_name":"Amal, Frankfurt!","article_published_time":"2025-11-05T11:15:24+00:00","article_modified_time":"2025-11-05T11:28:02+00:00","og_image":[{"url":"https:\/\/img.mailinblue.com\/8571641\/images\/content_library\/original\/6901d34e97712b7ee90503ba.png","type":"","width":"","height":""}],"author":"Julia Gerlach","twitter_card":"summary_large_image","twitter_misc":{"Verfasst von":"Julia Gerlach","Gesch\u00e4tzte Lesezeit":"5\u00a0Minuten"},"schema":{"@context":"https:\/\/schema.org","@graph":[{"@type":"Article","@id":"https:\/\/amalfrankfurt.de\/de\/2025\/11\/05\/amal-in-den-zeiten-der-raubtiere\/#article","isPartOf":{"@id":"https:\/\/amalfrankfurt.de\/de\/2025\/11\/05\/amal-in-den-zeiten-der-raubtiere\/"},"author":{"name":"Julia Gerlach","@id":"https:\/\/amalfrankfurt.de\/de\/#\/schema\/person\/69d08bbfd6c317e7166f72efca0b9e05"},"headline":"Amal in den Zeiten der Raubtiere","datePublished":"2025-11-05T11:15:24+00:00","dateModified":"2025-11-05T11:28:02+00:00","mainEntityOfPage":{"@id":"https:\/\/amalfrankfurt.de\/de\/2025\/11\/05\/amal-in-den-zeiten-der-raubtiere\/"},"wordCount":679,"commentCount":0,"image":{"@id":"https:\/\/amalfrankfurt.de\/de\/2025\/11\/05\/amal-in-den-zeiten-der-raubtiere\/#primaryimage"},"thumbnailUrl":"https:\/\/amalfrankfurt.de\/wp-content\/uploads\/sites\/5\/2025\/11\/6901caff179807edb9b048e3.jpeg","keywords":["Afghanistan","KI","Stadtbild"],"articleSection":["Themen diese Woche"],"inLanguage":"de","potentialAction":[{"@type":"CommentAction","name":"Comment","target":["https:\/\/amalfrankfurt.de\/de\/2025\/11\/05\/amal-in-den-zeiten-der-raubtiere\/#respond"]}]},{"@type":"WebPage","@id":"https:\/\/amalfrankfurt.de\/de\/2025\/11\/05\/amal-in-den-zeiten-der-raubtiere\/","url":"https:\/\/amalfrankfurt.de\/de\/2025\/11\/05\/amal-in-den-zeiten-der-raubtiere\/","name":"Amal in den Zeiten der Raubtiere - Amal, Frankfurt!","isPartOf":{"@id":"https:\/\/amalfrankfurt.de\/de\/#website"},"primaryImageOfPage":{"@id":"https:\/\/amalfrankfurt.de\/de\/2025\/11\/05\/amal-in-den-zeiten-der-raubtiere\/#primaryimage"},"image":{"@id":"https:\/\/amalfrankfurt.de\/de\/2025\/11\/05\/amal-in-den-zeiten-der-raubtiere\/#primaryimage"},"thumbnailUrl":"https:\/\/amalfrankfurt.de\/wp-content\/uploads\/sites\/5\/2025\/11\/6901caff179807edb9b048e3.jpeg","datePublished":"2025-11-05T11:15:24+00:00","dateModified":"2025-11-05T11:28:02+00:00","author":{"@id":"https:\/\/amalfrankfurt.de\/de\/#\/schema\/person\/69d08bbfd6c317e7166f72efca0b9e05"},"breadcrumb":{"@id":"https:\/\/amalfrankfurt.de\/de\/2025\/11\/05\/amal-in-den-zeiten-der-raubtiere\/#breadcrumb"},"inLanguage":"de","potentialAction":[{"@type":"ReadAction","target":["https:\/\/amalfrankfurt.de\/de\/2025\/11\/05\/amal-in-den-zeiten-der-raubtiere\/"]}]},{"@type":"ImageObject","inLanguage":"de","@id":"https:\/\/amalfrankfurt.de\/de\/2025\/11\/05\/amal-in-den-zeiten-der-raubtiere\/#primaryimage","url":"https:\/\/amalfrankfurt.de\/wp-content\/uploads\/sites\/5\/2025\/11\/6901caff179807edb9b048e3.jpeg","contentUrl":"https:\/\/amalfrankfurt.de\/wp-content\/uploads\/sites\/5\/2025\/11\/6901caff179807edb9b048e3.jpeg","width":1600,"height":1200,"caption":"Khalid"},{"@type":"BreadcrumbList","@id":"https:\/\/amalfrankfurt.de\/de\/2025\/11\/05\/amal-in-den-zeiten-der-raubtiere\/#breadcrumb","itemListElement":[{"@type":"ListItem","position":1,"name":"Home","item":"https:\/\/amalfrankfurt.de\/de\/"},{"@type":"ListItem","position":2,"name":"Amal in den Zeiten der Raubtiere"}]},{"@type":"WebSite","@id":"https:\/\/amalfrankfurt.de\/de\/#website","url":"https:\/\/amalfrankfurt.de\/de\/","name":"Amal, Frankfurt!","description":"","potentialAction":[{"@type":"SearchAction","target":{"@type":"EntryPoint","urlTemplate":"https:\/\/amalfrankfurt.de\/de\/?s={search_term_string}"},"query-input":{"@type":"PropertyValueSpecification","valueRequired":true,"valueName":"search_term_string"}}],"inLanguage":"de"},{"@type":"Person","@id":"https:\/\/amalfrankfurt.de\/de\/#\/schema\/person\/69d08bbfd6c317e7166f72efca0b9e05","name":"Julia Gerlach","image":{"@type":"ImageObject","inLanguage":"de","@id":"https:\/\/amalfrankfurt.de\/wp-content\/uploads\/sites\/5\/2023\/01\/aaaJulia-Gerlach-1-300x300-1-125x125.jpg","url":"https:\/\/amalfrankfurt.de\/wp-content\/uploads\/sites\/5\/2023\/01\/aaaJulia-Gerlach-1-300x300-1-125x125.jpg","contentUrl":"https:\/\/amalfrankfurt.de\/wp-content\/uploads\/sites\/5\/2023\/01\/aaaJulia-Gerlach-1-300x300-1-125x125.jpg","caption":"Julia Gerlach"},"description":"Julia Gerlach ist Projektleiterin bei Amal, Berlin! Von 2008 bis 2015 hat sie als Korrespondentin f\u00fcr deutsche Medien aus Kairo \u00fcber die arabischen Welt berichtet. Zuvor war sie Redakteurin beim heute Journal des ZDF. Sie hat mehrere Sachb\u00fccher \u00fcber den Islam in Deutschland und den Arabischen Fr\u00fchling geschrieben.","url":"https:\/\/amalfrankfurt.de\/de\/author\/julia\/"}]}},"_links":{"self":[{"href":"https:\/\/amalfrankfurt.de\/de\/wp-json\/wp\/v2\/posts\/241067","targetHints":{"allow":["GET"]}}],"collection":[{"href":"https:\/\/amalfrankfurt.de\/de\/wp-json\/wp\/v2\/posts"}],"about":[{"href":"https:\/\/amalfrankfurt.de\/de\/wp-json\/wp\/v2\/types\/post"}],"author":[{"embeddable":true,"href":"https:\/\/amalfrankfurt.de\/de\/wp-json\/wp\/v2\/users\/13"}],"replies":[{"embeddable":true,"href":"https:\/\/amalfrankfurt.de\/de\/wp-json\/wp\/v2\/comments?post=241067"}],"version-history":[{"count":1,"href":"https:\/\/amalfrankfurt.de\/de\/wp-json\/wp\/v2\/posts\/241067\/revisions"}],"predecessor-version":[{"id":241068,"href":"https:\/\/amalfrankfurt.de\/de\/wp-json\/wp\/v2\/posts\/241067\/revisions\/241068"}],"wp:featuredmedia":[{"embeddable":true,"href":"https:\/\/amalfrankfurt.de\/de\/wp-json\/wp\/v2\/media\/241069"}],"wp:attachment":[{"href":"https:\/\/amalfrankfurt.de\/de\/wp-json\/wp\/v2\/media?parent=241067"}],"wp:term":[{"taxonomy":"category","embeddable":true,"href":"https:\/\/amalfrankfurt.de\/de\/wp-json\/wp\/v2\/categories?post=241067"},{"taxonomy":"post_tag","embeddable":true,"href":"https:\/\/amalfrankfurt.de\/de\/wp-json\/wp\/v2\/tags?post=241067"}],"curies":[{"name":"wp","href":"https:\/\/api.w.org\/{rel}","templated":true}]}}