{"id":237334,"date":"2025-09-10T08:25:25","date_gmt":"2025-09-10T06:25:25","guid":{"rendered":"https:\/\/amalfrankfurt.de\/2025\/09\/10\/ein-eimaliger-sommer\/"},"modified":"2025-09-25T09:20:41","modified_gmt":"2025-09-25T07:20:41","slug":"ein-eimaliger-sommer","status":"publish","type":"post","link":"https:\/\/amalfrankfurt.de\/de\/2025\/09\/10\/ein-eimaliger-sommer\/","title":{"rendered":"Ein eimaliger Sommer"},"content":{"rendered":"<p>Vom ersten Augenblick war klar, dies wird ein ganz besonderer Sommer. Mitte Juli startete die erste journalistische Summer School von Amal in Damaskus. Wir hatten eine Ausschreibung gemacht und 15 Journalist:innen ausgew\u00e4hlt, um an diesem ganz besonderen Workshop teilzunehmen. Es ist eine sehr gemischte Gruppe: Die j\u00fcngste Teilnehmerin ist 19 Jahre alt und studiert noch. Die \u00e4lteste ist 35 und produziert ihre eigenen Podcasts und Videos.<\/p>\n<img loading=\"lazy\" decoding=\"async\" class=\"aligncenter wp-image-237343 size-large\" src=\"https:\/\/amalfrankfurt.de\/wp-content\/uploads\/sites\/5\/2025\/09\/WhatsApp-Image-2025-09-10-at-08.27.19-1024x768.jpeg\" alt=\"\" width=\"680\" height=\"510\" srcset=\"https:\/\/amalfrankfurt.de\/wp-content\/uploads\/sites\/5\/2025\/09\/WhatsApp-Image-2025-09-10-at-08.27.19-1024x768.jpeg 1024w, https:\/\/amalfrankfurt.de\/wp-content\/uploads\/sites\/5\/2025\/09\/WhatsApp-Image-2025-09-10-at-08.27.19-300x225.jpeg 300w, https:\/\/amalfrankfurt.de\/wp-content\/uploads\/sites\/5\/2025\/09\/WhatsApp-Image-2025-09-10-at-08.27.19-768x576.jpeg 768w, https:\/\/amalfrankfurt.de\/wp-content\/uploads\/sites\/5\/2025\/09\/WhatsApp-Image-2025-09-10-at-08.27.19-1536x1152.jpeg 1536w, https:\/\/amalfrankfurt.de\/wp-content\/uploads\/sites\/5\/2025\/09\/WhatsApp-Image-2025-09-10-at-08.27.19.jpeg 1600w\" sizes=\"auto, (max-width: 680px) 100vw, 680px\" \/>\n<p>Es sind mehr Frauen als M\u00e4nner und sie kommen aus sehr unterschiedlichen Zusammenh\u00e4ngen. Wir haben Studierende und Absolventinnen der Uni. Manche kommen aus der Fachrichtung Medien, andere studier(t)en andere F\u00e4cher; manche haben wegen des Krieges keinen Abschluss, arbeiten aber als Journalist:innen. Syrien ist eine Gesellschaft mit vielen verschiedenen gesellschaftlichen, ethnischen und konfessionellen Gruppen, und wir sind stolz darauf, dass wir diese Vielfalt auch in unserer Summer School abbilden. Man kann sagen: In unseren Seminarr\u00e4umen ist ein kleines Syrien zusammengekommen. Und das Erstaunliche ist: Es funktioniert. Nat\u00fcrlich gibt es ab und zu Meinungsverschiedenheiten und verletzte Gef\u00fchle, aber das dauert zum Gl\u00fcck nie lange und bisher konnten alle Konflikte gel\u00f6st werden, sodass die Gruppe daran gewachsen ist. Das macht Hoffnung.<\/p>\n<h2>Vom ersten Augenblick etwas Besonderes<\/h2>\n<p>In den neun Wochen des Workshops wurden die Teilnehmenden von den Redakteur:innen von Amal trainiert. Wobei, man sollte vielleicht sagen: Sie haben zusammengearbeitet. Es ging um die Grundlagen des Journalismus mit Schwerpunkt auf digitalen Formaten und Social Media. Inzwischen produzieren die Teilnehmenden schnell und gut Kurzvideos und Social-Media-Formate. Sie haben intensiv an ihrer Nachrichtensprache und dem Verfassen von Texten gearbeitet, Fotostorys umgesetzt und Interviews ge\u00fcbt. Zwischendurch haben sie viele interessante Personen kennengelernt und sich als Reporter in Stra\u00dfeninterviews und als Berichterstatter:innen von Gro\u00dfevents ausprobiert. Das Allerwichtigste war aber, dass sie einander kennengelernt haben. Sie haben sich zugeh\u00f6rt und sind als Team zusammengewachsen.<\/p>\n<p>Nun endet die Summer School mit einer feierlichen Zeremonie in den R\u00e4umen der Syrischen Akademie f\u00fcr Training und Beratung. Die Teilnehmenden pr\u00e4sentieren dabei ihre Abschlussarbeiten. Jeder und jede von Ihnen hat ein Thema recherchiert und dar\u00fcber ein Video oder einen Text produziert. Ihnen werden die Teilnahmezertifikate verliehen. Abdolrahman Omaren, der Leiter der Summer School in Damaskus wird ein paar Worte an sie richten und es werden auch Vertreter der Friedrich-Ebert-Stiftung erwartet.<\/p>\n<img loading=\"lazy\" decoding=\"async\" class=\"aligncenter wp-image-237349 size-large\" src=\"https:\/\/amalfrankfurt.de\/wp-content\/uploads\/sites\/5\/2025\/09\/WhatsApp-Image-2025-09-10-at-08.27.20-768x1024.jpeg\" alt=\"M\u00e4nner\" width=\"680\" height=\"907\" srcset=\"https:\/\/amalfrankfurt.de\/wp-content\/uploads\/sites\/5\/2025\/09\/WhatsApp-Image-2025-09-10-at-08.27.20-768x1024.jpeg 768w, https:\/\/amalfrankfurt.de\/wp-content\/uploads\/sites\/5\/2025\/09\/WhatsApp-Image-2025-09-10-at-08.27.20-225x300.jpeg 225w, https:\/\/amalfrankfurt.de\/wp-content\/uploads\/sites\/5\/2025\/09\/WhatsApp-Image-2025-09-10-at-08.27.20-1152x1536.jpeg 1152w, https:\/\/amalfrankfurt.de\/wp-content\/uploads\/sites\/5\/2025\/09\/WhatsApp-Image-2025-09-10-at-08.27.20.jpeg 1200w\" sizes=\"auto, (max-width: 680px) 100vw, 680px\" \/>\n<p>&nbsp;<\/p>\n<h2>Hoffnung, dass es gut weitergeht<\/h2>\n<p>Dieser Sommer, diese Summer School war f\u00fcr alle Beteiligten ein ganz besonderes Erlebnis: Es war etwas Neues f\u00fcr die Journalist:innen, die daran teilgenommen haben. Es hat ihnen viele journalistische Fertigkeiten vermittelt und auch das besondere Klima der Summer School war f\u00fcr sie neu: \u201eIch habe schon lange nicht mehr oder vielleicht noch nie das Gef\u00fchl gehabt., mich so frei ausdr\u00fccken zu k\u00f6nnen und wirklich meine Meinung zu sagen wie hier\u201c, brachte es eine der Teilnehmenden auf den Punkt. Neu war die Erfahrung auch f\u00fcr das Team von Amal. Viele der Redakteur:innen, die als Gefl\u00fcchtete nach Deutschland gekommen sind, kehrten nun zum ersten Mal nach Syrien zur\u00fcck. Sie konnten im Workshop vermitteln, was sie sich bei Amal erarbeitet haben und bekamen zugleich einen guten Einblick in die aktuelle Situation in Syrien. Nicht zuletzt ist die Amal Summer School auch eines der ersten gro\u00dfen Projekte, die von der Friedrich-Ebert-Stiftung bzw. \u00fcberhaupt von deutschen Organisationen in Syrien nach dem Fall des Regimes von Bashar al-Assad umgesetzt wurden.<\/p>\n<img loading=\"lazy\" decoding=\"async\" class=\"aligncenter wp-image-237355 size-large\" src=\"https:\/\/amalfrankfurt.de\/wp-content\/uploads\/sites\/5\/2025\/09\/WhatsApp-Image-2025-09-10-at-08.27.07-1024x768.jpeg\" alt=\"\" width=\"680\" height=\"510\" srcset=\"https:\/\/amalfrankfurt.de\/wp-content\/uploads\/sites\/5\/2025\/09\/WhatsApp-Image-2025-09-10-at-08.27.07-1024x768.jpeg 1024w, https:\/\/amalfrankfurt.de\/wp-content\/uploads\/sites\/5\/2025\/09\/WhatsApp-Image-2025-09-10-at-08.27.07-300x225.jpeg 300w, https:\/\/amalfrankfurt.de\/wp-content\/uploads\/sites\/5\/2025\/09\/WhatsApp-Image-2025-09-10-at-08.27.07-768x576.jpeg 768w, https:\/\/amalfrankfurt.de\/wp-content\/uploads\/sites\/5\/2025\/09\/WhatsApp-Image-2025-09-10-at-08.27.07-1536x1152.jpeg 1536w, https:\/\/amalfrankfurt.de\/wp-content\/uploads\/sites\/5\/2025\/09\/WhatsApp-Image-2025-09-10-at-08.27.07.jpeg 1600w\" sizes=\"auto, (max-width: 680px) 100vw, 680px\" \/>\n<p>Die gute Nachricht zuletzt: Der Sommer ist zwar vorbei und wir feiern das Ende der Summer School. Unser Projekt soll aber weitergehen. Wir haben festgestellt, dass neun Wochen Training nicht genug sind und wollen (vorausgesetzt wir bekommen die F\u00f6rderung daf\u00fcr) eine Lehrredaktion in Damaskus gr\u00fcnden. Nach dem Vorbild deutscher Journalistenschulen soll es hier eine Mischung aus Ausbildung und journalistischer Arbeit geben.<\/p>\n<p>&nbsp;<\/p>\n","protected":false},"excerpt":{"rendered":"<p>Vom ersten Augenblick war klar, dies wird ein ganz besonderer Sommer. Mitte Juli startete die erste journalistische Summer School von Amal in Damaskus. Wir hatten eine Ausschreibung gemacht und 15 Journalist:innen ausgew\u00e4hlt, um an diesem ganz besonderen Workshop teilzunehmen. Es ist eine sehr gemischte Gruppe: Die j\u00fcngste Teilnehmerin ist 19 Jahre alt und studiert noch&#8230;.  <a class=\"excerpt-read-more\" href=\"https:\/\/amalfrankfurt.de\/de\/2025\/09\/10\/ein-eimaliger-sommer\/\" title=\"Read Ein eimaliger Sommer\">Weiter &raquo;<\/a><\/p>\n","protected":false},"author":13,"featured_media":237361,"comment_status":"open","ping_status":"open","sticky":false,"template":"","format":"standard","meta":{"_acf_changed":false,"footnotes":""},"categories":[8754],"tags":[7783,2803,134],"class_list":["post-237334","post","type-post","status-publish","format-standard","has-post-thumbnail","hentry","category-damaskus-lehrredaktion","tag-damaskus","tag-journalismus","tag-syrien"],"acf":[],"yoast_head":"<!-- This site is optimized with the Yoast SEO plugin v27.4 - https:\/\/yoast.com\/product\/yoast-seo-wordpress\/ -->\n<title>Ein eimaliger Sommer - Amal, Frankfurt!<\/title>\n<meta name=\"description\" content=\"Vom ersten Augenblick war klar, dies wird ein ganz besonderer Sommer. Mitte Juli startete die erste journalistische Summer School von Amal in Damaskus.\" \/>\n<meta name=\"robots\" content=\"index, follow, max-snippet:-1, max-image-preview:large, max-video-preview:-1\" \/>\n<link rel=\"canonical\" href=\"https:\/\/amalfrankfurt.de\/de\/2025\/09\/10\/ein-eimaliger-sommer\/\" \/>\n<meta property=\"og:locale\" content=\"de_DE\" \/>\n<meta property=\"og:type\" content=\"article\" \/>\n<meta property=\"og:title\" content=\"Ein eimaliger Sommer - Amal, Frankfurt!\" \/>\n<meta property=\"og:description\" content=\"Vom ersten Augenblick war klar, dies wird ein ganz besonderer Sommer. Mitte Juli startete die erste journalistische Summer School von Amal in Damaskus.\" \/>\n<meta property=\"og:url\" content=\"https:\/\/amalfrankfurt.de\/de\/2025\/09\/10\/ein-eimaliger-sommer\/\" \/>\n<meta property=\"og:site_name\" content=\"Amal, Frankfurt!\" \/>\n<meta property=\"article:published_time\" content=\"2025-09-10T06:25:25+00:00\" \/>\n<meta property=\"article:modified_time\" content=\"2025-09-25T07:20:41+00:00\" \/>\n<meta property=\"og:image\" content=\"https:\/\/amalfrankfurt.de\/wp-content\/uploads\/sites\/5\/2025\/09\/WhatsApp-Image-2025-09-10-at-08.27.201.jpeg\" \/>\n\t<meta property=\"og:image:width\" content=\"1600\" \/>\n\t<meta property=\"og:image:height\" content=\"1200\" \/>\n\t<meta property=\"og:image:type\" content=\"image\/jpeg\" \/>\n<meta name=\"author\" content=\"Julia Gerlach\" \/>\n<meta name=\"twitter:card\" content=\"summary_large_image\" \/>\n<meta name=\"twitter:label1\" content=\"Verfasst von\" \/>\n\t<meta name=\"twitter:data1\" content=\"Julia Gerlach\" \/>\n\t<meta name=\"twitter:label2\" content=\"Gesch\u00e4tzte Lesezeit\" \/>\n\t<meta name=\"twitter:data2\" content=\"4\u00a0Minuten\" \/>\n<script type=\"application\/ld+json\" class=\"yoast-schema-graph\">{\"@context\":\"https:\\\/\\\/schema.org\",\"@graph\":[{\"@type\":\"Article\",\"@id\":\"https:\\\/\\\/amalfrankfurt.de\\\/de\\\/2025\\\/09\\\/10\\\/ein-eimaliger-sommer\\\/#article\",\"isPartOf\":{\"@id\":\"https:\\\/\\\/amalfrankfurt.de\\\/de\\\/2025\\\/09\\\/10\\\/ein-eimaliger-sommer\\\/\"},\"author\":{\"name\":\"Julia Gerlach\",\"@id\":\"https:\\\/\\\/amalfrankfurt.de\\\/de\\\/#\\\/schema\\\/person\\\/69d08bbfd6c317e7166f72efca0b9e05\"},\"headline\":\"Ein eimaliger Sommer\",\"datePublished\":\"2025-09-10T06:25:25+00:00\",\"dateModified\":\"2025-09-25T07:20:41+00:00\",\"mainEntityOfPage\":{\"@id\":\"https:\\\/\\\/amalfrankfurt.de\\\/de\\\/2025\\\/09\\\/10\\\/ein-eimaliger-sommer\\\/\"},\"wordCount\":633,\"commentCount\":0,\"image\":{\"@id\":\"https:\\\/\\\/amalfrankfurt.de\\\/de\\\/2025\\\/09\\\/10\\\/ein-eimaliger-sommer\\\/#primaryimage\"},\"thumbnailUrl\":\"https:\\\/\\\/amalfrankfurt.de\\\/wp-content\\\/uploads\\\/sites\\\/5\\\/2025\\\/09\\\/WhatsApp-Image-2025-09-10-at-08.27.201.jpeg\",\"keywords\":[\"Damaskus\",\"Journalismus\",\"Syrien\"],\"articleSection\":[\"Damaskus Lehrredaktion\"],\"inLanguage\":\"de\",\"potentialAction\":[{\"@type\":\"CommentAction\",\"name\":\"Comment\",\"target\":[\"https:\\\/\\\/amalfrankfurt.de\\\/de\\\/2025\\\/09\\\/10\\\/ein-eimaliger-sommer\\\/#respond\"]}]},{\"@type\":\"WebPage\",\"@id\":\"https:\\\/\\\/amalfrankfurt.de\\\/de\\\/2025\\\/09\\\/10\\\/ein-eimaliger-sommer\\\/\",\"url\":\"https:\\\/\\\/amalfrankfurt.de\\\/de\\\/2025\\\/09\\\/10\\\/ein-eimaliger-sommer\\\/\",\"name\":\"Ein eimaliger Sommer - Amal, Frankfurt!\",\"isPartOf\":{\"@id\":\"https:\\\/\\\/amalfrankfurt.de\\\/de\\\/#website\"},\"primaryImageOfPage\":{\"@id\":\"https:\\\/\\\/amalfrankfurt.de\\\/de\\\/2025\\\/09\\\/10\\\/ein-eimaliger-sommer\\\/#primaryimage\"},\"image\":{\"@id\":\"https:\\\/\\\/amalfrankfurt.de\\\/de\\\/2025\\\/09\\\/10\\\/ein-eimaliger-sommer\\\/#primaryimage\"},\"thumbnailUrl\":\"https:\\\/\\\/amalfrankfurt.de\\\/wp-content\\\/uploads\\\/sites\\\/5\\\/2025\\\/09\\\/WhatsApp-Image-2025-09-10-at-08.27.201.jpeg\",\"datePublished\":\"2025-09-10T06:25:25+00:00\",\"dateModified\":\"2025-09-25T07:20:41+00:00\",\"author\":{\"@id\":\"https:\\\/\\\/amalfrankfurt.de\\\/de\\\/#\\\/schema\\\/person\\\/69d08bbfd6c317e7166f72efca0b9e05\"},\"description\":\"Vom ersten Augenblick war klar, dies wird ein ganz besonderer Sommer. Mitte Juli startete die erste journalistische Summer School von Amal in Damaskus.\",\"breadcrumb\":{\"@id\":\"https:\\\/\\\/amalfrankfurt.de\\\/de\\\/2025\\\/09\\\/10\\\/ein-eimaliger-sommer\\\/#breadcrumb\"},\"inLanguage\":\"de\",\"potentialAction\":[{\"@type\":\"ReadAction\",\"target\":[\"https:\\\/\\\/amalfrankfurt.de\\\/de\\\/2025\\\/09\\\/10\\\/ein-eimaliger-sommer\\\/\"]}]},{\"@type\":\"ImageObject\",\"inLanguage\":\"de\",\"@id\":\"https:\\\/\\\/amalfrankfurt.de\\\/de\\\/2025\\\/09\\\/10\\\/ein-eimaliger-sommer\\\/#primaryimage\",\"url\":\"https:\\\/\\\/amalfrankfurt.de\\\/wp-content\\\/uploads\\\/sites\\\/5\\\/2025\\\/09\\\/WhatsApp-Image-2025-09-10-at-08.27.201.jpeg\",\"contentUrl\":\"https:\\\/\\\/amalfrankfurt.de\\\/wp-content\\\/uploads\\\/sites\\\/5\\\/2025\\\/09\\\/WhatsApp-Image-2025-09-10-at-08.27.201.jpeg\",\"width\":1600,\"height\":1200,\"caption\":\"damaskus\"},{\"@type\":\"BreadcrumbList\",\"@id\":\"https:\\\/\\\/amalfrankfurt.de\\\/de\\\/2025\\\/09\\\/10\\\/ein-eimaliger-sommer\\\/#breadcrumb\",\"itemListElement\":[{\"@type\":\"ListItem\",\"position\":1,\"name\":\"Home\",\"item\":\"https:\\\/\\\/amalfrankfurt.de\\\/de\\\/\"},{\"@type\":\"ListItem\",\"position\":2,\"name\":\"Ein eimaliger Sommer\"}]},{\"@type\":\"WebSite\",\"@id\":\"https:\\\/\\\/amalfrankfurt.de\\\/de\\\/#website\",\"url\":\"https:\\\/\\\/amalfrankfurt.de\\\/de\\\/\",\"name\":\"Amal, Frankfurt!\",\"description\":\"\",\"potentialAction\":[{\"@type\":\"SearchAction\",\"target\":{\"@type\":\"EntryPoint\",\"urlTemplate\":\"https:\\\/\\\/amalfrankfurt.de\\\/de\\\/?s={search_term_string}\"},\"query-input\":{\"@type\":\"PropertyValueSpecification\",\"valueRequired\":true,\"valueName\":\"search_term_string\"}}],\"inLanguage\":\"de\"},{\"@type\":\"Person\",\"@id\":\"https:\\\/\\\/amalfrankfurt.de\\\/de\\\/#\\\/schema\\\/person\\\/69d08bbfd6c317e7166f72efca0b9e05\",\"name\":\"Julia Gerlach\",\"image\":{\"@type\":\"ImageObject\",\"inLanguage\":\"de\",\"@id\":\"https:\\\/\\\/amalfrankfurt.de\\\/wp-content\\\/uploads\\\/sites\\\/5\\\/2023\\\/01\\\/aaaJulia-Gerlach-1-300x300-1-125x125.jpg\",\"url\":\"https:\\\/\\\/amalfrankfurt.de\\\/wp-content\\\/uploads\\\/sites\\\/5\\\/2023\\\/01\\\/aaaJulia-Gerlach-1-300x300-1-125x125.jpg\",\"contentUrl\":\"https:\\\/\\\/amalfrankfurt.de\\\/wp-content\\\/uploads\\\/sites\\\/5\\\/2023\\\/01\\\/aaaJulia-Gerlach-1-300x300-1-125x125.jpg\",\"caption\":\"Julia Gerlach\"},\"description\":\"Julia Gerlach ist Projektleiterin bei Amal, Berlin! Von 2008 bis 2015 hat sie als Korrespondentin f\u00fcr deutsche Medien aus Kairo \u00fcber die arabischen Welt berichtet. Zuvor war sie Redakteurin beim heute Journal des ZDF. Sie hat mehrere Sachb\u00fccher \u00fcber den Islam in Deutschland und den Arabischen Fr\u00fchling geschrieben.\",\"url\":\"https:\\\/\\\/amalfrankfurt.de\\\/de\\\/author\\\/julia\\\/\"}]}<\/script>\n<!-- \/ Yoast SEO plugin. -->","yoast_head_json":{"title":"Ein eimaliger Sommer - Amal, Frankfurt!","description":"Vom ersten Augenblick war klar, dies wird ein ganz besonderer Sommer. Mitte Juli startete die erste journalistische Summer School von Amal in Damaskus.","robots":{"index":"index","follow":"follow","max-snippet":"max-snippet:-1","max-image-preview":"max-image-preview:large","max-video-preview":"max-video-preview:-1"},"canonical":"https:\/\/amalfrankfurt.de\/de\/2025\/09\/10\/ein-eimaliger-sommer\/","og_locale":"de_DE","og_type":"article","og_title":"Ein eimaliger Sommer - Amal, Frankfurt!","og_description":"Vom ersten Augenblick war klar, dies wird ein ganz besonderer Sommer. Mitte Juli startete die erste journalistische Summer School von Amal in Damaskus.","og_url":"https:\/\/amalfrankfurt.de\/de\/2025\/09\/10\/ein-eimaliger-sommer\/","og_site_name":"Amal, Frankfurt!","article_published_time":"2025-09-10T06:25:25+00:00","article_modified_time":"2025-09-25T07:20:41+00:00","og_image":[{"width":1600,"height":1200,"url":"https:\/\/amalfrankfurt.de\/wp-content\/uploads\/sites\/5\/2025\/09\/WhatsApp-Image-2025-09-10-at-08.27.201.jpeg","type":"image\/jpeg"}],"author":"Julia Gerlach","twitter_card":"summary_large_image","twitter_misc":{"Verfasst von":"Julia Gerlach","Gesch\u00e4tzte Lesezeit":"4\u00a0Minuten"},"schema":{"@context":"https:\/\/schema.org","@graph":[{"@type":"Article","@id":"https:\/\/amalfrankfurt.de\/de\/2025\/09\/10\/ein-eimaliger-sommer\/#article","isPartOf":{"@id":"https:\/\/amalfrankfurt.de\/de\/2025\/09\/10\/ein-eimaliger-sommer\/"},"author":{"name":"Julia Gerlach","@id":"https:\/\/amalfrankfurt.de\/de\/#\/schema\/person\/69d08bbfd6c317e7166f72efca0b9e05"},"headline":"Ein eimaliger Sommer","datePublished":"2025-09-10T06:25:25+00:00","dateModified":"2025-09-25T07:20:41+00:00","mainEntityOfPage":{"@id":"https:\/\/amalfrankfurt.de\/de\/2025\/09\/10\/ein-eimaliger-sommer\/"},"wordCount":633,"commentCount":0,"image":{"@id":"https:\/\/amalfrankfurt.de\/de\/2025\/09\/10\/ein-eimaliger-sommer\/#primaryimage"},"thumbnailUrl":"https:\/\/amalfrankfurt.de\/wp-content\/uploads\/sites\/5\/2025\/09\/WhatsApp-Image-2025-09-10-at-08.27.201.jpeg","keywords":["Damaskus","Journalismus","Syrien"],"articleSection":["Damaskus Lehrredaktion"],"inLanguage":"de","potentialAction":[{"@type":"CommentAction","name":"Comment","target":["https:\/\/amalfrankfurt.de\/de\/2025\/09\/10\/ein-eimaliger-sommer\/#respond"]}]},{"@type":"WebPage","@id":"https:\/\/amalfrankfurt.de\/de\/2025\/09\/10\/ein-eimaliger-sommer\/","url":"https:\/\/amalfrankfurt.de\/de\/2025\/09\/10\/ein-eimaliger-sommer\/","name":"Ein eimaliger Sommer - Amal, Frankfurt!","isPartOf":{"@id":"https:\/\/amalfrankfurt.de\/de\/#website"},"primaryImageOfPage":{"@id":"https:\/\/amalfrankfurt.de\/de\/2025\/09\/10\/ein-eimaliger-sommer\/#primaryimage"},"image":{"@id":"https:\/\/amalfrankfurt.de\/de\/2025\/09\/10\/ein-eimaliger-sommer\/#primaryimage"},"thumbnailUrl":"https:\/\/amalfrankfurt.de\/wp-content\/uploads\/sites\/5\/2025\/09\/WhatsApp-Image-2025-09-10-at-08.27.201.jpeg","datePublished":"2025-09-10T06:25:25+00:00","dateModified":"2025-09-25T07:20:41+00:00","author":{"@id":"https:\/\/amalfrankfurt.de\/de\/#\/schema\/person\/69d08bbfd6c317e7166f72efca0b9e05"},"description":"Vom ersten Augenblick war klar, dies wird ein ganz besonderer Sommer. Mitte Juli startete die erste journalistische Summer School von Amal in Damaskus.","breadcrumb":{"@id":"https:\/\/amalfrankfurt.de\/de\/2025\/09\/10\/ein-eimaliger-sommer\/#breadcrumb"},"inLanguage":"de","potentialAction":[{"@type":"ReadAction","target":["https:\/\/amalfrankfurt.de\/de\/2025\/09\/10\/ein-eimaliger-sommer\/"]}]},{"@type":"ImageObject","inLanguage":"de","@id":"https:\/\/amalfrankfurt.de\/de\/2025\/09\/10\/ein-eimaliger-sommer\/#primaryimage","url":"https:\/\/amalfrankfurt.de\/wp-content\/uploads\/sites\/5\/2025\/09\/WhatsApp-Image-2025-09-10-at-08.27.201.jpeg","contentUrl":"https:\/\/amalfrankfurt.de\/wp-content\/uploads\/sites\/5\/2025\/09\/WhatsApp-Image-2025-09-10-at-08.27.201.jpeg","width":1600,"height":1200,"caption":"damaskus"},{"@type":"BreadcrumbList","@id":"https:\/\/amalfrankfurt.de\/de\/2025\/09\/10\/ein-eimaliger-sommer\/#breadcrumb","itemListElement":[{"@type":"ListItem","position":1,"name":"Home","item":"https:\/\/amalfrankfurt.de\/de\/"},{"@type":"ListItem","position":2,"name":"Ein eimaliger Sommer"}]},{"@type":"WebSite","@id":"https:\/\/amalfrankfurt.de\/de\/#website","url":"https:\/\/amalfrankfurt.de\/de\/","name":"Amal, Frankfurt!","description":"","potentialAction":[{"@type":"SearchAction","target":{"@type":"EntryPoint","urlTemplate":"https:\/\/amalfrankfurt.de\/de\/?s={search_term_string}"},"query-input":{"@type":"PropertyValueSpecification","valueRequired":true,"valueName":"search_term_string"}}],"inLanguage":"de"},{"@type":"Person","@id":"https:\/\/amalfrankfurt.de\/de\/#\/schema\/person\/69d08bbfd6c317e7166f72efca0b9e05","name":"Julia Gerlach","image":{"@type":"ImageObject","inLanguage":"de","@id":"https:\/\/amalfrankfurt.de\/wp-content\/uploads\/sites\/5\/2023\/01\/aaaJulia-Gerlach-1-300x300-1-125x125.jpg","url":"https:\/\/amalfrankfurt.de\/wp-content\/uploads\/sites\/5\/2023\/01\/aaaJulia-Gerlach-1-300x300-1-125x125.jpg","contentUrl":"https:\/\/amalfrankfurt.de\/wp-content\/uploads\/sites\/5\/2023\/01\/aaaJulia-Gerlach-1-300x300-1-125x125.jpg","caption":"Julia Gerlach"},"description":"Julia Gerlach ist Projektleiterin bei Amal, Berlin! Von 2008 bis 2015 hat sie als Korrespondentin f\u00fcr deutsche Medien aus Kairo \u00fcber die arabischen Welt berichtet. Zuvor war sie Redakteurin beim heute Journal des ZDF. Sie hat mehrere Sachb\u00fccher \u00fcber den Islam in Deutschland und den Arabischen Fr\u00fchling geschrieben.","url":"https:\/\/amalfrankfurt.de\/de\/author\/julia\/"}]}},"_links":{"self":[{"href":"https:\/\/amalfrankfurt.de\/de\/wp-json\/wp\/v2\/posts\/237334","targetHints":{"allow":["GET"]}}],"collection":[{"href":"https:\/\/amalfrankfurt.de\/de\/wp-json\/wp\/v2\/posts"}],"about":[{"href":"https:\/\/amalfrankfurt.de\/de\/wp-json\/wp\/v2\/types\/post"}],"author":[{"embeddable":true,"href":"https:\/\/amalfrankfurt.de\/de\/wp-json\/wp\/v2\/users\/13"}],"replies":[{"embeddable":true,"href":"https:\/\/amalfrankfurt.de\/de\/wp-json\/wp\/v2\/comments?post=237334"}],"version-history":[{"count":6,"href":"https:\/\/amalfrankfurt.de\/de\/wp-json\/wp\/v2\/posts\/237334\/revisions"}],"predecessor-version":[{"id":237360,"href":"https:\/\/amalfrankfurt.de\/de\/wp-json\/wp\/v2\/posts\/237334\/revisions\/237360"}],"wp:featuredmedia":[{"embeddable":true,"href":"https:\/\/amalfrankfurt.de\/de\/wp-json\/wp\/v2\/media\/237361"}],"wp:attachment":[{"href":"https:\/\/amalfrankfurt.de\/de\/wp-json\/wp\/v2\/media?parent=237334"}],"wp:term":[{"taxonomy":"category","embeddable":true,"href":"https:\/\/amalfrankfurt.de\/de\/wp-json\/wp\/v2\/categories?post=237334"},{"taxonomy":"post_tag","embeddable":true,"href":"https:\/\/amalfrankfurt.de\/de\/wp-json\/wp\/v2\/tags?post=237334"}],"curies":[{"name":"wp","href":"https:\/\/api.w.org\/{rel}","templated":true}]}}