{"id":219451,"date":"2025-01-16T08:18:35","date_gmt":"2025-01-16T07:18:35","guid":{"rendered":"https:\/\/amalfrankfurt.de\/?p=219451"},"modified":"2025-02-05T08:49:39","modified_gmt":"2025-02-05T07:49:39","slug":"perfekt-integriert","status":"publish","type":"post","link":"https:\/\/amalfrankfurt.de\/de\/2025\/01\/16\/perfekt-integriert\/","title":{"rendered":"Perfekt integriert"},"content":{"rendered":"<table width=\"100%\">\n<tbody>\n<tr>\n<td>\n<table width=\"100%\">\n<tbody>\n<tr>\n<td>Es ist Wahlkampf und Thema Integration ist mal wieder das, wor\u00fcber alle Parteien streiten. Wir st\u00fcrzen uns ins Get\u00fcmmel und streiten mit. Aber, wor\u00fcber eigentlich? Was ist eigentlich Integration? Wann ist eine Person integriert und woran erkennen wir Un-Integrierte? Darum soll es in diesem Newsletter gehen und sie ahnen es schon: Wir haben dazu unsere eigene Definition und dazu noch ziemlich viele Fragen.<\/p>\n<p>Machen wir ein Gedankenspiel: Stellen Sie sich einen Mann aus Syrien vor, er lebt seit 5 Jahren in Dortmund, Apotheker in Festanstellung, spricht Deutsch auf C1-Niveau, er hat eine Freundin, deren Familie seit drei Generationen in Dittmarschen lebt, ein Aquarium mit Zierfischen und am Wochenende guckt er Tatort. Er kann \u00fcber Dieter Hallervorden lachen und engagiert sich bei THW. In seinem Fall sind sich wahrscheinlich alle einig: Er ist perfekt integriert.<\/p>\n<p>Aber was ist, wenn ein solcher Mann, &#8211; sagen wir: Sein Doppelg\u00e4nger &#8211; sich schwert\u00e4te mit Sprachen und es einfach nicht schafft, Deutsch zu lernen? Da er aber in Berlin lebt und nicht in Dortmund und Programmierer ist und nicht Apotheker, ist es kein Problem: Er hat viele syrische Freunde und kommt im restlichen Alltag mit seinem br\u00f6ckeligen Englisch durch. Seine Freundin kommt auch aus Syrien. Sie leben typisch deutsch als unverheiratetes Paar zusammen. Er f\u00fchlt sich in Deutschland zu Hause, geht w\u00e4hlen und lacht zwar nicht \u00fcber Dieter Hallervorden, aber daf\u00fcr \u00fcber seine deutschen Nachbarn, die immer ganz ordentlich ihre Schuhe vor der Wohnungst\u00fcr aufbewahren. Was ist mit ihm: Ist er weniger integriert als das erste Beispiel?<\/p>\n<p>Und was w\u00e4re, wenn unser erstes Beispiel seinen Job verliert und pl\u00f6tzlich auf B\u00fcrgergeld angewiesen w\u00e4re: W\u00e4re er dann auf einen Schlag nicht mehr integriert?<\/p>\n<p>Diese Fragen k\u00f6nnen wir hier nicht beantworten. Vielmehr wollen wir auf drei Beitr\u00e4ge hinweisen, die in dieser Woche auf den Amal-Kan\u00e4len erschienen sind.<\/p>\n<h3>Das Schuhregal<\/h3>\n<p>Viktoriia Chernykova-Beredztka geht in ihrem Bericht der Frage mit den Schuhregalen nach. Der Kollegin ist aufgefallen, dass viele deutsche Familien ihre Schuhe vor der Wohnungst\u00fcr aufbewahren und oft daf\u00fcr sogar Schuhregale im Hausflur installieren. In der Ukraine sei so etwas undenkbar und sie m\u00f6chte wissen: Warum machen die Deutschen das? Wieso ist das nicht verboten? Es ist ein typischer Amal-Beitrag: Der Kollegin ist etwas aufgefallen, sie findet es merkw\u00fcrdig und wei\u00df, dass es vielen anderen Ukrainer:innen \u00e4hnlich geht. Sie findet heraus, was sich hinter dem Ph\u00e4nomen verbirgt und von nun an wei\u00df sie, wissen unsere Leser:innen, wenn sie sich mal wieder \u00fcber Schuhe im Hausflur \u00e4rgern, dass dies zwar eigentlich nicht wirklich erlaubt ist, aber doch geduldet wird. Durch dies Wissen f\u00fchlen sich die Leute gleich ein bisschen mehr zu Hause. Genau dies Gef\u00fchl ist wichtiger Bestandteil von unserer Definition von Integration.<\/p>\n<h3>Die Au\u00dfenministerin<\/h3>\n<p>Der Besuch von Annalena Baerbock nach Damaskus war und ist auch immer noch ein Thema, \u00fcber das die syrische Community derzeit extrem viel redet. Die meisten schimpfen: \u00dcber Baerbocks Outfit, \u00fcber den Handshake und \u00fcber all die Themen, die wichtig sind, aber bei dem Besuch nicht gekl\u00e4rt wurden. Mitreden, das ist f\u00fcr uns der n\u00e4chste wichtige Aspekt von Integration. Selbst, wenn es viel Geschimpfe ist. Schlie\u00dflich ist das doch typisch Deutsch. Oder kennen Sie viele Menschen, die derzeit mehr als zwei positive zusammenh\u00e4ngende S\u00e4tze \u00fcber die Politik der noch-Regierung formulieren w\u00fcrden? Anas Khabir war auf der Berliner Sonnenallee und hat die Stimmung unter Syrer:innen eingefangen. Sie schimpfen und schimpfen und die meisten sagen, dass sie lieber heute als morgen nach Syrien zur\u00fcckkehren w\u00fcrden. Ob das so stimmt? Mitten in die Schimpftirade meldet sich ein kleines M\u00e4dchen zu Wort. Es geht brav bei ihrem Vater an der Hand und hat ihm beim Interview zugeh\u00f6rt. &#8222;Also, ich w\u00fcrde maximal zu Besuch nach Syrien fahren!&#8220;, unterbricht sie ihn: &#8222;F\u00fcr immer da leben: niemals!&#8220; <a href=\"https:\/\/fb.watch\/x7D-7iNinE\/\">Hier<\/a> geht es zum Video.<\/td>\n<\/tr>\n<\/tbody>\n<\/table>\n<\/td>\n<\/tr>\n<\/tbody>\n<\/table>\n<table width=\"100%\">\n<tbody>\n<tr>\n<td>\n<table width=\"273\">\n<tbody>\n<tr>\n<td><\/td>\n<\/tr>\n<\/tbody>\n<\/table>\n<table width=\"273\">\n<tbody>\n<tr>\n<td>\n<table width=\"273\">\n<tbody>\n<tr>\n<td><\/td>\n<\/tr>\n<\/tbody>\n<\/table>\n<table width=\"273\">\n<tbody>\n<tr>\n<td><img loading=\"lazy\" decoding=\"async\" class=\"alignnone size-medium wp-image-219452\" src=\"https:\/\/amalfrankfurt.de\/wp-content\/uploads\/sites\/5\/2025\/02\/Screenshot-2025-01-15-at-16-34-27-20-Facebook-300x224.png\" alt=\"\" width=\"300\" height=\"224\" \/> <img loading=\"lazy\" decoding=\"async\" class=\"alignnone size-medium wp-image-219458\" src=\"https:\/\/amalfrankfurt.de\/wp-content\/uploads\/sites\/5\/2025\/02\/Screenshot-2025-01-15-at-16-34-41-20-Facebook-300x224.png\" alt=\"\" width=\"300\" height=\"224\" \/><\/td>\n<\/tr>\n<\/tbody>\n<\/table>\n<\/td>\n<\/tr>\n<\/tbody>\n<\/table>\n<\/td>\n<\/tr>\n<\/tbody>\n<\/table>\n<table width=\"100%\">\n<tbody>\n<tr>\n<td>\n<table width=\"100%\">\n<tbody>\n<tr>\n<td>\n<h3>Das Ticket<\/h3>\n<p>Das gr\u00f6\u00dfte Aufreger-Thema diese Woche war allerdings die Meldung \u00fcber die Abschiebeflugtickets, die von der AfD als Wahlwerbung verteilt wurden. Dazu brauchen wir wohl gar nicht viel zu schreiben und verlinken hier nur auf unseren Dari\/Farsi Instagram Kanal. Wir haben eine neue Praktikantin, die unser Team seit Jahresbegin verst\u00e4rkt. Leila Mahmoudi. Sie ist bei afghanischen Frauen wegen ihres Beauty-Livestyle-Channels auf TikTok-bekannt. Wir hoffen, dass sie &#8222;ihre&#8220; Community nun auch f\u00fcr Nachrichten und Politik-Themen begeistern kann.<\/td>\n<\/tr>\n<\/tbody>\n<\/table>\n<\/td>\n<\/tr>\n<\/tbody>\n<\/table>\n<table width=\"100%\">\n<tbody>\n<tr>\n<td>\n<table width=\"273\">\n<tbody>\n<tr>\n<td><\/td>\n<\/tr>\n<\/tbody>\n<\/table>\n<table width=\"273\">\n<tbody>\n<tr>\n<td><img loading=\"lazy\" decoding=\"async\" class=\"size-medium wp-image-219464 aligncenter\" src=\"https:\/\/amalfrankfurt.de\/wp-content\/uploads\/sites\/5\/2025\/02\/WhatsApp-Image-2025-01-15-at-9.59.37-AM-138x300.jpeg\" alt=\"\" width=\"138\" height=\"300\" \/><\/td>\n<\/tr>\n<\/tbody>\n<\/table>\n<\/td>\n<\/tr>\n<\/tbody>\n<\/table>\n<table width=\"100%\">\n<tbody>\n<tr>\n<td>\n<table width=\"100%\">\n<tbody>\n<tr>\n<td><\/td>\n<\/tr>\n<\/tbody>\n<\/table>\n<\/td>\n<\/tr>\n<\/tbody>\n<\/table>\n<table width=\"100%\">\n<tbody>\n<tr>\n<td>\n<table width=\"100%\">\n<tbody>\n<tr>\n<td><\/td>\n<\/tr>\n<\/tbody>\n<\/table>\n<\/td>\n<\/tr>\n<\/tbody>\n<\/table>\n<table width=\"100%\">\n<tbody>\n<tr>\n<td>\n<table width=\"100%\">\n<tbody>\n<tr>\n<td><strong>Viele Gr\u00fc\u00dfe vom\u00a0Amal-Team<\/strong><br \/>\nFotos: Amal<a href=\"http:\/\/amalhamburg.de\">amalhamburg.de<\/a> <a href=\"https:\/\/amalfrankfurt.de\">amalfrankfurt.de<\/a> <a href=\"http:\/\/amalberlin.de\">amalberlin.de<\/a><\/td>\n<\/tr>\n<\/tbody>\n<\/table>\n<\/td>\n<\/tr>\n<\/tbody>\n<\/table>\n","protected":false},"excerpt":{"rendered":"<p>Es ist Wahlkampf und Thema Integration ist mal wieder das, wor\u00fcber alle Parteien streiten. Wir st\u00fcrzen uns ins Get\u00fcmmel und streiten mit. Aber, wor\u00fcber eigentlich? Was ist eigentlich Integration? Wann ist eine Person integriert und woran erkennen wir Un-Integrierte? Darum soll es in diesem Newsletter gehen und sie ahnen es schon: Wir haben dazu unsere&#8230;  <a class=\"excerpt-read-more\" href=\"https:\/\/amalfrankfurt.de\/de\/2025\/01\/16\/perfekt-integriert\/\" title=\"Read Perfekt integriert\">Weiter &raquo;<\/a><\/p>\n","protected":false},"author":13,"featured_media":219470,"comment_status":"open","ping_status":"open","sticky":false,"template":"","format":"standard","meta":{"_acf_changed":false,"footnotes":""},"categories":[26],"tags":[715,6766],"class_list":["post-219451","post","type-post","status-publish","format-standard","has-post-thumbnail","hentry","category-themen-diese-woche","tag-integration","tag-wahl-2025"],"acf":[],"yoast_head":"<!-- This site is optimized with the Yoast SEO plugin v27.4 - https:\/\/yoast.com\/product\/yoast-seo-wordpress\/ -->\n<title>Perfekt integriert - Amal, Frankfurt!<\/title>\n<meta name=\"robots\" content=\"index, follow, max-snippet:-1, max-image-preview:large, max-video-preview:-1\" \/>\n<link rel=\"canonical\" href=\"https:\/\/amalfrankfurt.de\/de\/2025\/01\/16\/perfekt-integriert\/\" \/>\n<meta property=\"og:locale\" content=\"de_DE\" \/>\n<meta property=\"og:type\" content=\"article\" \/>\n<meta property=\"og:title\" content=\"Perfekt integriert - Amal, Frankfurt!\" \/>\n<meta property=\"og:description\" content=\"Es ist Wahlkampf und Thema Integration ist mal wieder das, wor\u00fcber alle Parteien streiten. Wir st\u00fcrzen uns ins Get\u00fcmmel und streiten mit. Aber, wor\u00fcber eigentlich? Was ist eigentlich Integration? Wann ist eine Person integriert und woran erkennen wir Un-Integrierte? Darum soll es in diesem Newsletter gehen und sie ahnen es schon: Wir haben dazu unsere... Weiter &raquo;\" \/>\n<meta property=\"og:url\" content=\"https:\/\/amalfrankfurt.de\/de\/2025\/01\/16\/perfekt-integriert\/\" \/>\n<meta property=\"og:site_name\" content=\"Amal, Frankfurt!\" \/>\n<meta property=\"article:published_time\" content=\"2025-01-16T07:18:35+00:00\" \/>\n<meta property=\"article:modified_time\" content=\"2025-02-05T07:49:39+00:00\" \/>\n<meta property=\"og:image\" content=\"https:\/\/amalfrankfurt.de\/wp-content\/uploads\/sites\/5\/2025\/01\/IMG_5764-e1736860626610-630x420-1.jpg\" \/>\n\t<meta property=\"og:image:width\" content=\"630\" \/>\n\t<meta property=\"og:image:height\" content=\"420\" \/>\n\t<meta property=\"og:image:type\" content=\"image\/jpeg\" \/>\n<meta name=\"author\" content=\"Julia Gerlach\" \/>\n<meta name=\"twitter:card\" content=\"summary_large_image\" \/>\n<meta name=\"twitter:label1\" content=\"Verfasst von\" \/>\n\t<meta name=\"twitter:data1\" content=\"Julia Gerlach\" \/>\n\t<meta name=\"twitter:label2\" content=\"Gesch\u00e4tzte Lesezeit\" \/>\n\t<meta name=\"twitter:data2\" content=\"5\u00a0Minuten\" \/>\n<script type=\"application\/ld+json\" class=\"yoast-schema-graph\">{\"@context\":\"https:\\\/\\\/schema.org\",\"@graph\":[{\"@type\":\"Article\",\"@id\":\"https:\\\/\\\/amalfrankfurt.de\\\/de\\\/2025\\\/01\\\/16\\\/perfekt-integriert\\\/#article\",\"isPartOf\":{\"@id\":\"https:\\\/\\\/amalfrankfurt.de\\\/de\\\/2025\\\/01\\\/16\\\/perfekt-integriert\\\/\"},\"author\":{\"name\":\"Julia Gerlach\",\"@id\":\"https:\\\/\\\/amalfrankfurt.de\\\/de\\\/#\\\/schema\\\/person\\\/69d08bbfd6c317e7166f72efca0b9e05\"},\"headline\":\"Perfekt integriert\",\"datePublished\":\"2025-01-16T07:18:35+00:00\",\"dateModified\":\"2025-02-05T07:49:39+00:00\",\"mainEntityOfPage\":{\"@id\":\"https:\\\/\\\/amalfrankfurt.de\\\/de\\\/2025\\\/01\\\/16\\\/perfekt-integriert\\\/\"},\"wordCount\":759,\"commentCount\":0,\"image\":{\"@id\":\"https:\\\/\\\/amalfrankfurt.de\\\/de\\\/2025\\\/01\\\/16\\\/perfekt-integriert\\\/#primaryimage\"},\"thumbnailUrl\":\"https:\\\/\\\/amalfrankfurt.de\\\/wp-content\\\/uploads\\\/sites\\\/5\\\/2025\\\/01\\\/IMG_5764-e1736860626610-630x420-1.jpg\",\"keywords\":[\"Integration\",\"Wahl 2025\"],\"articleSection\":[\"Themen diese Woche\"],\"inLanguage\":\"de\",\"potentialAction\":[{\"@type\":\"CommentAction\",\"name\":\"Comment\",\"target\":[\"https:\\\/\\\/amalfrankfurt.de\\\/de\\\/2025\\\/01\\\/16\\\/perfekt-integriert\\\/#respond\"]}]},{\"@type\":\"WebPage\",\"@id\":\"https:\\\/\\\/amalfrankfurt.de\\\/de\\\/2025\\\/01\\\/16\\\/perfekt-integriert\\\/\",\"url\":\"https:\\\/\\\/amalfrankfurt.de\\\/de\\\/2025\\\/01\\\/16\\\/perfekt-integriert\\\/\",\"name\":\"Perfekt integriert - Amal, Frankfurt!\",\"isPartOf\":{\"@id\":\"https:\\\/\\\/amalfrankfurt.de\\\/de\\\/#website\"},\"primaryImageOfPage\":{\"@id\":\"https:\\\/\\\/amalfrankfurt.de\\\/de\\\/2025\\\/01\\\/16\\\/perfekt-integriert\\\/#primaryimage\"},\"image\":{\"@id\":\"https:\\\/\\\/amalfrankfurt.de\\\/de\\\/2025\\\/01\\\/16\\\/perfekt-integriert\\\/#primaryimage\"},\"thumbnailUrl\":\"https:\\\/\\\/amalfrankfurt.de\\\/wp-content\\\/uploads\\\/sites\\\/5\\\/2025\\\/01\\\/IMG_5764-e1736860626610-630x420-1.jpg\",\"datePublished\":\"2025-01-16T07:18:35+00:00\",\"dateModified\":\"2025-02-05T07:49:39+00:00\",\"author\":{\"@id\":\"https:\\\/\\\/amalfrankfurt.de\\\/de\\\/#\\\/schema\\\/person\\\/69d08bbfd6c317e7166f72efca0b9e05\"},\"breadcrumb\":{\"@id\":\"https:\\\/\\\/amalfrankfurt.de\\\/de\\\/2025\\\/01\\\/16\\\/perfekt-integriert\\\/#breadcrumb\"},\"inLanguage\":\"de\",\"potentialAction\":[{\"@type\":\"ReadAction\",\"target\":[\"https:\\\/\\\/amalfrankfurt.de\\\/de\\\/2025\\\/01\\\/16\\\/perfekt-integriert\\\/\"]}]},{\"@type\":\"ImageObject\",\"inLanguage\":\"de\",\"@id\":\"https:\\\/\\\/amalfrankfurt.de\\\/de\\\/2025\\\/01\\\/16\\\/perfekt-integriert\\\/#primaryimage\",\"url\":\"https:\\\/\\\/amalfrankfurt.de\\\/wp-content\\\/uploads\\\/sites\\\/5\\\/2025\\\/01\\\/IMG_5764-e1736860626610-630x420-1.jpg\",\"contentUrl\":\"https:\\\/\\\/amalfrankfurt.de\\\/wp-content\\\/uploads\\\/sites\\\/5\\\/2025\\\/01\\\/IMG_5764-e1736860626610-630x420-1.jpg\"},{\"@type\":\"BreadcrumbList\",\"@id\":\"https:\\\/\\\/amalfrankfurt.de\\\/de\\\/2025\\\/01\\\/16\\\/perfekt-integriert\\\/#breadcrumb\",\"itemListElement\":[{\"@type\":\"ListItem\",\"position\":1,\"name\":\"Home\",\"item\":\"https:\\\/\\\/amalfrankfurt.de\\\/de\\\/\"},{\"@type\":\"ListItem\",\"position\":2,\"name\":\"Perfekt integriert\"}]},{\"@type\":\"WebSite\",\"@id\":\"https:\\\/\\\/amalfrankfurt.de\\\/de\\\/#website\",\"url\":\"https:\\\/\\\/amalfrankfurt.de\\\/de\\\/\",\"name\":\"Amal, Frankfurt!\",\"description\":\"\",\"potentialAction\":[{\"@type\":\"SearchAction\",\"target\":{\"@type\":\"EntryPoint\",\"urlTemplate\":\"https:\\\/\\\/amalfrankfurt.de\\\/de\\\/?s={search_term_string}\"},\"query-input\":{\"@type\":\"PropertyValueSpecification\",\"valueRequired\":true,\"valueName\":\"search_term_string\"}}],\"inLanguage\":\"de\"},{\"@type\":\"Person\",\"@id\":\"https:\\\/\\\/amalfrankfurt.de\\\/de\\\/#\\\/schema\\\/person\\\/69d08bbfd6c317e7166f72efca0b9e05\",\"name\":\"Julia Gerlach\",\"image\":{\"@type\":\"ImageObject\",\"inLanguage\":\"de\",\"@id\":\"https:\\\/\\\/amalfrankfurt.de\\\/wp-content\\\/uploads\\\/sites\\\/5\\\/2023\\\/01\\\/aaaJulia-Gerlach-1-300x300-1-125x125.jpg\",\"url\":\"https:\\\/\\\/amalfrankfurt.de\\\/wp-content\\\/uploads\\\/sites\\\/5\\\/2023\\\/01\\\/aaaJulia-Gerlach-1-300x300-1-125x125.jpg\",\"contentUrl\":\"https:\\\/\\\/amalfrankfurt.de\\\/wp-content\\\/uploads\\\/sites\\\/5\\\/2023\\\/01\\\/aaaJulia-Gerlach-1-300x300-1-125x125.jpg\",\"caption\":\"Julia Gerlach\"},\"description\":\"Julia Gerlach ist Projektleiterin bei Amal, Berlin! Von 2008 bis 2015 hat sie als Korrespondentin f\u00fcr deutsche Medien aus Kairo \u00fcber die arabischen Welt berichtet. Zuvor war sie Redakteurin beim heute Journal des ZDF. Sie hat mehrere Sachb\u00fccher \u00fcber den Islam in Deutschland und den Arabischen Fr\u00fchling geschrieben.\",\"url\":\"https:\\\/\\\/amalfrankfurt.de\\\/de\\\/author\\\/julia\\\/\"}]}<\/script>\n<!-- \/ Yoast SEO plugin. -->","yoast_head_json":{"title":"Perfekt integriert - Amal, Frankfurt!","robots":{"index":"index","follow":"follow","max-snippet":"max-snippet:-1","max-image-preview":"max-image-preview:large","max-video-preview":"max-video-preview:-1"},"canonical":"https:\/\/amalfrankfurt.de\/de\/2025\/01\/16\/perfekt-integriert\/","og_locale":"de_DE","og_type":"article","og_title":"Perfekt integriert - Amal, Frankfurt!","og_description":"Es ist Wahlkampf und Thema Integration ist mal wieder das, wor\u00fcber alle Parteien streiten. Wir st\u00fcrzen uns ins Get\u00fcmmel und streiten mit. Aber, wor\u00fcber eigentlich? Was ist eigentlich Integration? Wann ist eine Person integriert und woran erkennen wir Un-Integrierte? Darum soll es in diesem Newsletter gehen und sie ahnen es schon: Wir haben dazu unsere... Weiter &raquo;","og_url":"https:\/\/amalfrankfurt.de\/de\/2025\/01\/16\/perfekt-integriert\/","og_site_name":"Amal, Frankfurt!","article_published_time":"2025-01-16T07:18:35+00:00","article_modified_time":"2025-02-05T07:49:39+00:00","og_image":[{"width":630,"height":420,"url":"https:\/\/amalfrankfurt.de\/wp-content\/uploads\/sites\/5\/2025\/01\/IMG_5764-e1736860626610-630x420-1.jpg","type":"image\/jpeg"}],"author":"Julia Gerlach","twitter_card":"summary_large_image","twitter_misc":{"Verfasst von":"Julia Gerlach","Gesch\u00e4tzte Lesezeit":"5\u00a0Minuten"},"schema":{"@context":"https:\/\/schema.org","@graph":[{"@type":"Article","@id":"https:\/\/amalfrankfurt.de\/de\/2025\/01\/16\/perfekt-integriert\/#article","isPartOf":{"@id":"https:\/\/amalfrankfurt.de\/de\/2025\/01\/16\/perfekt-integriert\/"},"author":{"name":"Julia Gerlach","@id":"https:\/\/amalfrankfurt.de\/de\/#\/schema\/person\/69d08bbfd6c317e7166f72efca0b9e05"},"headline":"Perfekt integriert","datePublished":"2025-01-16T07:18:35+00:00","dateModified":"2025-02-05T07:49:39+00:00","mainEntityOfPage":{"@id":"https:\/\/amalfrankfurt.de\/de\/2025\/01\/16\/perfekt-integriert\/"},"wordCount":759,"commentCount":0,"image":{"@id":"https:\/\/amalfrankfurt.de\/de\/2025\/01\/16\/perfekt-integriert\/#primaryimage"},"thumbnailUrl":"https:\/\/amalfrankfurt.de\/wp-content\/uploads\/sites\/5\/2025\/01\/IMG_5764-e1736860626610-630x420-1.jpg","keywords":["Integration","Wahl 2025"],"articleSection":["Themen diese Woche"],"inLanguage":"de","potentialAction":[{"@type":"CommentAction","name":"Comment","target":["https:\/\/amalfrankfurt.de\/de\/2025\/01\/16\/perfekt-integriert\/#respond"]}]},{"@type":"WebPage","@id":"https:\/\/amalfrankfurt.de\/de\/2025\/01\/16\/perfekt-integriert\/","url":"https:\/\/amalfrankfurt.de\/de\/2025\/01\/16\/perfekt-integriert\/","name":"Perfekt integriert - Amal, Frankfurt!","isPartOf":{"@id":"https:\/\/amalfrankfurt.de\/de\/#website"},"primaryImageOfPage":{"@id":"https:\/\/amalfrankfurt.de\/de\/2025\/01\/16\/perfekt-integriert\/#primaryimage"},"image":{"@id":"https:\/\/amalfrankfurt.de\/de\/2025\/01\/16\/perfekt-integriert\/#primaryimage"},"thumbnailUrl":"https:\/\/amalfrankfurt.de\/wp-content\/uploads\/sites\/5\/2025\/01\/IMG_5764-e1736860626610-630x420-1.jpg","datePublished":"2025-01-16T07:18:35+00:00","dateModified":"2025-02-05T07:49:39+00:00","author":{"@id":"https:\/\/amalfrankfurt.de\/de\/#\/schema\/person\/69d08bbfd6c317e7166f72efca0b9e05"},"breadcrumb":{"@id":"https:\/\/amalfrankfurt.de\/de\/2025\/01\/16\/perfekt-integriert\/#breadcrumb"},"inLanguage":"de","potentialAction":[{"@type":"ReadAction","target":["https:\/\/amalfrankfurt.de\/de\/2025\/01\/16\/perfekt-integriert\/"]}]},{"@type":"ImageObject","inLanguage":"de","@id":"https:\/\/amalfrankfurt.de\/de\/2025\/01\/16\/perfekt-integriert\/#primaryimage","url":"https:\/\/amalfrankfurt.de\/wp-content\/uploads\/sites\/5\/2025\/01\/IMG_5764-e1736860626610-630x420-1.jpg","contentUrl":"https:\/\/amalfrankfurt.de\/wp-content\/uploads\/sites\/5\/2025\/01\/IMG_5764-e1736860626610-630x420-1.jpg"},{"@type":"BreadcrumbList","@id":"https:\/\/amalfrankfurt.de\/de\/2025\/01\/16\/perfekt-integriert\/#breadcrumb","itemListElement":[{"@type":"ListItem","position":1,"name":"Home","item":"https:\/\/amalfrankfurt.de\/de\/"},{"@type":"ListItem","position":2,"name":"Perfekt integriert"}]},{"@type":"WebSite","@id":"https:\/\/amalfrankfurt.de\/de\/#website","url":"https:\/\/amalfrankfurt.de\/de\/","name":"Amal, Frankfurt!","description":"","potentialAction":[{"@type":"SearchAction","target":{"@type":"EntryPoint","urlTemplate":"https:\/\/amalfrankfurt.de\/de\/?s={search_term_string}"},"query-input":{"@type":"PropertyValueSpecification","valueRequired":true,"valueName":"search_term_string"}}],"inLanguage":"de"},{"@type":"Person","@id":"https:\/\/amalfrankfurt.de\/de\/#\/schema\/person\/69d08bbfd6c317e7166f72efca0b9e05","name":"Julia Gerlach","image":{"@type":"ImageObject","inLanguage":"de","@id":"https:\/\/amalfrankfurt.de\/wp-content\/uploads\/sites\/5\/2023\/01\/aaaJulia-Gerlach-1-300x300-1-125x125.jpg","url":"https:\/\/amalfrankfurt.de\/wp-content\/uploads\/sites\/5\/2023\/01\/aaaJulia-Gerlach-1-300x300-1-125x125.jpg","contentUrl":"https:\/\/amalfrankfurt.de\/wp-content\/uploads\/sites\/5\/2023\/01\/aaaJulia-Gerlach-1-300x300-1-125x125.jpg","caption":"Julia Gerlach"},"description":"Julia Gerlach ist Projektleiterin bei Amal, Berlin! Von 2008 bis 2015 hat sie als Korrespondentin f\u00fcr deutsche Medien aus Kairo \u00fcber die arabischen Welt berichtet. Zuvor war sie Redakteurin beim heute Journal des ZDF. Sie hat mehrere Sachb\u00fccher \u00fcber den Islam in Deutschland und den Arabischen Fr\u00fchling geschrieben.","url":"https:\/\/amalfrankfurt.de\/de\/author\/julia\/"}]}},"_links":{"self":[{"href":"https:\/\/amalfrankfurt.de\/de\/wp-json\/wp\/v2\/posts\/219451","targetHints":{"allow":["GET"]}}],"collection":[{"href":"https:\/\/amalfrankfurt.de\/de\/wp-json\/wp\/v2\/posts"}],"about":[{"href":"https:\/\/amalfrankfurt.de\/de\/wp-json\/wp\/v2\/types\/post"}],"author":[{"embeddable":true,"href":"https:\/\/amalfrankfurt.de\/de\/wp-json\/wp\/v2\/users\/13"}],"replies":[{"embeddable":true,"href":"https:\/\/amalfrankfurt.de\/de\/wp-json\/wp\/v2\/comments?post=219451"}],"version-history":[{"count":12,"href":"https:\/\/amalfrankfurt.de\/de\/wp-json\/wp\/v2\/posts\/219451\/revisions"}],"predecessor-version":[{"id":222044,"href":"https:\/\/amalfrankfurt.de\/de\/wp-json\/wp\/v2\/posts\/219451\/revisions\/222044"}],"wp:featuredmedia":[{"embeddable":true,"href":"https:\/\/amalfrankfurt.de\/de\/wp-json\/wp\/v2\/media\/219470"}],"wp:attachment":[{"href":"https:\/\/amalfrankfurt.de\/de\/wp-json\/wp\/v2\/media?parent=219451"}],"wp:term":[{"taxonomy":"category","embeddable":true,"href":"https:\/\/amalfrankfurt.de\/de\/wp-json\/wp\/v2\/categories?post=219451"},{"taxonomy":"post_tag","embeddable":true,"href":"https:\/\/amalfrankfurt.de\/de\/wp-json\/wp\/v2\/tags?post=219451"}],"curies":[{"name":"wp","href":"https:\/\/api.w.org\/{rel}","templated":true}]}}