{"id":212014,"date":"2024-10-02T09:21:21","date_gmt":"2024-10-02T07:21:21","guid":{"rendered":"https:\/\/amalfrankfurt.de\/?p=212014"},"modified":"2024-10-09T18:36:22","modified_gmt":"2024-10-09T16:36:22","slug":"das-ist-meine-geschichte","status":"publish","type":"post","link":"https:\/\/amalfrankfurt.de\/de\/2024\/10\/02\/das-ist-meine-geschichte\/","title":{"rendered":"Das ist meine Geschichte"},"content":{"rendered":"<p>Vor dem Sommer haben wir ein neues Projekt begonnen: &#8222;Das ist meine Geschichte&#8220;. Es geht um das Thema Fachkr\u00e4ftemangel und uns interessiert dabei die Perspektive der potenziell Gesuchten. Was k\u00f6nnen Gefl\u00fcchtete tun, um schnell einen interessanten Job zu finden? Welche Berufe werden in Deutschland besonders gebraucht? Welche Ausbildung braucht man daf\u00fcr?<\/p>\n<p>In der Serie &#8222;Das ist meine Geschichte&#8220; stellen Souzan Nassri und Ronnie Darwish Gefl\u00fcchtete vor, die interessante Berufe gefunden haben. Sie erz\u00e4hlen, wie sie dazu gekommen sind, welche Voraussetzungen man mitbringen muss und was die Vor- und Nachteile des Jobs sind. Die Idee zu dieser Serie ist bei einer <a href=\"https:\/\/www.youtube.com\/watch?v=v1fB3SIn2Xk\">Stra\u00dfenumfrage<\/a> in Frankfurt entstanden. Die beiden Amal-Reporter:innen fragen arabische Passant:innen, welche Jobfragen sie besonders interessieren. Herauskam, dass sie gerne mehr Infos rund um das Thema Jobsuche und Berufswahl haben m\u00f6chten. Nun sind wir Journalist:innen und nicht die Info-Plattform der Arbeitsagentur. Dementsprechend stehen bei uns auch die Portr\u00e4tierten im Vordergrund.<\/p>\n<p>&nbsp;<\/p>\n<h2>Das ist meine Geschichte<\/h2>\n<p>hier finden Sie alle Videos der ersten Staffel. Gerade laufen die Vorbereitungen f\u00fcr Staffel zwei. Mit diesem <a href=\"https:\/\/www.instagram.com\/reel\/DAjBv4ksMG9\/?utm_source=ig_web_copy_link\">Reel<\/a> wendet sich Souzan Nassri an unsere Leser:innen und Follower:innen auf Social Media und fordert sie auf: &#8222;Wenn auch ihr einen interessanten Beruf gefunden habt, etwas, was Spa\u00df macht und worin ihr erfolgreich seid: Erz\u00e4hlt uns Eure Geschichte!&#8220;. Tats\u00e4chlich bekommen wir regelm\u00e4\u00dfig Zuschriften von Gefl\u00fcchteten, die sich in den letzten Jahren hier etwas aufgebaut haben, worauf sie stolz sind. In diesen Zeiten gilt es, diese Beispiele bekannt zu machen und der schlechten Stimmung etwas entgegenzusetzen.<\/p>\n<p>&nbsp;<\/p>\n<h2>Der Steuerfachangestellte &#8211; &#8222;In meinem Job darf man keine Fehler machen!&#8220;<\/h2>\n<p><iframe loading=\"lazy\" title=\"\u062e\u0628\u064a\u0631 \u0636\u0631\u0627\u0626\u0628 _ \u0628\u0631\u0646\u0627\u0645\u062c \u0647\u064a\u0643 \u0642\u0635\u062a\u064a\" width=\"680\" height=\"383\" src=\"https:\/\/www.youtube.com\/embed\/rPQ0-W6OzGg?feature=oembed\" frameborder=\"0\" allow=\"accelerometer; autoplay; clipboard-write; encrypted-media; gyroscope; picture-in-picture; web-share\" referrerpolicy=\"strict-origin-when-cross-origin\" allowfullscreen><\/iframe><\/p>\n<p>&nbsp;<\/p>\n<h2>Der Apotheker &#8211; &#8222;Ich war in Syrien Apotheker, hier auch!&#8220;<\/h2>\n<p><iframe loading=\"lazy\" title=\"\u0628\u0631\u0646\u0627\u0645\u062c \u0647\u064a\u0643 \u0642\u0635\u062a\u064a _ \u0635\u064a\u062f\u0644\u064a \u0641\u064a \u0623\u0644\u0645\u0627\u0646\u064a\u0627\" width=\"680\" height=\"383\" src=\"https:\/\/www.youtube.com\/embed\/PwMO44DkEBo?feature=oembed\" frameborder=\"0\" allow=\"accelerometer; autoplay; clipboard-write; encrypted-media; gyroscope; picture-in-picture; web-share\" referrerpolicy=\"strict-origin-when-cross-origin\" allowfullscreen><\/iframe><\/p>\n<p>&nbsp;<\/p>\n<h2>Der Friseur &#8211; &#8222;Die Deutschen hinken Frisur-technisch hinterher!&#8220;<\/h2>\n<p><iframe loading=\"lazy\" title=\"\u0628\u0631\u0646\u0627\u0645\u062c \u0647\u064a\u0643 \u0642\u0635\u062a\u064a _  \u0645\u0635\u0641\u0641 \u0634\u0639\u0631 \u0641\u064a \u0623\u0644\u0645\u0627\u0646\u064a\u0627\" width=\"680\" height=\"383\" src=\"https:\/\/www.youtube.com\/embed\/89hzhtMm7wk?feature=oembed\" frameborder=\"0\" allow=\"accelerometer; autoplay; clipboard-write; encrypted-media; gyroscope; picture-in-picture; web-share\" referrerpolicy=\"strict-origin-when-cross-origin\" allowfullscreen><\/iframe><\/p>\n<p>&nbsp;<\/p>\n<h2>Die Schulsekret\u00e4rin &#8211; &#8222;Es ist sch\u00f6n, dass ich hier gebraucht werde!&#8220;<\/h2>\n<p><iframe loading=\"lazy\" title=\"\u0628\u0631\u0646\u0627\u0645\u062c \u0647\u064a\u0643 \u0642\u0635\u062a\u064a _ \u0645\u0646 \u0645\u0639\u0644\u0645\u0629 \u0644\u063a\u0629 \u0625\u0646\u0643\u0644\u064a\u0632\u064a\u0629 \u0641\u064a \u0633\u0648\u0631\u064a\u0627\u060c \u0625\u0644\u0649 \u0627\u0644\u0625\u062f\u0627\u0631\u0629 \u0627\u0644\u0645\u0643\u062a\u0628\u064a\u0629 \u0641\u064a \u0623\u0644\u0645\u0627\u0646\u064a\u0627..\" width=\"680\" height=\"383\" src=\"https:\/\/www.youtube.com\/embed\/QMqmYpHoSz4?feature=oembed\" frameborder=\"0\" allow=\"accelerometer; autoplay; clipboard-write; encrypted-media; gyroscope; picture-in-picture; web-share\" referrerpolicy=\"strict-origin-when-cross-origin\" allowfullscreen><\/iframe><\/p>\n<p>&nbsp;<\/p>\n<h2>Der Ern\u00e4hrungsberater &#8211; &#8222;Es gilt, die Essgewohnheiten im neuen Land anzupassen!&#8220;<\/h2>\n<p><iframe loading=\"lazy\" title=\"\u0628\u0631\u0646\u0627\u0645\u062c \u0647\u064a\u0643 \u0642\u0635\u062a\u064a _ \u0645\u062e\u062a\u0635 \u062a\u063a\u0630\u064a\u0629 \u0639\u0644\u0627\u062c\u064a\u0629\" width=\"680\" height=\"383\" src=\"https:\/\/www.youtube.com\/embed\/ux6o3xtfdrI?feature=oembed\" frameborder=\"0\" allow=\"accelerometer; autoplay; clipboard-write; encrypted-media; gyroscope; picture-in-picture; web-share\" referrerpolicy=\"strict-origin-when-cross-origin\" allowfullscreen><\/iframe><\/p>\n<p>&nbsp;<\/p>\n<h2>Der S\u00fc\u00dfwarenh\u00e4ndler &#8211; &#8222;Meine Waren machen Menschen gl\u00fccklich!&#8220;<\/h2>\n<p><iframe loading=\"lazy\" title=\"\u0628\u0631\u0646\u0627\u0645\u062c \u0647\u064a\u0643 \u0642\u0635\u062a\u064a _ \u0628\u0627\u0626\u0639 \u0628\u0636\u0627\u0626\u0639 \u0634\u0631\u0642\u064a\u0629\" width=\"680\" height=\"383\" src=\"https:\/\/www.youtube.com\/embed\/rMSVIL4kQ-M?feature=oembed\" frameborder=\"0\" allow=\"accelerometer; autoplay; clipboard-write; encrypted-media; gyroscope; picture-in-picture; web-share\" referrerpolicy=\"strict-origin-when-cross-origin\" allowfullscreen><\/iframe><\/p>\n<p>&nbsp;<\/p>\n<h2>Der \u00c4nderungsschneider &#8211; &#8222;In Syrien hatte ich eine Textilfabrik!&#8220;<\/h2>\n<p><iframe loading=\"lazy\" title=\"\u0628\u0631\u0646\u0627\u0645\u062c \u0647\u064a\u0643 \u0642\u0635\u062a\u064a _\u0642\u0635\u0629 \u0627\u0644\u062e\u064a\u0627\u0637 \u0645\u062d\u0645\u062f \u0628\u0644\u0627\u0644 \u0641\u064a \u0623\u0644\u0645\u0627\u0646\u064a\u0627\" width=\"680\" height=\"383\" src=\"https:\/\/www.youtube.com\/embed\/lehVFfX2uJY?feature=oembed\" frameborder=\"0\" allow=\"accelerometer; autoplay; clipboard-write; encrypted-media; gyroscope; picture-in-picture; web-share\" referrerpolicy=\"strict-origin-when-cross-origin\" allowfullscreen><\/iframe><\/p>\n<p>&nbsp;<\/p>\n<h2>Der Koch &#8211; &#8222;Ich bin gerne selbstst\u00e4ndig!&#8220;<\/h2>\n<p><iframe loading=\"lazy\" title=\"\u0628\u0631\u0646\u0627\u0645\u062c \u0647\u064a\u0643 \u0642\u0635\u062a\u064a _ \u0642\u0635\u0629 \u0645\u0639\u0644\u0645 \u0634\u0627\u0648\u0631\u0645\u0627 \u0641\u064a \u0623\u0644\u0645\u0627\u0646\u064a\u0627\" width=\"680\" height=\"383\" src=\"https:\/\/www.youtube.com\/embed\/NlxBi7eRFfE?feature=oembed\" frameborder=\"0\" allow=\"accelerometer; autoplay; clipboard-write; encrypted-media; gyroscope; picture-in-picture; web-share\" referrerpolicy=\"strict-origin-when-cross-origin\" allowfullscreen><\/iframe><\/p>\n<p>&nbsp;<\/p>\n<p>Wir danken dem <a class=\"\" title=\"\u00d6ffnet die Einzelsicht\" href=\"https:\/\/rp-darmstadt.hessen.de\/gesellschaft-und-integration\/migration\/integrationsfoerderung\/foerderprogramm-wir\"><span class=\"link--label\">Hessisches Ministerium f\u00fcr Arbeit, Integration, Jugend und Soziales \/\/ Teilhabeprogramm : Wir &#8211; Vielfalt und Teilhabe f\u00fcr die F\u00f6rderung dieses Projektes.\u00a0<\/span><\/a><\/p>\n<p>&nbsp;<\/p>\n<p>&nbsp;<\/p>\n","protected":false},"excerpt":{"rendered":"<p>Vor dem Sommer haben wir ein neues Projekt begonnen: &#8222;Das ist meine Geschichte&#8220;. Es geht um das Thema Fachkr\u00e4ftemangel und uns interessiert dabei die Perspektive der potenziell Gesuchten. Was k\u00f6nnen Gefl\u00fcchtete tun, um schnell einen interessanten Job zu finden? Welche Berufe werden in Deutschland besonders gebraucht? Welche Ausbildung braucht man daf\u00fcr? In der Serie &#8222;Das&#8230;  <a class=\"excerpt-read-more\" href=\"https:\/\/amalfrankfurt.de\/de\/2024\/10\/02\/das-ist-meine-geschichte\/\" title=\"Read Das ist meine Geschichte\">Weiter &raquo;<\/a><\/p>\n","protected":false},"author":48,"featured_media":212018,"comment_status":"open","ping_status":"open","sticky":false,"template":"","format":"standard","meta":{"_acf_changed":false,"footnotes":""},"categories":[27],"tags":[5599],"class_list":["post-212014","post","type-post","status-publish","format-standard","has-post-thumbnail","hentry","category-beitraege-auf-deutsch","tag-amalwork"],"acf":[],"yoast_head":"<!-- This site is optimized with the Yoast SEO plugin v27.4 - https:\/\/yoast.com\/product\/yoast-seo-wordpress\/ -->\n<title>Das ist meine Geschichte - Amal, Frankfurt!<\/title>\n<meta name=\"description\" content=\"Das ist meien Geschichte. Serie zum Thema Berufswahl und Arbeitsmarkt von Souzan Nasri und Ronnie Darwish. erste Staffel.\" \/>\n<meta name=\"robots\" content=\"index, follow, max-snippet:-1, max-image-preview:large, max-video-preview:-1\" \/>\n<link rel=\"canonical\" href=\"https:\/\/amalfrankfurt.de\/de\/2024\/10\/02\/das-ist-meine-geschichte\/\" \/>\n<meta property=\"og:locale\" content=\"de_DE\" \/>\n<meta property=\"og:type\" content=\"article\" \/>\n<meta property=\"og:title\" content=\"Das ist meine Geschichte - Amal, Frankfurt!\" \/>\n<meta property=\"og:description\" content=\"Das ist meien Geschichte. Serie zum Thema Berufswahl und Arbeitsmarkt von Souzan Nasri und Ronnie Darwish. erste Staffel.\" \/>\n<meta property=\"og:url\" content=\"https:\/\/amalfrankfurt.de\/de\/2024\/10\/02\/das-ist-meine-geschichte\/\" \/>\n<meta property=\"og:site_name\" content=\"Amal, Frankfurt!\" \/>\n<meta property=\"article:published_time\" content=\"2024-10-02T07:21:21+00:00\" \/>\n<meta property=\"article:modified_time\" content=\"2024-10-09T16:36:22+00:00\" \/>\n<meta property=\"og:image\" content=\"https:\/\/amalfrankfurt.de\/wp-content\/uploads\/sites\/5\/2024\/10\/titel.jpg\" \/>\n\t<meta property=\"og:image:width\" content=\"680\" \/>\n\t<meta property=\"og:image:height\" content=\"575\" \/>\n\t<meta property=\"og:image:type\" content=\"image\/jpeg\" \/>\n<meta name=\"author\" content=\"Souzan Nassri\" \/>\n<meta name=\"twitter:card\" content=\"summary_large_image\" \/>\n<meta name=\"twitter:label1\" content=\"Verfasst von\" \/>\n\t<meta name=\"twitter:data1\" content=\"Souzan Nassri\" \/>\n\t<meta name=\"twitter:label2\" content=\"Gesch\u00e4tzte Lesezeit\" \/>\n\t<meta name=\"twitter:data2\" content=\"3\u00a0Minuten\" \/>\n<script type=\"application\/ld+json\" class=\"yoast-schema-graph\">{\"@context\":\"https:\\\/\\\/schema.org\",\"@graph\":[{\"@type\":\"Article\",\"@id\":\"https:\\\/\\\/amalfrankfurt.de\\\/de\\\/2024\\\/10\\\/02\\\/das-ist-meine-geschichte\\\/#article\",\"isPartOf\":{\"@id\":\"https:\\\/\\\/amalfrankfurt.de\\\/de\\\/2024\\\/10\\\/02\\\/das-ist-meine-geschichte\\\/\"},\"author\":{\"name\":\"Souzan Nassri\",\"@id\":\"https:\\\/\\\/amalfrankfurt.de\\\/de\\\/#\\\/schema\\\/person\\\/1db4978a4b8a2676c406dbe05f1c1e37\"},\"headline\":\"Das ist meine Geschichte\",\"datePublished\":\"2024-10-02T07:21:21+00:00\",\"dateModified\":\"2024-10-09T16:36:22+00:00\",\"mainEntityOfPage\":{\"@id\":\"https:\\\/\\\/amalfrankfurt.de\\\/de\\\/2024\\\/10\\\/02\\\/das-ist-meine-geschichte\\\/\"},\"wordCount\":461,\"commentCount\":0,\"image\":{\"@id\":\"https:\\\/\\\/amalfrankfurt.de\\\/de\\\/2024\\\/10\\\/02\\\/das-ist-meine-geschichte\\\/#primaryimage\"},\"thumbnailUrl\":\"https:\\\/\\\/amalfrankfurt.de\\\/wp-content\\\/uploads\\\/sites\\\/5\\\/2024\\\/10\\\/titel.jpg\",\"keywords\":[\"Amal@work\"],\"articleSection\":[\"Beitr\u00e4ge auf Deutsch\"],\"inLanguage\":\"de\",\"potentialAction\":[{\"@type\":\"CommentAction\",\"name\":\"Comment\",\"target\":[\"https:\\\/\\\/amalfrankfurt.de\\\/de\\\/2024\\\/10\\\/02\\\/das-ist-meine-geschichte\\\/#respond\"]}]},{\"@type\":\"WebPage\",\"@id\":\"https:\\\/\\\/amalfrankfurt.de\\\/de\\\/2024\\\/10\\\/02\\\/das-ist-meine-geschichte\\\/\",\"url\":\"https:\\\/\\\/amalfrankfurt.de\\\/de\\\/2024\\\/10\\\/02\\\/das-ist-meine-geschichte\\\/\",\"name\":\"Das ist meine Geschichte - Amal, Frankfurt!\",\"isPartOf\":{\"@id\":\"https:\\\/\\\/amalfrankfurt.de\\\/de\\\/#website\"},\"primaryImageOfPage\":{\"@id\":\"https:\\\/\\\/amalfrankfurt.de\\\/de\\\/2024\\\/10\\\/02\\\/das-ist-meine-geschichte\\\/#primaryimage\"},\"image\":{\"@id\":\"https:\\\/\\\/amalfrankfurt.de\\\/de\\\/2024\\\/10\\\/02\\\/das-ist-meine-geschichte\\\/#primaryimage\"},\"thumbnailUrl\":\"https:\\\/\\\/amalfrankfurt.de\\\/wp-content\\\/uploads\\\/sites\\\/5\\\/2024\\\/10\\\/titel.jpg\",\"datePublished\":\"2024-10-02T07:21:21+00:00\",\"dateModified\":\"2024-10-09T16:36:22+00:00\",\"author\":{\"@id\":\"https:\\\/\\\/amalfrankfurt.de\\\/de\\\/#\\\/schema\\\/person\\\/1db4978a4b8a2676c406dbe05f1c1e37\"},\"description\":\"Das ist meien Geschichte. Serie zum Thema Berufswahl und Arbeitsmarkt von Souzan Nasri und Ronnie Darwish. erste Staffel.\",\"breadcrumb\":{\"@id\":\"https:\\\/\\\/amalfrankfurt.de\\\/de\\\/2024\\\/10\\\/02\\\/das-ist-meine-geschichte\\\/#breadcrumb\"},\"inLanguage\":\"de\",\"potentialAction\":[{\"@type\":\"ReadAction\",\"target\":[\"https:\\\/\\\/amalfrankfurt.de\\\/de\\\/2024\\\/10\\\/02\\\/das-ist-meine-geschichte\\\/\"]}]},{\"@type\":\"ImageObject\",\"inLanguage\":\"de\",\"@id\":\"https:\\\/\\\/amalfrankfurt.de\\\/de\\\/2024\\\/10\\\/02\\\/das-ist-meine-geschichte\\\/#primaryimage\",\"url\":\"https:\\\/\\\/amalfrankfurt.de\\\/wp-content\\\/uploads\\\/sites\\\/5\\\/2024\\\/10\\\/titel.jpg\",\"contentUrl\":\"https:\\\/\\\/amalfrankfurt.de\\\/wp-content\\\/uploads\\\/sites\\\/5\\\/2024\\\/10\\\/titel.jpg\",\"width\":680,\"height\":575,\"caption\":\"title Souzan\"},{\"@type\":\"BreadcrumbList\",\"@id\":\"https:\\\/\\\/amalfrankfurt.de\\\/de\\\/2024\\\/10\\\/02\\\/das-ist-meine-geschichte\\\/#breadcrumb\",\"itemListElement\":[{\"@type\":\"ListItem\",\"position\":1,\"name\":\"Home\",\"item\":\"https:\\\/\\\/amalfrankfurt.de\\\/de\\\/\"},{\"@type\":\"ListItem\",\"position\":2,\"name\":\"Das ist meine Geschichte\"}]},{\"@type\":\"WebSite\",\"@id\":\"https:\\\/\\\/amalfrankfurt.de\\\/de\\\/#website\",\"url\":\"https:\\\/\\\/amalfrankfurt.de\\\/de\\\/\",\"name\":\"Amal, Frankfurt!\",\"description\":\"\",\"potentialAction\":[{\"@type\":\"SearchAction\",\"target\":{\"@type\":\"EntryPoint\",\"urlTemplate\":\"https:\\\/\\\/amalfrankfurt.de\\\/de\\\/?s={search_term_string}\"},\"query-input\":{\"@type\":\"PropertyValueSpecification\",\"valueRequired\":true,\"valueName\":\"search_term_string\"}}],\"inLanguage\":\"de\"},{\"@type\":\"Person\",\"@id\":\"https:\\\/\\\/amalfrankfurt.de\\\/de\\\/#\\\/schema\\\/person\\\/1db4978a4b8a2676c406dbe05f1c1e37\",\"name\":\"Souzan Nassri\",\"image\":{\"@type\":\"ImageObject\",\"inLanguage\":\"de\",\"@id\":\"https:\\\/\\\/amalfrankfurt.de\\\/wp-content\\\/uploads\\\/sites\\\/5\\\/2023\\\/01\\\/WhatsApp-Image-2023-01-04-at-2.28.39-PM-125x125.jpeg\",\"url\":\"https:\\\/\\\/amalfrankfurt.de\\\/wp-content\\\/uploads\\\/sites\\\/5\\\/2023\\\/01\\\/WhatsApp-Image-2023-01-04-at-2.28.39-PM-125x125.jpeg\",\"contentUrl\":\"https:\\\/\\\/amalfrankfurt.de\\\/wp-content\\\/uploads\\\/sites\\\/5\\\/2023\\\/01\\\/WhatsApp-Image-2023-01-04-at-2.28.39-PM-125x125.jpeg\",\"caption\":\"Souzan Nassri\"},\"description\":\"Souzan Nasri studierte Germanistik und Erziehungswissenschaften an der Goethe Universit\u00e4t Frankfurt. 2015 hat sie in der T\u00fcrkei im Bereich Audio-Produktionen gearbeitet. 2016 ist sie nach Deutschland gekommen. Sie geh\u00f6rt zu den Gr\u00fcndungsmitgliedern von Amal, Frankfurt! Sie wohnt in Mainz.\",\"url\":\"https:\\\/\\\/amalfrankfurt.de\\\/de\\\/author\\\/souzan-n\\\/\"}]}<\/script>\n<!-- \/ Yoast SEO plugin. -->","yoast_head_json":{"title":"Das ist meine Geschichte - Amal, Frankfurt!","description":"Das ist meien Geschichte. Serie zum Thema Berufswahl und Arbeitsmarkt von Souzan Nasri und Ronnie Darwish. erste Staffel.","robots":{"index":"index","follow":"follow","max-snippet":"max-snippet:-1","max-image-preview":"max-image-preview:large","max-video-preview":"max-video-preview:-1"},"canonical":"https:\/\/amalfrankfurt.de\/de\/2024\/10\/02\/das-ist-meine-geschichte\/","og_locale":"de_DE","og_type":"article","og_title":"Das ist meine Geschichte - Amal, Frankfurt!","og_description":"Das ist meien Geschichte. Serie zum Thema Berufswahl und Arbeitsmarkt von Souzan Nasri und Ronnie Darwish. erste Staffel.","og_url":"https:\/\/amalfrankfurt.de\/de\/2024\/10\/02\/das-ist-meine-geschichte\/","og_site_name":"Amal, Frankfurt!","article_published_time":"2024-10-02T07:21:21+00:00","article_modified_time":"2024-10-09T16:36:22+00:00","og_image":[{"width":680,"height":575,"url":"https:\/\/amalfrankfurt.de\/wp-content\/uploads\/sites\/5\/2024\/10\/titel.jpg","type":"image\/jpeg"}],"author":"Souzan Nassri","twitter_card":"summary_large_image","twitter_misc":{"Verfasst von":"Souzan Nassri","Gesch\u00e4tzte Lesezeit":"3\u00a0Minuten"},"schema":{"@context":"https:\/\/schema.org","@graph":[{"@type":"Article","@id":"https:\/\/amalfrankfurt.de\/de\/2024\/10\/02\/das-ist-meine-geschichte\/#article","isPartOf":{"@id":"https:\/\/amalfrankfurt.de\/de\/2024\/10\/02\/das-ist-meine-geschichte\/"},"author":{"name":"Souzan Nassri","@id":"https:\/\/amalfrankfurt.de\/de\/#\/schema\/person\/1db4978a4b8a2676c406dbe05f1c1e37"},"headline":"Das ist meine Geschichte","datePublished":"2024-10-02T07:21:21+00:00","dateModified":"2024-10-09T16:36:22+00:00","mainEntityOfPage":{"@id":"https:\/\/amalfrankfurt.de\/de\/2024\/10\/02\/das-ist-meine-geschichte\/"},"wordCount":461,"commentCount":0,"image":{"@id":"https:\/\/amalfrankfurt.de\/de\/2024\/10\/02\/das-ist-meine-geschichte\/#primaryimage"},"thumbnailUrl":"https:\/\/amalfrankfurt.de\/wp-content\/uploads\/sites\/5\/2024\/10\/titel.jpg","keywords":["Amal@work"],"articleSection":["Beitr\u00e4ge auf Deutsch"],"inLanguage":"de","potentialAction":[{"@type":"CommentAction","name":"Comment","target":["https:\/\/amalfrankfurt.de\/de\/2024\/10\/02\/das-ist-meine-geschichte\/#respond"]}]},{"@type":"WebPage","@id":"https:\/\/amalfrankfurt.de\/de\/2024\/10\/02\/das-ist-meine-geschichte\/","url":"https:\/\/amalfrankfurt.de\/de\/2024\/10\/02\/das-ist-meine-geschichte\/","name":"Das ist meine Geschichte - Amal, Frankfurt!","isPartOf":{"@id":"https:\/\/amalfrankfurt.de\/de\/#website"},"primaryImageOfPage":{"@id":"https:\/\/amalfrankfurt.de\/de\/2024\/10\/02\/das-ist-meine-geschichte\/#primaryimage"},"image":{"@id":"https:\/\/amalfrankfurt.de\/de\/2024\/10\/02\/das-ist-meine-geschichte\/#primaryimage"},"thumbnailUrl":"https:\/\/amalfrankfurt.de\/wp-content\/uploads\/sites\/5\/2024\/10\/titel.jpg","datePublished":"2024-10-02T07:21:21+00:00","dateModified":"2024-10-09T16:36:22+00:00","author":{"@id":"https:\/\/amalfrankfurt.de\/de\/#\/schema\/person\/1db4978a4b8a2676c406dbe05f1c1e37"},"description":"Das ist meien Geschichte. Serie zum Thema Berufswahl und Arbeitsmarkt von Souzan Nasri und Ronnie Darwish. erste Staffel.","breadcrumb":{"@id":"https:\/\/amalfrankfurt.de\/de\/2024\/10\/02\/das-ist-meine-geschichte\/#breadcrumb"},"inLanguage":"de","potentialAction":[{"@type":"ReadAction","target":["https:\/\/amalfrankfurt.de\/de\/2024\/10\/02\/das-ist-meine-geschichte\/"]}]},{"@type":"ImageObject","inLanguage":"de","@id":"https:\/\/amalfrankfurt.de\/de\/2024\/10\/02\/das-ist-meine-geschichte\/#primaryimage","url":"https:\/\/amalfrankfurt.de\/wp-content\/uploads\/sites\/5\/2024\/10\/titel.jpg","contentUrl":"https:\/\/amalfrankfurt.de\/wp-content\/uploads\/sites\/5\/2024\/10\/titel.jpg","width":680,"height":575,"caption":"title Souzan"},{"@type":"BreadcrumbList","@id":"https:\/\/amalfrankfurt.de\/de\/2024\/10\/02\/das-ist-meine-geschichte\/#breadcrumb","itemListElement":[{"@type":"ListItem","position":1,"name":"Home","item":"https:\/\/amalfrankfurt.de\/de\/"},{"@type":"ListItem","position":2,"name":"Das ist meine Geschichte"}]},{"@type":"WebSite","@id":"https:\/\/amalfrankfurt.de\/de\/#website","url":"https:\/\/amalfrankfurt.de\/de\/","name":"Amal, Frankfurt!","description":"","potentialAction":[{"@type":"SearchAction","target":{"@type":"EntryPoint","urlTemplate":"https:\/\/amalfrankfurt.de\/de\/?s={search_term_string}"},"query-input":{"@type":"PropertyValueSpecification","valueRequired":true,"valueName":"search_term_string"}}],"inLanguage":"de"},{"@type":"Person","@id":"https:\/\/amalfrankfurt.de\/de\/#\/schema\/person\/1db4978a4b8a2676c406dbe05f1c1e37","name":"Souzan Nassri","image":{"@type":"ImageObject","inLanguage":"de","@id":"https:\/\/amalfrankfurt.de\/wp-content\/uploads\/sites\/5\/2023\/01\/WhatsApp-Image-2023-01-04-at-2.28.39-PM-125x125.jpeg","url":"https:\/\/amalfrankfurt.de\/wp-content\/uploads\/sites\/5\/2023\/01\/WhatsApp-Image-2023-01-04-at-2.28.39-PM-125x125.jpeg","contentUrl":"https:\/\/amalfrankfurt.de\/wp-content\/uploads\/sites\/5\/2023\/01\/WhatsApp-Image-2023-01-04-at-2.28.39-PM-125x125.jpeg","caption":"Souzan Nassri"},"description":"Souzan Nasri studierte Germanistik und Erziehungswissenschaften an der Goethe Universit\u00e4t Frankfurt. 2015 hat sie in der T\u00fcrkei im Bereich Audio-Produktionen gearbeitet. 2016 ist sie nach Deutschland gekommen. Sie geh\u00f6rt zu den Gr\u00fcndungsmitgliedern von Amal, Frankfurt! Sie wohnt in Mainz.","url":"https:\/\/amalfrankfurt.de\/de\/author\/souzan-n\/"}]}},"_links":{"self":[{"href":"https:\/\/amalfrankfurt.de\/de\/wp-json\/wp\/v2\/posts\/212014","targetHints":{"allow":["GET"]}}],"collection":[{"href":"https:\/\/amalfrankfurt.de\/de\/wp-json\/wp\/v2\/posts"}],"about":[{"href":"https:\/\/amalfrankfurt.de\/de\/wp-json\/wp\/v2\/types\/post"}],"author":[{"embeddable":true,"href":"https:\/\/amalfrankfurt.de\/de\/wp-json\/wp\/v2\/users\/48"}],"replies":[{"embeddable":true,"href":"https:\/\/amalfrankfurt.de\/de\/wp-json\/wp\/v2\/comments?post=212014"}],"version-history":[{"count":2,"href":"https:\/\/amalfrankfurt.de\/de\/wp-json\/wp\/v2\/posts\/212014\/revisions"}],"predecessor-version":[{"id":212025,"href":"https:\/\/amalfrankfurt.de\/de\/wp-json\/wp\/v2\/posts\/212014\/revisions\/212025"}],"wp:featuredmedia":[{"embeddable":true,"href":"https:\/\/amalfrankfurt.de\/de\/wp-json\/wp\/v2\/media\/212018"}],"wp:attachment":[{"href":"https:\/\/amalfrankfurt.de\/de\/wp-json\/wp\/v2\/media?parent=212014"}],"wp:term":[{"taxonomy":"category","embeddable":true,"href":"https:\/\/amalfrankfurt.de\/de\/wp-json\/wp\/v2\/categories?post=212014"},{"taxonomy":"post_tag","embeddable":true,"href":"https:\/\/amalfrankfurt.de\/de\/wp-json\/wp\/v2\/tags?post=212014"}],"curies":[{"name":"wp","href":"https:\/\/api.w.org\/{rel}","templated":true}]}}