{"id":199835,"date":"2024-05-13T16:30:09","date_gmt":"2024-05-13T14:30:09","guid":{"rendered":"https:\/\/amalfrankfurt.de\/?p=199835"},"modified":"2024-06-13T08:27:31","modified_gmt":"2024-06-13T06:27:31","slug":"warum-engagierst-du-dich-sarah","status":"publish","type":"post","link":"https:\/\/amalfrankfurt.de\/de\/2024\/05\/13\/warum-engagierst-du-dich-sarah\/","title":{"rendered":"Warum engagierst Du Dich, Sarah?"},"content":{"rendered":"<p>Nach mehreren Angriffen auf Politiker:innen und Wahlk\u00e4mpfende macht sich Angst breit. Hinzu kommen Beschimpfungen online, Beleidigungen und weitverbreitete Verachtung f\u00fcr Politiker:innen im Allgemeinen. Wer ist unter diesen Bedingungen bereit, sich politisch zu engagieren? Wozu \u00fcberhaupt?<\/p>\n<p>Sarah Hegazy ist eine, die es trotzdem tut. Sie ist Co-Vorsitzende der Jusos in Berlin Mitte und sie erkl\u00e4rt im Interview mit Amloud Alamir, wieso sie es wichtig findet, dass sich junge Menschen wie sie Politik machen. Gerade die Stimme von jungen Menschen mit Migrationshintergrund wird gebraucht. Gerade jetzt. Hier geht es zum Interview &#8211; Es ist am Anfang auf Arabisch und geht dann auf Deutsch weiter.<\/p>\n<p><iframe loading=\"lazy\" title=\"\u0635\u0648\u062a \u0627\u0644\u0634\u0628\u0627\u0628: \u0633\u0627\u0631\u0629 \u062d\u062c\u0627\u0632\u064a \u0648\u0631\u062d\u0644\u0629 \u0627\u0644\u062a\u063a\u064a\u064a\u0631 \u0641\u064a \u0628\u0631\u0644\u064a\u0646\" width=\"680\" height=\"383\" src=\"https:\/\/www.youtube.com\/embed\/7MKbCtjRl1k?feature=oembed\" frameborder=\"0\" allow=\"accelerometer; autoplay; clipboard-write; encrypted-media; gyroscope; picture-in-picture; web-share\" referrerpolicy=\"strict-origin-when-cross-origin\" allowfullscreen><\/iframe><\/p>\n","protected":false},"excerpt":{"rendered":"<p>Nach mehreren Angriffen auf Politiker:innen und Wahlk\u00e4mpfende macht sich Angst breit. Hinzu kommen Beschimpfungen online, Beleidigungen und weitverbreitete Verachtung f\u00fcr Politiker:innen im Allgemeinen. Wer ist unter diesen Bedingungen bereit, sich politisch zu engagieren? Wozu \u00fcberhaupt? Sarah Hegazy ist eine, die es trotzdem tut. Sie ist Co-Vorsitzende der Jusos in Berlin Mitte und sie erkl\u00e4rt im&#8230;  <a class=\"excerpt-read-more\" href=\"https:\/\/amalfrankfurt.de\/de\/2024\/05\/13\/warum-engagierst-du-dich-sarah\/\" title=\"Read Warum engagierst Du Dich, Sarah?\">Weiter &raquo;<\/a><\/p>\n","protected":false},"author":6,"featured_media":199841,"comment_status":"open","ping_status":"open","sticky":false,"template":"","format":"standard","meta":{"_acf_changed":false,"footnotes":""},"categories":[80,863],"tags":[4623],"class_list":["post-199835","post","type-post","status-publish","format-standard","has-post-thumbnail","hentry","category-video-de","category-video","tag-eu-wahl"],"acf":[],"yoast_head":"<!-- This site is optimized with the Yoast SEO plugin v27.4 - https:\/\/yoast.com\/product\/yoast-seo-wordpress\/ -->\n<title>Warum engagierst Du Dich, Sarah? - Amal, Frankfurt!<\/title>\n<meta name=\"robots\" content=\"index, follow, max-snippet:-1, max-image-preview:large, max-video-preview:-1\" \/>\n<link rel=\"canonical\" href=\"https:\/\/amalfrankfurt.de\/de\/2024\/05\/13\/warum-engagierst-du-dich-sarah\/\" \/>\n<meta property=\"og:locale\" content=\"de_DE\" \/>\n<meta property=\"og:type\" content=\"article\" \/>\n<meta property=\"og:title\" content=\"Warum engagierst Du Dich, Sarah? - Amal, Frankfurt!\" \/>\n<meta property=\"og:description\" content=\"Nach mehreren Angriffen auf Politiker:innen und Wahlk\u00e4mpfende macht sich Angst breit. Hinzu kommen Beschimpfungen online, Beleidigungen und weitverbreitete Verachtung f\u00fcr Politiker:innen im Allgemeinen. Wer ist unter diesen Bedingungen bereit, sich politisch zu engagieren? Wozu \u00fcberhaupt? Sarah Hegazy ist eine, die es trotzdem tut. Sie ist Co-Vorsitzende der Jusos in Berlin Mitte und sie erkl\u00e4rt im... Weiter &raquo;\" \/>\n<meta property=\"og:url\" content=\"https:\/\/amalfrankfurt.de\/de\/2024\/05\/13\/warum-engagierst-du-dich-sarah\/\" \/>\n<meta property=\"og:site_name\" content=\"Amal, Frankfurt!\" \/>\n<meta property=\"article:author\" content=\"https:\/\/www.facebook.com\/aalmir66\/\" \/>\n<meta property=\"article:published_time\" content=\"2024-05-13T14:30:09+00:00\" \/>\n<meta property=\"article:modified_time\" content=\"2024-06-13T06:27:31+00:00\" \/>\n<meta property=\"og:image\" content=\"https:\/\/amalfrankfurt.de\/wp-content\/uploads\/sites\/5\/2024\/05\/7MKbCtjRl1k-1.jpg\" \/>\n\t<meta property=\"og:image:width\" content=\"480\" \/>\n\t<meta property=\"og:image:height\" content=\"360\" \/>\n\t<meta property=\"og:image:type\" content=\"image\/jpeg\" \/>\n<meta name=\"author\" content=\"Amloud Alamir\" \/>\n<meta name=\"twitter:card\" content=\"summary_large_image\" \/>\n<meta name=\"twitter:label1\" content=\"Verfasst von\" \/>\n\t<meta name=\"twitter:data1\" content=\"Amloud Alamir\" \/>\n\t<meta name=\"twitter:label2\" content=\"Gesch\u00e4tzte Lesezeit\" \/>\n\t<meta name=\"twitter:data2\" content=\"1\u00a0Minute\" \/>\n<script type=\"application\/ld+json\" class=\"yoast-schema-graph\">{\"@context\":\"https:\\\/\\\/schema.org\",\"@graph\":[{\"@type\":\"Article\",\"@id\":\"https:\\\/\\\/amalfrankfurt.de\\\/de\\\/2024\\\/05\\\/13\\\/warum-engagierst-du-dich-sarah\\\/#article\",\"isPartOf\":{\"@id\":\"https:\\\/\\\/amalfrankfurt.de\\\/de\\\/2024\\\/05\\\/13\\\/warum-engagierst-du-dich-sarah\\\/\"},\"author\":{\"name\":\"Amloud Alamir\",\"@id\":\"https:\\\/\\\/amalfrankfurt.de\\\/de\\\/#\\\/schema\\\/person\\\/29d859f8134fc2a1578b6a96b82bd4ab\"},\"headline\":\"Warum engagierst Du Dich, Sarah?\",\"datePublished\":\"2024-05-13T14:30:09+00:00\",\"dateModified\":\"2024-06-13T06:27:31+00:00\",\"mainEntityOfPage\":{\"@id\":\"https:\\\/\\\/amalfrankfurt.de\\\/de\\\/2024\\\/05\\\/13\\\/warum-engagierst-du-dich-sarah\\\/\"},\"wordCount\":119,\"commentCount\":0,\"image\":{\"@id\":\"https:\\\/\\\/amalfrankfurt.de\\\/de\\\/2024\\\/05\\\/13\\\/warum-engagierst-du-dich-sarah\\\/#primaryimage\"},\"thumbnailUrl\":\"https:\\\/\\\/amalfrankfurt.de\\\/wp-content\\\/uploads\\\/sites\\\/5\\\/2024\\\/05\\\/7MKbCtjRl1k-1.jpg\",\"keywords\":[\"EU-Wahl\"],\"articleSection\":[\"Video\",\"video\"],\"inLanguage\":\"de\",\"potentialAction\":[{\"@type\":\"CommentAction\",\"name\":\"Comment\",\"target\":[\"https:\\\/\\\/amalfrankfurt.de\\\/de\\\/2024\\\/05\\\/13\\\/warum-engagierst-du-dich-sarah\\\/#respond\"]}]},{\"@type\":\"WebPage\",\"@id\":\"https:\\\/\\\/amalfrankfurt.de\\\/de\\\/2024\\\/05\\\/13\\\/warum-engagierst-du-dich-sarah\\\/\",\"url\":\"https:\\\/\\\/amalfrankfurt.de\\\/de\\\/2024\\\/05\\\/13\\\/warum-engagierst-du-dich-sarah\\\/\",\"name\":\"Warum engagierst Du Dich, Sarah? - Amal, Frankfurt!\",\"isPartOf\":{\"@id\":\"https:\\\/\\\/amalfrankfurt.de\\\/de\\\/#website\"},\"primaryImageOfPage\":{\"@id\":\"https:\\\/\\\/amalfrankfurt.de\\\/de\\\/2024\\\/05\\\/13\\\/warum-engagierst-du-dich-sarah\\\/#primaryimage\"},\"image\":{\"@id\":\"https:\\\/\\\/amalfrankfurt.de\\\/de\\\/2024\\\/05\\\/13\\\/warum-engagierst-du-dich-sarah\\\/#primaryimage\"},\"thumbnailUrl\":\"https:\\\/\\\/amalfrankfurt.de\\\/wp-content\\\/uploads\\\/sites\\\/5\\\/2024\\\/05\\\/7MKbCtjRl1k-1.jpg\",\"datePublished\":\"2024-05-13T14:30:09+00:00\",\"dateModified\":\"2024-06-13T06:27:31+00:00\",\"author\":{\"@id\":\"https:\\\/\\\/amalfrankfurt.de\\\/de\\\/#\\\/schema\\\/person\\\/29d859f8134fc2a1578b6a96b82bd4ab\"},\"breadcrumb\":{\"@id\":\"https:\\\/\\\/amalfrankfurt.de\\\/de\\\/2024\\\/05\\\/13\\\/warum-engagierst-du-dich-sarah\\\/#breadcrumb\"},\"inLanguage\":\"de\",\"potentialAction\":[{\"@type\":\"ReadAction\",\"target\":[\"https:\\\/\\\/amalfrankfurt.de\\\/de\\\/2024\\\/05\\\/13\\\/warum-engagierst-du-dich-sarah\\\/\"]}]},{\"@type\":\"ImageObject\",\"inLanguage\":\"de\",\"@id\":\"https:\\\/\\\/amalfrankfurt.de\\\/de\\\/2024\\\/05\\\/13\\\/warum-engagierst-du-dich-sarah\\\/#primaryimage\",\"url\":\"https:\\\/\\\/amalfrankfurt.de\\\/wp-content\\\/uploads\\\/sites\\\/5\\\/2024\\\/05\\\/7MKbCtjRl1k-1.jpg\",\"contentUrl\":\"https:\\\/\\\/amalfrankfurt.de\\\/wp-content\\\/uploads\\\/sites\\\/5\\\/2024\\\/05\\\/7MKbCtjRl1k-1.jpg\",\"width\":480,\"height\":360,\"caption\":\"Sarah\"},{\"@type\":\"BreadcrumbList\",\"@id\":\"https:\\\/\\\/amalfrankfurt.de\\\/de\\\/2024\\\/05\\\/13\\\/warum-engagierst-du-dich-sarah\\\/#breadcrumb\",\"itemListElement\":[{\"@type\":\"ListItem\",\"position\":1,\"name\":\"Home\",\"item\":\"https:\\\/\\\/amalfrankfurt.de\\\/de\\\/\"},{\"@type\":\"ListItem\",\"position\":2,\"name\":\"Warum engagierst Du Dich, Sarah?\"}]},{\"@type\":\"WebSite\",\"@id\":\"https:\\\/\\\/amalfrankfurt.de\\\/de\\\/#website\",\"url\":\"https:\\\/\\\/amalfrankfurt.de\\\/de\\\/\",\"name\":\"Amal, Frankfurt!\",\"description\":\"\",\"potentialAction\":[{\"@type\":\"SearchAction\",\"target\":{\"@type\":\"EntryPoint\",\"urlTemplate\":\"https:\\\/\\\/amalfrankfurt.de\\\/de\\\/?s={search_term_string}\"},\"query-input\":{\"@type\":\"PropertyValueSpecification\",\"valueRequired\":true,\"valueName\":\"search_term_string\"}}],\"inLanguage\":\"de\"},{\"@type\":\"Person\",\"@id\":\"https:\\\/\\\/amalfrankfurt.de\\\/de\\\/#\\\/schema\\\/person\\\/29d859f8134fc2a1578b6a96b82bd4ab\",\"name\":\"Amloud Alamir\",\"image\":{\"@type\":\"ImageObject\",\"inLanguage\":\"de\",\"@id\":\"https:\\\/\\\/amalfrankfurt.de\\\/wp-content\\\/uploads\\\/sites\\\/5\\\/2023\\\/01\\\/IMG_2034-300x300-2-125x125.jpg\",\"url\":\"https:\\\/\\\/amalfrankfurt.de\\\/wp-content\\\/uploads\\\/sites\\\/5\\\/2023\\\/01\\\/IMG_2034-300x300-2-125x125.jpg\",\"contentUrl\":\"https:\\\/\\\/amalfrankfurt.de\\\/wp-content\\\/uploads\\\/sites\\\/5\\\/2023\\\/01\\\/IMG_2034-300x300-2-125x125.jpg\",\"caption\":\"Amloud Alamir\"},\"description\":\"Amloud Alamir ist Ausbildungsleiterin f\u00fcr Journalist*innen in Damaskus und produziert sowie moderiert den Podcast \u201eSunun\u016b \u2013 Stimmen aus dem Exil\u201c, der sich dem H\u00f6ren der Stimmen arabischer und syrischer Gefl\u00fcchteter widmet und soziale, politische und kulturelle Themen behandelt, die ihnen wichtig sind. Zuvor arbeitete sie in Syrien und Saudi-Arabien als Journalistin und TV-Moderatorin. In Berlin arbeitet sie f\u00fcr den RBB und Deutschlandradio Kultur und ist an der Produktion eines Dokumentarfilms \u00fcber Gefl\u00fcchtete\u00a0beteiligt. amloud.alamir@amalnews.de\",\"sameAs\":[\"https:\\\/\\\/www.facebook.com\\\/aalmir66\\\/\"],\"url\":\"https:\\\/\\\/amalfrankfurt.de\\\/de\\\/author\\\/amloud\\\/\"}]}<\/script>\n<!-- \/ Yoast SEO plugin. -->","yoast_head_json":{"title":"Warum engagierst Du Dich, Sarah? - Amal, Frankfurt!","robots":{"index":"index","follow":"follow","max-snippet":"max-snippet:-1","max-image-preview":"max-image-preview:large","max-video-preview":"max-video-preview:-1"},"canonical":"https:\/\/amalfrankfurt.de\/de\/2024\/05\/13\/warum-engagierst-du-dich-sarah\/","og_locale":"de_DE","og_type":"article","og_title":"Warum engagierst Du Dich, Sarah? - Amal, Frankfurt!","og_description":"Nach mehreren Angriffen auf Politiker:innen und Wahlk\u00e4mpfende macht sich Angst breit. Hinzu kommen Beschimpfungen online, Beleidigungen und weitverbreitete Verachtung f\u00fcr Politiker:innen im Allgemeinen. Wer ist unter diesen Bedingungen bereit, sich politisch zu engagieren? Wozu \u00fcberhaupt? Sarah Hegazy ist eine, die es trotzdem tut. Sie ist Co-Vorsitzende der Jusos in Berlin Mitte und sie erkl\u00e4rt im... Weiter &raquo;","og_url":"https:\/\/amalfrankfurt.de\/de\/2024\/05\/13\/warum-engagierst-du-dich-sarah\/","og_site_name":"Amal, Frankfurt!","article_author":"https:\/\/www.facebook.com\/aalmir66\/","article_published_time":"2024-05-13T14:30:09+00:00","article_modified_time":"2024-06-13T06:27:31+00:00","og_image":[{"width":480,"height":360,"url":"https:\/\/amalfrankfurt.de\/wp-content\/uploads\/sites\/5\/2024\/05\/7MKbCtjRl1k-1.jpg","type":"image\/jpeg"}],"author":"Amloud Alamir","twitter_card":"summary_large_image","twitter_misc":{"Verfasst von":"Amloud Alamir","Gesch\u00e4tzte Lesezeit":"1\u00a0Minute"},"schema":{"@context":"https:\/\/schema.org","@graph":[{"@type":"Article","@id":"https:\/\/amalfrankfurt.de\/de\/2024\/05\/13\/warum-engagierst-du-dich-sarah\/#article","isPartOf":{"@id":"https:\/\/amalfrankfurt.de\/de\/2024\/05\/13\/warum-engagierst-du-dich-sarah\/"},"author":{"name":"Amloud Alamir","@id":"https:\/\/amalfrankfurt.de\/de\/#\/schema\/person\/29d859f8134fc2a1578b6a96b82bd4ab"},"headline":"Warum engagierst Du Dich, Sarah?","datePublished":"2024-05-13T14:30:09+00:00","dateModified":"2024-06-13T06:27:31+00:00","mainEntityOfPage":{"@id":"https:\/\/amalfrankfurt.de\/de\/2024\/05\/13\/warum-engagierst-du-dich-sarah\/"},"wordCount":119,"commentCount":0,"image":{"@id":"https:\/\/amalfrankfurt.de\/de\/2024\/05\/13\/warum-engagierst-du-dich-sarah\/#primaryimage"},"thumbnailUrl":"https:\/\/amalfrankfurt.de\/wp-content\/uploads\/sites\/5\/2024\/05\/7MKbCtjRl1k-1.jpg","keywords":["EU-Wahl"],"articleSection":["Video","video"],"inLanguage":"de","potentialAction":[{"@type":"CommentAction","name":"Comment","target":["https:\/\/amalfrankfurt.de\/de\/2024\/05\/13\/warum-engagierst-du-dich-sarah\/#respond"]}]},{"@type":"WebPage","@id":"https:\/\/amalfrankfurt.de\/de\/2024\/05\/13\/warum-engagierst-du-dich-sarah\/","url":"https:\/\/amalfrankfurt.de\/de\/2024\/05\/13\/warum-engagierst-du-dich-sarah\/","name":"Warum engagierst Du Dich, Sarah? - Amal, Frankfurt!","isPartOf":{"@id":"https:\/\/amalfrankfurt.de\/de\/#website"},"primaryImageOfPage":{"@id":"https:\/\/amalfrankfurt.de\/de\/2024\/05\/13\/warum-engagierst-du-dich-sarah\/#primaryimage"},"image":{"@id":"https:\/\/amalfrankfurt.de\/de\/2024\/05\/13\/warum-engagierst-du-dich-sarah\/#primaryimage"},"thumbnailUrl":"https:\/\/amalfrankfurt.de\/wp-content\/uploads\/sites\/5\/2024\/05\/7MKbCtjRl1k-1.jpg","datePublished":"2024-05-13T14:30:09+00:00","dateModified":"2024-06-13T06:27:31+00:00","author":{"@id":"https:\/\/amalfrankfurt.de\/de\/#\/schema\/person\/29d859f8134fc2a1578b6a96b82bd4ab"},"breadcrumb":{"@id":"https:\/\/amalfrankfurt.de\/de\/2024\/05\/13\/warum-engagierst-du-dich-sarah\/#breadcrumb"},"inLanguage":"de","potentialAction":[{"@type":"ReadAction","target":["https:\/\/amalfrankfurt.de\/de\/2024\/05\/13\/warum-engagierst-du-dich-sarah\/"]}]},{"@type":"ImageObject","inLanguage":"de","@id":"https:\/\/amalfrankfurt.de\/de\/2024\/05\/13\/warum-engagierst-du-dich-sarah\/#primaryimage","url":"https:\/\/amalfrankfurt.de\/wp-content\/uploads\/sites\/5\/2024\/05\/7MKbCtjRl1k-1.jpg","contentUrl":"https:\/\/amalfrankfurt.de\/wp-content\/uploads\/sites\/5\/2024\/05\/7MKbCtjRl1k-1.jpg","width":480,"height":360,"caption":"Sarah"},{"@type":"BreadcrumbList","@id":"https:\/\/amalfrankfurt.de\/de\/2024\/05\/13\/warum-engagierst-du-dich-sarah\/#breadcrumb","itemListElement":[{"@type":"ListItem","position":1,"name":"Home","item":"https:\/\/amalfrankfurt.de\/de\/"},{"@type":"ListItem","position":2,"name":"Warum engagierst Du Dich, Sarah?"}]},{"@type":"WebSite","@id":"https:\/\/amalfrankfurt.de\/de\/#website","url":"https:\/\/amalfrankfurt.de\/de\/","name":"Amal, Frankfurt!","description":"","potentialAction":[{"@type":"SearchAction","target":{"@type":"EntryPoint","urlTemplate":"https:\/\/amalfrankfurt.de\/de\/?s={search_term_string}"},"query-input":{"@type":"PropertyValueSpecification","valueRequired":true,"valueName":"search_term_string"}}],"inLanguage":"de"},{"@type":"Person","@id":"https:\/\/amalfrankfurt.de\/de\/#\/schema\/person\/29d859f8134fc2a1578b6a96b82bd4ab","name":"Amloud Alamir","image":{"@type":"ImageObject","inLanguage":"de","@id":"https:\/\/amalfrankfurt.de\/wp-content\/uploads\/sites\/5\/2023\/01\/IMG_2034-300x300-2-125x125.jpg","url":"https:\/\/amalfrankfurt.de\/wp-content\/uploads\/sites\/5\/2023\/01\/IMG_2034-300x300-2-125x125.jpg","contentUrl":"https:\/\/amalfrankfurt.de\/wp-content\/uploads\/sites\/5\/2023\/01\/IMG_2034-300x300-2-125x125.jpg","caption":"Amloud Alamir"},"description":"Amloud Alamir ist Ausbildungsleiterin f\u00fcr Journalist*innen in Damaskus und produziert sowie moderiert den Podcast \u201eSunun\u016b \u2013 Stimmen aus dem Exil\u201c, der sich dem H\u00f6ren der Stimmen arabischer und syrischer Gefl\u00fcchteter widmet und soziale, politische und kulturelle Themen behandelt, die ihnen wichtig sind. Zuvor arbeitete sie in Syrien und Saudi-Arabien als Journalistin und TV-Moderatorin. In Berlin arbeitet sie f\u00fcr den RBB und Deutschlandradio Kultur und ist an der Produktion eines Dokumentarfilms \u00fcber Gefl\u00fcchtete\u00a0beteiligt. amloud.alamir@amalnews.de","sameAs":["https:\/\/www.facebook.com\/aalmir66\/"],"url":"https:\/\/amalfrankfurt.de\/de\/author\/amloud\/"}]}},"_links":{"self":[{"href":"https:\/\/amalfrankfurt.de\/de\/wp-json\/wp\/v2\/posts\/199835","targetHints":{"allow":["GET"]}}],"collection":[{"href":"https:\/\/amalfrankfurt.de\/de\/wp-json\/wp\/v2\/posts"}],"about":[{"href":"https:\/\/amalfrankfurt.de\/de\/wp-json\/wp\/v2\/types\/post"}],"author":[{"embeddable":true,"href":"https:\/\/amalfrankfurt.de\/de\/wp-json\/wp\/v2\/users\/6"}],"replies":[{"embeddable":true,"href":"https:\/\/amalfrankfurt.de\/de\/wp-json\/wp\/v2\/comments?post=199835"}],"version-history":[{"count":1,"href":"https:\/\/amalfrankfurt.de\/de\/wp-json\/wp\/v2\/posts\/199835\/revisions"}],"predecessor-version":[{"id":199846,"href":"https:\/\/amalfrankfurt.de\/de\/wp-json\/wp\/v2\/posts\/199835\/revisions\/199846"}],"wp:featuredmedia":[{"embeddable":true,"href":"https:\/\/amalfrankfurt.de\/de\/wp-json\/wp\/v2\/media\/199841"}],"wp:attachment":[{"href":"https:\/\/amalfrankfurt.de\/de\/wp-json\/wp\/v2\/media?parent=199835"}],"wp:term":[{"taxonomy":"category","embeddable":true,"href":"https:\/\/amalfrankfurt.de\/de\/wp-json\/wp\/v2\/categories?post=199835"},{"taxonomy":"post_tag","embeddable":true,"href":"https:\/\/amalfrankfurt.de\/de\/wp-json\/wp\/v2\/tags?post=199835"}],"curies":[{"name":"wp","href":"https:\/\/api.w.org\/{rel}","templated":true}]}}