{"id":199043,"date":"2024-05-01T14:14:44","date_gmt":"2024-05-01T12:14:44","guid":{"rendered":"https:\/\/amalfrankfurt.de\/2024\/05\/01\/das-ukrainische-maenner-dilemma\/"},"modified":"2024-05-01T14:25:18","modified_gmt":"2024-05-01T12:25:18","slug":"das-ukrainische-maenner-dilemma","status":"publish","type":"post","link":"https:\/\/amalfrankfurt.de\/de\/2024\/05\/01\/das-ukrainische-maenner-dilemma\/","title":{"rendered":"Das ukrainische M\u00e4nner Dilemma"},"content":{"rendered":"<table class=\"mcnTextBlock\" border=\"0\" width=\"100%\" cellspacing=\"0\" cellpadding=\"0\">\n<tbody class=\"mcnTextBlockOuter\">\n<tr>\n<td class=\"mcnTextBlockInner\" valign=\"top\">\n<table class=\"mcnTextContentContainer\" border=\"0\" width=\"100%\" cellspacing=\"0\" cellpadding=\"0\" align=\"left\">\n<tbody>\n<tr>\n<td class=\"mcnTextContent\" valign=\"top\">Die Entscheidung der ukrainischen Regierung, dass m\u00e4nnliche Ukrainer im Ausland keine konsularischen Dienste mehr bekommen, kam \u00fcber Nacht und traf die ukrainische Community in Deutschland mit voller Wucht. Seit vergangener Woche steckt sie<\/p>\n<h3 class=\"null\">Im ukrainischen M\u00e4nner Dilemma<\/h3>\n<p>Einerseits hoffen die allermeisten Ukrainer:innen, die vor dem Krieg nach Deutschland geflohen sind, dass sie bald in die Ukraine zur\u00fcckkehren k\u00f6nnen. Sie hoffen darauf, dass ihre Armee die russischen Angreifer zur\u00fcckschl\u00e4gt. Sie tun alles, um die Armee zu unterst\u00fctzen. Viele engagieren sich ehrenamtlich, sammeln spenden, helfen mit.<\/p>\n<p>Andererseits freuen sich viele Familien, dass sie nun endlich wieder vereint sind. Schwierig war die Zeit, in der Frauen und Kinder allein in der Fremde leben mussten und manchen ist es inzwischen gelungen, ihre M\u00e4nner trotz Ausreiseverbot und Ank\u00fcndigung, dass die Armee Soldaten braucht, ins Ausland zu schleusen. Sollen sie nun wieder zur\u00fcck? An die Front? In dieser Lage, in der die ukrainische Armee gerade die Unterhand hat?<\/p>\n<h3 class=\"null\">Europ\u00e4ische Sicherheitspolitik vs. Familienleben<\/h3>\n<p>Welche Optionen haben sie, wenn sie sich entscheiden, nicht in die Ukraine zur\u00fcckzugehen. Was tun, wenn beispielsweise ihr Pass abl\u00e4uft? Wird Deutschland ihnen Ersatzpapiere ausstellen? Asyl gew\u00e4hren? In dieser Situation, in der f\u00fcr Europas Sicherheit so viel auf dem Spiel steht?<\/p>\n<p>Ein heikles Thema f\u00fcr unsere Leser:innen und auch f\u00fcr unser Team. Olena Melnyk fasst die Positionen im ukrainischen M\u00e4nner Dilemma zusammen.\u00a0<a href=\"https:\/\/amalberlin.de\/ua\/2024\/04\/24\/restrictions-on-men-in-consular-services-abroad-reactions-of-men-and-officials\/\" target=\"_blank\" rel=\"noopener\">Hier<\/a>\u00a0geht es zu ihrem Bericht auf Ukrainisch.<\/p>\n<p>Es ist &#8211; wie gesagt &#8211; ein Dilemma und l\u00e4sst sich nicht einfach aufl\u00f6sen. Und was macht das Amal-Team damit? Wir berichten, denn auch gravierenden Problemen muss man ins Auge schauen. Zugleich &#8211; und darin unterscheiden wir uns von anderen Medien &#8211; wei\u00df das ukrainische Amal-Team, wie es sich anf\u00fchlt, in diesem Dilemma zu stecken und sie bem\u00fchen sich, die Community zu tr\u00f6sten. Zum Beispiel, in dem sie etwas nettes vor haben. Gestern hat Nana Morozova Eintrittkarten f\u00fcr den sehr beliebten\u00a0<a href=\"https:\/\/www.japanevents.shop\/details-registrierung\/japanmarkt-berlin-sommerfest-3\" target=\"_blank\" rel=\"noopener\">Japanischen Markt<\/a>\u00a0von Berlin verlost. Noorullah Rahmani fungierte hier sozusagen als Gl\u00fccksbote. Er geh\u00f6rt ja zum persischen Team von Amal und konnte die ukrainisch geschriebenen Loszettel mit den Namen der \u00fcber hundert Bewerber:innen nicht lesen. Er kann also als absolut unparteiisch gesehen werden. Das ist Amal!<\/td>\n<\/tr>\n<\/tbody>\n<\/table>\n<\/td>\n<\/tr>\n<\/tbody>\n<\/table>\n<table class=\"mcnImageBlock\" border=\"0\" width=\"100%\" cellspacing=\"0\" cellpadding=\"0\">\n<tbody class=\"mcnImageBlockOuter\">\n<tr>\n<td class=\"mcnImageBlockInner\" valign=\"top\">\n<table class=\"mcnImageContentContainer\" border=\"0\" width=\"100%\" cellspacing=\"0\" cellpadding=\"0\" align=\"left\">\n<tbody>\n<tr>\n<td class=\"mcnImageContent\" valign=\"top\"><img decoding=\"async\" class=\"mcnImage\" src=\"https:\/\/mcusercontent.com\/25b910bd41bcfa802c85dd54f\/images\/eb20edf3-e5ec-f22a-49f8-c9499a2fa29d.png\" alt=\"\" width=\"561\" align=\"center\" \/><\/td>\n<\/tr>\n<\/tbody>\n<\/table>\n<\/td>\n<\/tr>\n<\/tbody>\n<\/table>\n<table class=\"mcnTextBlock\" border=\"0\" width=\"100%\" cellspacing=\"0\" cellpadding=\"0\">\n<tbody class=\"mcnTextBlockOuter\">\n<tr>\n<td class=\"mcnTextBlockInner\" valign=\"top\">\n<table class=\"mcnTextContentContainer\" border=\"0\" width=\"100%\" cellspacing=\"0\" cellpadding=\"0\" align=\"left\">\n<tbody>\n<tr>\n<td class=\"mcnTextContent\" valign=\"top\">\n<h3 class=\"null\">Berlin ist eine syrische Gro\u00dfstadt<\/h3>\n<p>Gerade ist ein neues interessantes Buch erschienen: Vision Berlin hei\u00dft es. Es ist ein Projekt der Initiative\u00a0<a href=\"https:\/\/www.syrbanism.com\/\" target=\"_blank\" rel=\"noopener\">Syrbanism<\/a>. In dem Buch, das diese Woche in Berlin vorgestellt wurde, geht es um syrisches Leben, syrische Infrastruktur und syrischen Alltag in Berlin. Ahmad Kalaji war bei der Lesung. Hier geht es zu seinem Instagram Reel auf Arabisch.<\/td>\n<\/tr>\n<\/tbody>\n<\/table>\n<\/td>\n<\/tr>\n<\/tbody>\n<\/table>\n<table class=\"mcnImageCardBlock\" border=\"0\" width=\"100%\" cellspacing=\"0\" cellpadding=\"0\">\n<tbody class=\"mcnImageCardBlockOuter\">\n<tr>\n<td class=\"mcnImageCardBlockInner\" valign=\"top\">\n<table class=\"mcnImageCardBottomContent\" border=\"0\" width=\"100%\" cellspacing=\"0\" cellpadding=\"0\" align=\"right\">\n<tbody>\n<tr>\n<td class=\"mcnImageCardBottomImageContent\" align=\"left\" valign=\"top\"><a class=\"\" title=\"\" href=\"https:\/\/www.instagram.com\/reel\/C6Y_6oEte73\/?utm_source=ig_web_copy_link&amp;igsh=MzRlODBiNWFlZA==\" target=\"\" rel=\"noopener\"><img decoding=\"async\" class=\"mcnImage\" src=\"https:\/\/mcusercontent.com\/25b910bd41bcfa802c85dd54f\/images\/0a0f249d-113a-cab9-7575-3fb2691f312b.png\" alt=\"\" width=\"563\" \/><\/a><\/td>\n<\/tr>\n<tr>\n<td class=\"mcnTextContent\" valign=\"top\" width=\"545\">Buchvorstellung Vision Berlin<\/td>\n<\/tr>\n<\/tbody>\n<\/table>\n<\/td>\n<\/tr>\n<\/tbody>\n<\/table>\n<table class=\"mcnTextBlock\" border=\"0\" width=\"100%\" cellspacing=\"0\" cellpadding=\"0\">\n<tbody class=\"mcnTextBlockOuter\">\n<tr>\n<td class=\"mcnTextBlockInner\" valign=\"top\">\n<table class=\"mcnTextContentContainer\" border=\"0\" width=\"100%\" cellspacing=\"0\" cellpadding=\"0\" align=\"left\">\n<tbody>\n<tr>\n<td class=\"mcnTextContent\" valign=\"top\"><\/td>\n<\/tr>\n<\/tbody>\n<\/table>\n<\/td>\n<\/tr>\n<\/tbody>\n<\/table>\n<table class=\"mcnTextBlock\" border=\"0\" width=\"100%\" cellspacing=\"0\" cellpadding=\"0\">\n<tbody class=\"mcnTextBlockOuter\">\n<tr>\n<td class=\"mcnTextBlockInner\" valign=\"top\">\n<table class=\"mcnTextContentContainer\" border=\"0\" width=\"100%\" cellspacing=\"0\" cellpadding=\"0\" align=\"left\">\n<tbody>\n<tr>\n<td class=\"mcnTextContent\" valign=\"top\">\n<h3 class=\"null\">Amal und das Superwahljahr<\/h3>\n<p>Viele unserer Leser:innen schauen mit Sorge darauf, was das sogenannte Superwahljahr bringen wird und nat\u00fcrlich ist das ein Thema f\u00fcr uns. In gleich mehrfacher Hinsicht:<\/p>\n<p>Unsere Leser:innen sind eines der gro\u00dfen Wahlkampfthemen. Sie werden als Gefahr, Bedrohung, als Problem dargestellt. Das macht etwas mit ihnen und sp\u00e4testens seit der Remigrationsenth\u00fcllungen, machen sich viele Sorgen \u00fcber ihre Zukunft in Deutschland. Um den \u00dcberblick zu behalten und nicht in Panik zu verfallen, hilft verl\u00e4sslicher, gut verst\u00e4ndlicher Journalismus. Hierbei geht es uns auch darum, Menschen eine Stimme zu geben und Handlungsm\u00f6glichkeiten aufzuzeigen.\u00a0 Schlie\u00dflich lautet das Amal Motto: &#8222;Nur wer wei\u00df, was passiert, kann sich beteiligen und mitreden&#8220;.<\/p>\n<p>Ganz besonders gilt dies nat\u00fcrlich f\u00fcr die vielen Neuw\u00e4hler:innen: Viele, der 2014\/15 nach Deutschland geflohenen Syrer:innen und Afghan:innen haben inzwischen den deutschen Pass und d\u00fcrfen dieses Jahr zum ersten Mal w\u00e4hlen. Inzwischen haben knapp 9 der 60 Millionen Wahlberechtigten Migrationsbiografien.<\/p>\n<p>Forschungen zeigen, dass Menschen mit Migrationshintergrund eher seltener zur Wahl gehen. Wir wissen zudem, dass manche unserer Leser:innen zu populistischen Parteien tendieren. So gibt es beispielsweise manche unserer afghanischen Leser:innen, die Berichte zu Themen rund um Sicherheitsfragen, Canabis-Konsum und Homosexualit\u00e4t mit scharfen Positionen kommentieren, die an extrem rechte Wahlkampfparolen erinnern. Kurz gesagt: Hier gibt es etwas zu tun.<\/p>\n<p>Wir haben uns das Ziel gesetzt, unsere Leser:innen zu motivieren zu Wahl zu gehen und ihnen die Informationen zu liefern, die zu einer Wahlentscheidung gebraucht werden. Dabei halten wir uns an unsere Prinzipien: Wir wollen niemanden belehren, was sie w\u00e4hlen sollen. Wir pl\u00e4dieren nur daf\u00fcr, die eigenen Interessen zu erkennen und dann zu entscheiden, was die passende Partei ist.<\/p>\n<h3 class=\"null\">Unser (kleiner) Beitrag zur Versachlichung der Wahlkampfdebatte<\/h3>\n<p>Wir bringen eine Perspektive in die Wahlkampfdebatte ein, die bislang fehlt. Die der Gefl\u00fcchteten. Unser Ziel f\u00fcr die n\u00e4chsten Monate: Wir wollen, dass unsere Reportagen und Kommentare, unser Blick auf den Alltag der Neuangekommenen hier in Deutschland einer breiteren \u00d6ffentlichkeit zug\u00e4nglich wird. Daf\u00fcr brauchen wir Sie. Schreiben Sie uns, wenn Sie in ihrem Medium Interesse an einem solchen Perspektivwechsel haben. Wir \u00fcbersetzen gerne unsere regul\u00e4ren Amal-Artikel oder nehmen auch spezifische Auftr\u00e4ge an, wenn Sie ein besonderes Thema interessiert. Wie w\u00e4re es mit einem Kommentar zum ukrainischen M\u00e4nner Dilemma oder eine Reportage aus dem syrischen Gro\u00dfstadt-Leben in Berlin, geschrieben jeweils von einer\/m Autor:in, die selbst aus der Community stammt. Es w\u00e4re doch sch\u00f6n, wenn wir so gemeinsam dazu beitragen k\u00f6nnen, die Wahlkampfdebatten 2024 zu versachlichen; auch wenn es nur ein kleiner Beitrag ist.<\/p>\n<div>\n<p><a href=\"http:\/\/info@amalberlin.de\/\" target=\"_blank\" rel=\"noopener\">info@amalberlin.de<\/a><\/p>\n<\/div>\n<\/td>\n<\/tr>\n<\/tbody>\n<\/table>\n<\/td>\n<\/tr>\n<\/tbody>\n<\/table>\n<table class=\"mcnImageCardBlock\" border=\"0\" width=\"100%\" cellspacing=\"0\" cellpadding=\"0\">\n<tbody class=\"mcnImageCardBlockOuter\">\n<tr>\n<td class=\"mcnImageCardBlockInner\" valign=\"top\">\n<table class=\"mcnImageCardBottomContent\" border=\"0\" width=\"100%\" cellspacing=\"0\" cellpadding=\"0\" align=\"right\">\n<tbody>\n<tr>\n<td class=\"mcnImageCardBottomImageContent\" align=\"left\" valign=\"top\"><img decoding=\"async\" class=\"mcnImage\" src=\"https:\/\/mcusercontent.com\/25b910bd41bcfa802c85dd54f\/images\/2d813ae5-cfb5-88e8-c456-2e9285877a9f.jpeg\" alt=\"\" width=\"563\" \/><\/td>\n<\/tr>\n<tr>\n<td class=\"mcnTextContent\" valign=\"top\" width=\"545\">Heute feiert Amal, Hamburg! sein f\u00fcnfj\u00e4hriges Bestehen mit einem gro\u00dfen Fest in der Embassy of Hope. Die Koordinatorin der Hamburger Redaktion Heifaa Atfeh blickt in ihrer Rede auf den Aufbau der Redaktion zur\u00fcck.\u00a0<a href=\"http:\/\/https\/\/amalhamburg.de\/de\/2024\/04\/30\/amal-hamburg-wird-fuenf\/\" target=\"_blank\" rel=\"noopener\">Hier<\/a>\u00a0k\u00f6nnen Sie den Text der Rede vorab lesen.<\/td>\n<\/tr>\n<\/tbody>\n<\/table>\n<\/td>\n<\/tr>\n<\/tbody>\n<\/table>\n<table class=\"mcnTextBlock\" border=\"0\" width=\"100%\" cellspacing=\"0\" cellpadding=\"0\">\n<tbody class=\"mcnTextBlockOuter\">\n<tr>\n<td class=\"mcnTextBlockInner\" valign=\"top\">\n<table class=\"mcnTextContentContainer\" border=\"0\" width=\"100%\" cellspacing=\"0\" cellpadding=\"0\" align=\"left\">\n<tbody>\n<tr>\n<td class=\"mcnTextContent\" valign=\"top\"><strong>Wir w\u00fcnschen Ihnen eine sch\u00f6ne Woche!<\/strong><\/p>\n<div><strong>Viele Gr\u00fc\u00dfe vom\u00a0Amal-Team<\/strong><\/div>\n<div>Foto: Canva, Nana Morozova, Rasmus Gerlach<\/div>\n<\/td>\n<\/tr>\n<\/tbody>\n<\/table>\n<\/td>\n<\/tr>\n<\/tbody>\n<\/table>\n","protected":false},"excerpt":{"rendered":"<p>Die Entscheidung der ukrainischen Regierung, dass m\u00e4nnliche Ukrainer im Ausland keine konsularischen Dienste mehr bekommen, kam \u00fcber Nacht und traf die ukrainische Community in Deutschland mit voller Wucht. Seit vergangener Woche steckt sie Im ukrainischen M\u00e4nner Dilemma Einerseits hoffen die allermeisten Ukrainer:innen, die vor dem Krieg nach Deutschland geflohen sind, dass sie bald in die&#8230;  <a class=\"excerpt-read-more\" href=\"https:\/\/amalfrankfurt.de\/de\/2024\/05\/01\/das-ukrainische-maenner-dilemma\/\" title=\"Read Das ukrainische M\u00e4nner Dilemma\">Weiter &raquo;<\/a><\/p>\n","protected":false},"author":13,"featured_media":199044,"comment_status":"open","ping_status":"open","sticky":false,"template":"","format":"standard","meta":{"_acf_changed":false,"footnotes":""},"categories":[26],"tags":[42,1494,46,4542],"class_list":["post-199043","post","type-post","status-publish","format-standard","has-post-thumbnail","hentry","category-themen-diese-woche","tag-berlin","tag-krieg","tag-ukraine","tag-wahl-2024"],"acf":[],"yoast_head":"<!-- This site is optimized with the Yoast SEO plugin v27.5 - https:\/\/yoast.com\/product\/yoast-seo-wordpress\/ -->\n<title>Das ukrainische M\u00e4nner Dilemma - Amal, Frankfurt!<\/title>\n<meta name=\"description\" content=\"Das ukrainische M\u00e4nner Dilemma: Keine konsularische Dienste f\u00fcr m\u00e4nnliche Ukrainer in Deutschland. Syrische Diaspora\" \/>\n<meta name=\"robots\" content=\"index, follow, max-snippet:-1, max-image-preview:large, max-video-preview:-1\" \/>\n<link rel=\"canonical\" href=\"https:\/\/amalfrankfurt.de\/de\/2024\/05\/01\/das-ukrainische-maenner-dilemma\/\" \/>\n<meta property=\"og:locale\" content=\"de_DE\" \/>\n<meta property=\"og:type\" content=\"article\" \/>\n<meta property=\"og:title\" content=\"Das ukrainische M\u00e4nner Dilemma - Amal, Frankfurt!\" \/>\n<meta property=\"og:description\" content=\"Das ukrainische M\u00e4nner Dilemma: Keine konsularische Dienste f\u00fcr m\u00e4nnliche Ukrainer in Deutschland. Syrische Diaspora\" \/>\n<meta property=\"og:url\" content=\"https:\/\/amalfrankfurt.de\/de\/2024\/05\/01\/das-ukrainische-maenner-dilemma\/\" \/>\n<meta property=\"og:site_name\" content=\"Amal, Frankfurt!\" \/>\n<meta property=\"article:published_time\" content=\"2024-05-01T12:14:44+00:00\" \/>\n<meta property=\"article:modified_time\" content=\"2024-05-01T12:25:18+00:00\" \/>\n<meta property=\"og:image\" content=\"https:\/\/amalfrankfurt.de\/wp-content\/uploads\/sites\/5\/2024\/05\/Design-ohne-Titel5.jpg\" \/>\n\t<meta property=\"og:image:width\" content=\"840\" \/>\n\t<meta property=\"og:image:height\" content=\"840\" \/>\n\t<meta property=\"og:image:type\" content=\"image\/jpeg\" \/>\n<meta name=\"author\" content=\"Julia Gerlach\" \/>\n<meta name=\"twitter:card\" content=\"summary_large_image\" \/>\n<meta name=\"twitter:label1\" content=\"Verfasst von\" \/>\n\t<meta name=\"twitter:data1\" content=\"Julia Gerlach\" \/>\n\t<meta name=\"twitter:label2\" content=\"Gesch\u00e4tzte Lesezeit\" \/>\n\t<meta name=\"twitter:data2\" content=\"6\u00a0Minuten\" \/>\n<script type=\"application\/ld+json\" class=\"yoast-schema-graph\">{\"@context\":\"https:\\\/\\\/schema.org\",\"@graph\":[{\"@type\":\"Article\",\"@id\":\"https:\\\/\\\/amalfrankfurt.de\\\/de\\\/2024\\\/05\\\/01\\\/das-ukrainische-maenner-dilemma\\\/#article\",\"isPartOf\":{\"@id\":\"https:\\\/\\\/amalfrankfurt.de\\\/de\\\/2024\\\/05\\\/01\\\/das-ukrainische-maenner-dilemma\\\/\"},\"author\":{\"name\":\"Julia Gerlach\",\"@id\":\"https:\\\/\\\/amalfrankfurt.de\\\/de\\\/#\\\/schema\\\/person\\\/69d08bbfd6c317e7166f72efca0b9e05\"},\"headline\":\"Das ukrainische M\u00e4nner Dilemma\",\"datePublished\":\"2024-05-01T12:14:44+00:00\",\"dateModified\":\"2024-05-01T12:25:18+00:00\",\"mainEntityOfPage\":{\"@id\":\"https:\\\/\\\/amalfrankfurt.de\\\/de\\\/2024\\\/05\\\/01\\\/das-ukrainische-maenner-dilemma\\\/\"},\"wordCount\":962,\"commentCount\":0,\"image\":{\"@id\":\"https:\\\/\\\/amalfrankfurt.de\\\/de\\\/2024\\\/05\\\/01\\\/das-ukrainische-maenner-dilemma\\\/#primaryimage\"},\"thumbnailUrl\":\"https:\\\/\\\/amalfrankfurt.de\\\/wp-content\\\/uploads\\\/sites\\\/5\\\/2024\\\/05\\\/Design-ohne-Titel5.jpg\",\"keywords\":[\"berlin\",\"Krieg\",\"Ukraine\",\"Wahl 2024\"],\"articleSection\":[\"Themen diese Woche\"],\"inLanguage\":\"de\",\"potentialAction\":[{\"@type\":\"CommentAction\",\"name\":\"Comment\",\"target\":[\"https:\\\/\\\/amalfrankfurt.de\\\/de\\\/2024\\\/05\\\/01\\\/das-ukrainische-maenner-dilemma\\\/#respond\"]}]},{\"@type\":\"WebPage\",\"@id\":\"https:\\\/\\\/amalfrankfurt.de\\\/de\\\/2024\\\/05\\\/01\\\/das-ukrainische-maenner-dilemma\\\/\",\"url\":\"https:\\\/\\\/amalfrankfurt.de\\\/de\\\/2024\\\/05\\\/01\\\/das-ukrainische-maenner-dilemma\\\/\",\"name\":\"Das ukrainische M\u00e4nner Dilemma - Amal, Frankfurt!\",\"isPartOf\":{\"@id\":\"https:\\\/\\\/amalfrankfurt.de\\\/de\\\/#website\"},\"primaryImageOfPage\":{\"@id\":\"https:\\\/\\\/amalfrankfurt.de\\\/de\\\/2024\\\/05\\\/01\\\/das-ukrainische-maenner-dilemma\\\/#primaryimage\"},\"image\":{\"@id\":\"https:\\\/\\\/amalfrankfurt.de\\\/de\\\/2024\\\/05\\\/01\\\/das-ukrainische-maenner-dilemma\\\/#primaryimage\"},\"thumbnailUrl\":\"https:\\\/\\\/amalfrankfurt.de\\\/wp-content\\\/uploads\\\/sites\\\/5\\\/2024\\\/05\\\/Design-ohne-Titel5.jpg\",\"datePublished\":\"2024-05-01T12:14:44+00:00\",\"dateModified\":\"2024-05-01T12:25:18+00:00\",\"author\":{\"@id\":\"https:\\\/\\\/amalfrankfurt.de\\\/de\\\/#\\\/schema\\\/person\\\/69d08bbfd6c317e7166f72efca0b9e05\"},\"description\":\"Das ukrainische M\u00e4nner Dilemma: Keine konsularische Dienste f\u00fcr m\u00e4nnliche Ukrainer in Deutschland. Syrische Diaspora\",\"breadcrumb\":{\"@id\":\"https:\\\/\\\/amalfrankfurt.de\\\/de\\\/2024\\\/05\\\/01\\\/das-ukrainische-maenner-dilemma\\\/#breadcrumb\"},\"inLanguage\":\"de\",\"potentialAction\":[{\"@type\":\"ReadAction\",\"target\":[\"https:\\\/\\\/amalfrankfurt.de\\\/de\\\/2024\\\/05\\\/01\\\/das-ukrainische-maenner-dilemma\\\/\"]}]},{\"@type\":\"ImageObject\",\"inLanguage\":\"de\",\"@id\":\"https:\\\/\\\/amalfrankfurt.de\\\/de\\\/2024\\\/05\\\/01\\\/das-ukrainische-maenner-dilemma\\\/#primaryimage\",\"url\":\"https:\\\/\\\/amalfrankfurt.de\\\/wp-content\\\/uploads\\\/sites\\\/5\\\/2024\\\/05\\\/Design-ohne-Titel5.jpg\",\"contentUrl\":\"https:\\\/\\\/amalfrankfurt.de\\\/wp-content\\\/uploads\\\/sites\\\/5\\\/2024\\\/05\\\/Design-ohne-Titel5.jpg\",\"width\":840,\"height\":840,\"caption\":\"Krieg\"},{\"@type\":\"BreadcrumbList\",\"@id\":\"https:\\\/\\\/amalfrankfurt.de\\\/de\\\/2024\\\/05\\\/01\\\/das-ukrainische-maenner-dilemma\\\/#breadcrumb\",\"itemListElement\":[{\"@type\":\"ListItem\",\"position\":1,\"name\":\"Home\",\"item\":\"https:\\\/\\\/amalfrankfurt.de\\\/de\\\/\"},{\"@type\":\"ListItem\",\"position\":2,\"name\":\"Das ukrainische M\u00e4nner Dilemma\"}]},{\"@type\":\"WebSite\",\"@id\":\"https:\\\/\\\/amalfrankfurt.de\\\/de\\\/#website\",\"url\":\"https:\\\/\\\/amalfrankfurt.de\\\/de\\\/\",\"name\":\"Amal, Frankfurt!\",\"description\":\"\",\"potentialAction\":[{\"@type\":\"SearchAction\",\"target\":{\"@type\":\"EntryPoint\",\"urlTemplate\":\"https:\\\/\\\/amalfrankfurt.de\\\/de\\\/?s={search_term_string}\"},\"query-input\":{\"@type\":\"PropertyValueSpecification\",\"valueRequired\":true,\"valueName\":\"search_term_string\"}}],\"inLanguage\":\"de\"},{\"@type\":\"Person\",\"@id\":\"https:\\\/\\\/amalfrankfurt.de\\\/de\\\/#\\\/schema\\\/person\\\/69d08bbfd6c317e7166f72efca0b9e05\",\"name\":\"Julia Gerlach\",\"image\":{\"@type\":\"ImageObject\",\"inLanguage\":\"de\",\"@id\":\"https:\\\/\\\/amalfrankfurt.de\\\/wp-content\\\/uploads\\\/sites\\\/5\\\/2023\\\/01\\\/aaaJulia-Gerlach-1-300x300-1-125x125.jpg\",\"url\":\"https:\\\/\\\/amalfrankfurt.de\\\/wp-content\\\/uploads\\\/sites\\\/5\\\/2023\\\/01\\\/aaaJulia-Gerlach-1-300x300-1-125x125.jpg\",\"contentUrl\":\"https:\\\/\\\/amalfrankfurt.de\\\/wp-content\\\/uploads\\\/sites\\\/5\\\/2023\\\/01\\\/aaaJulia-Gerlach-1-300x300-1-125x125.jpg\",\"caption\":\"Julia Gerlach\"},\"description\":\"Julia Gerlach ist Projektleiterin bei Amal, Berlin! Von 2008 bis 2015 hat sie als Korrespondentin f\u00fcr deutsche Medien aus Kairo \u00fcber die arabischen Welt berichtet. Zuvor war sie Redakteurin beim heute Journal des ZDF. Sie hat mehrere Sachb\u00fccher \u00fcber den Islam in Deutschland und den Arabischen Fr\u00fchling geschrieben.\",\"url\":\"https:\\\/\\\/amalfrankfurt.de\\\/de\\\/author\\\/julia\\\/\"}]}<\/script>\n<!-- \/ Yoast SEO plugin. -->","yoast_head_json":{"title":"Das ukrainische M\u00e4nner Dilemma - Amal, Frankfurt!","description":"Das ukrainische M\u00e4nner Dilemma: Keine konsularische Dienste f\u00fcr m\u00e4nnliche Ukrainer in Deutschland. Syrische Diaspora","robots":{"index":"index","follow":"follow","max-snippet":"max-snippet:-1","max-image-preview":"max-image-preview:large","max-video-preview":"max-video-preview:-1"},"canonical":"https:\/\/amalfrankfurt.de\/de\/2024\/05\/01\/das-ukrainische-maenner-dilemma\/","og_locale":"de_DE","og_type":"article","og_title":"Das ukrainische M\u00e4nner Dilemma - Amal, Frankfurt!","og_description":"Das ukrainische M\u00e4nner Dilemma: Keine konsularische Dienste f\u00fcr m\u00e4nnliche Ukrainer in Deutschland. Syrische Diaspora","og_url":"https:\/\/amalfrankfurt.de\/de\/2024\/05\/01\/das-ukrainische-maenner-dilemma\/","og_site_name":"Amal, Frankfurt!","article_published_time":"2024-05-01T12:14:44+00:00","article_modified_time":"2024-05-01T12:25:18+00:00","og_image":[{"width":840,"height":840,"url":"https:\/\/amalfrankfurt.de\/wp-content\/uploads\/sites\/5\/2024\/05\/Design-ohne-Titel5.jpg","type":"image\/jpeg"}],"author":"Julia Gerlach","twitter_card":"summary_large_image","twitter_misc":{"Verfasst von":"Julia Gerlach","Gesch\u00e4tzte Lesezeit":"6\u00a0Minuten"},"schema":{"@context":"https:\/\/schema.org","@graph":[{"@type":"Article","@id":"https:\/\/amalfrankfurt.de\/de\/2024\/05\/01\/das-ukrainische-maenner-dilemma\/#article","isPartOf":{"@id":"https:\/\/amalfrankfurt.de\/de\/2024\/05\/01\/das-ukrainische-maenner-dilemma\/"},"author":{"name":"Julia Gerlach","@id":"https:\/\/amalfrankfurt.de\/de\/#\/schema\/person\/69d08bbfd6c317e7166f72efca0b9e05"},"headline":"Das ukrainische M\u00e4nner Dilemma","datePublished":"2024-05-01T12:14:44+00:00","dateModified":"2024-05-01T12:25:18+00:00","mainEntityOfPage":{"@id":"https:\/\/amalfrankfurt.de\/de\/2024\/05\/01\/das-ukrainische-maenner-dilemma\/"},"wordCount":962,"commentCount":0,"image":{"@id":"https:\/\/amalfrankfurt.de\/de\/2024\/05\/01\/das-ukrainische-maenner-dilemma\/#primaryimage"},"thumbnailUrl":"https:\/\/amalfrankfurt.de\/wp-content\/uploads\/sites\/5\/2024\/05\/Design-ohne-Titel5.jpg","keywords":["berlin","Krieg","Ukraine","Wahl 2024"],"articleSection":["Themen diese Woche"],"inLanguage":"de","potentialAction":[{"@type":"CommentAction","name":"Comment","target":["https:\/\/amalfrankfurt.de\/de\/2024\/05\/01\/das-ukrainische-maenner-dilemma\/#respond"]}]},{"@type":"WebPage","@id":"https:\/\/amalfrankfurt.de\/de\/2024\/05\/01\/das-ukrainische-maenner-dilemma\/","url":"https:\/\/amalfrankfurt.de\/de\/2024\/05\/01\/das-ukrainische-maenner-dilemma\/","name":"Das ukrainische M\u00e4nner Dilemma - Amal, Frankfurt!","isPartOf":{"@id":"https:\/\/amalfrankfurt.de\/de\/#website"},"primaryImageOfPage":{"@id":"https:\/\/amalfrankfurt.de\/de\/2024\/05\/01\/das-ukrainische-maenner-dilemma\/#primaryimage"},"image":{"@id":"https:\/\/amalfrankfurt.de\/de\/2024\/05\/01\/das-ukrainische-maenner-dilemma\/#primaryimage"},"thumbnailUrl":"https:\/\/amalfrankfurt.de\/wp-content\/uploads\/sites\/5\/2024\/05\/Design-ohne-Titel5.jpg","datePublished":"2024-05-01T12:14:44+00:00","dateModified":"2024-05-01T12:25:18+00:00","author":{"@id":"https:\/\/amalfrankfurt.de\/de\/#\/schema\/person\/69d08bbfd6c317e7166f72efca0b9e05"},"description":"Das ukrainische M\u00e4nner Dilemma: Keine konsularische Dienste f\u00fcr m\u00e4nnliche Ukrainer in Deutschland. Syrische Diaspora","breadcrumb":{"@id":"https:\/\/amalfrankfurt.de\/de\/2024\/05\/01\/das-ukrainische-maenner-dilemma\/#breadcrumb"},"inLanguage":"de","potentialAction":[{"@type":"ReadAction","target":["https:\/\/amalfrankfurt.de\/de\/2024\/05\/01\/das-ukrainische-maenner-dilemma\/"]}]},{"@type":"ImageObject","inLanguage":"de","@id":"https:\/\/amalfrankfurt.de\/de\/2024\/05\/01\/das-ukrainische-maenner-dilemma\/#primaryimage","url":"https:\/\/amalfrankfurt.de\/wp-content\/uploads\/sites\/5\/2024\/05\/Design-ohne-Titel5.jpg","contentUrl":"https:\/\/amalfrankfurt.de\/wp-content\/uploads\/sites\/5\/2024\/05\/Design-ohne-Titel5.jpg","width":840,"height":840,"caption":"Krieg"},{"@type":"BreadcrumbList","@id":"https:\/\/amalfrankfurt.de\/de\/2024\/05\/01\/das-ukrainische-maenner-dilemma\/#breadcrumb","itemListElement":[{"@type":"ListItem","position":1,"name":"Home","item":"https:\/\/amalfrankfurt.de\/de\/"},{"@type":"ListItem","position":2,"name":"Das ukrainische M\u00e4nner Dilemma"}]},{"@type":"WebSite","@id":"https:\/\/amalfrankfurt.de\/de\/#website","url":"https:\/\/amalfrankfurt.de\/de\/","name":"Amal, Frankfurt!","description":"","potentialAction":[{"@type":"SearchAction","target":{"@type":"EntryPoint","urlTemplate":"https:\/\/amalfrankfurt.de\/de\/?s={search_term_string}"},"query-input":{"@type":"PropertyValueSpecification","valueRequired":true,"valueName":"search_term_string"}}],"inLanguage":"de"},{"@type":"Person","@id":"https:\/\/amalfrankfurt.de\/de\/#\/schema\/person\/69d08bbfd6c317e7166f72efca0b9e05","name":"Julia Gerlach","image":{"@type":"ImageObject","inLanguage":"de","@id":"https:\/\/amalfrankfurt.de\/wp-content\/uploads\/sites\/5\/2023\/01\/aaaJulia-Gerlach-1-300x300-1-125x125.jpg","url":"https:\/\/amalfrankfurt.de\/wp-content\/uploads\/sites\/5\/2023\/01\/aaaJulia-Gerlach-1-300x300-1-125x125.jpg","contentUrl":"https:\/\/amalfrankfurt.de\/wp-content\/uploads\/sites\/5\/2023\/01\/aaaJulia-Gerlach-1-300x300-1-125x125.jpg","caption":"Julia Gerlach"},"description":"Julia Gerlach ist Projektleiterin bei Amal, Berlin! Von 2008 bis 2015 hat sie als Korrespondentin f\u00fcr deutsche Medien aus Kairo \u00fcber die arabischen Welt berichtet. Zuvor war sie Redakteurin beim heute Journal des ZDF. Sie hat mehrere Sachb\u00fccher \u00fcber den Islam in Deutschland und den Arabischen Fr\u00fchling geschrieben.","url":"https:\/\/amalfrankfurt.de\/de\/author\/julia\/"}]}},"_links":{"self":[{"href":"https:\/\/amalfrankfurt.de\/de\/wp-json\/wp\/v2\/posts\/199043","targetHints":{"allow":["GET"]}}],"collection":[{"href":"https:\/\/amalfrankfurt.de\/de\/wp-json\/wp\/v2\/posts"}],"about":[{"href":"https:\/\/amalfrankfurt.de\/de\/wp-json\/wp\/v2\/types\/post"}],"author":[{"embeddable":true,"href":"https:\/\/amalfrankfurt.de\/de\/wp-json\/wp\/v2\/users\/13"}],"replies":[{"embeddable":true,"href":"https:\/\/amalfrankfurt.de\/de\/wp-json\/wp\/v2\/comments?post=199043"}],"version-history":[{"count":1,"href":"https:\/\/amalfrankfurt.de\/de\/wp-json\/wp\/v2\/posts\/199043\/revisions"}],"predecessor-version":[{"id":199049,"href":"https:\/\/amalfrankfurt.de\/de\/wp-json\/wp\/v2\/posts\/199043\/revisions\/199049"}],"wp:featuredmedia":[{"embeddable":true,"href":"https:\/\/amalfrankfurt.de\/de\/wp-json\/wp\/v2\/media\/199044"}],"wp:attachment":[{"href":"https:\/\/amalfrankfurt.de\/de\/wp-json\/wp\/v2\/media?parent=199043"}],"wp:term":[{"taxonomy":"category","embeddable":true,"href":"https:\/\/amalfrankfurt.de\/de\/wp-json\/wp\/v2\/categories?post=199043"},{"taxonomy":"post_tag","embeddable":true,"href":"https:\/\/amalfrankfurt.de\/de\/wp-json\/wp\/v2\/tags?post=199043"}],"curies":[{"name":"wp","href":"https:\/\/api.w.org\/{rel}","templated":true}]}}