{"id":198999,"date":"2024-04-30T15:10:51","date_gmt":"2024-04-30T13:10:51","guid":{"rendered":"https:\/\/amalfrankfurt.de\/2024\/04\/30\/die-herzberg-alumnis\/"},"modified":"2024-04-30T15:12:27","modified_gmt":"2024-04-30T13:12:27","slug":"die-herzberg-alumnis","status":"publish","type":"post","link":"https:\/\/amalfrankfurt.de\/de\/2024\/04\/30\/die-herzberg-alumnis\/","title":{"rendered":"Die Herzberg Alumnis"},"content":{"rendered":"<p>Herzberg in Brandenburg ist f\u00fcr viele Gefl\u00fcchtete aus Afghanistan die erste Station in Deutschland. Manche bleiben nu einige Wochen in der Erstaufnahmeunterkunft, andere bleiben Jahre. Obwohl das gro\u00dfe gelbe Geb\u00e4ude f\u00fcr viele auch mit negativen Erfahrungen verbunden ist, gibt es eine enge Verbundenheit der Menschen mit diesem Ort. Jahr f\u00fcr Jahr treffen sich die ehemaligen Bewohner zu einem Fr\u00fchlingsfest. Dawod Adil war in diesem Jahr (wieder) dabei.<\/p>\n<p><iframe loading=\"lazy\" title=\"\u0686\u0627\u0644\u0634\u200c\u0647\u0627 \u0648 \u0627\u0645\u06cc\u062f\u0647\u0627\u06cc \u067e\u0646\u0627\u0647\u0646\u062f\u06af\u0627\u0646: \u0632\u0646\u062f\u06af\u06cc \u067e\u0646\u0627\u0647\u062c\u0648\u06cc\u0627\u0646 \u062f\u0631 \u062f\u0644 \u063a\u0631\u0628\u062a \u062f\u0631 \u0627\u06cc\u0627\u0644\u062a \u0628\u0631\u0627\u0646\u062f\u0628\u0648\u0631\u06af\" width=\"680\" height=\"383\" src=\"https:\/\/www.youtube.com\/embed\/cOl2xCrO1Rw?feature=oembed\" frameborder=\"0\" allow=\"accelerometer; autoplay; clipboard-write; encrypted-media; gyroscope; picture-in-picture; web-share\" referrerpolicy=\"strict-origin-when-cross-origin\" allowfullscreen><\/iframe><\/p>\n","protected":false},"excerpt":{"rendered":"<p>Herzberg in Brandenburg ist f\u00fcr viele Gefl\u00fcchtete aus Afghanistan die erste Station in Deutschland. Manche bleiben nu einige Wochen in der Erstaufnahmeunterkunft, andere bleiben Jahre. Obwohl das gro\u00dfe gelbe Geb\u00e4ude f\u00fcr viele auch mit negativen Erfahrungen verbunden ist, gibt es eine enge Verbundenheit der Menschen mit diesem Ort. Jahr f\u00fcr Jahr treffen sich die ehemaligen&#8230;  <a class=\"excerpt-read-more\" href=\"https:\/\/amalfrankfurt.de\/de\/2024\/04\/30\/die-herzberg-alumnis\/\" title=\"Read Die Herzberg Alumnis\">Weiter &raquo;<\/a><\/p>\n","protected":false},"author":11,"featured_media":199005,"comment_status":"open","ping_status":"open","sticky":false,"template":"","format":"standard","meta":{"_acf_changed":false,"footnotes":""},"categories":[4536,80,863],"tags":[139,4534],"class_list":["post-198999","post","type-post","status-publish","format-standard","has-post-thumbnail","hentry","category-brandenburg","category-video-de","category-video","tag-afghanistan","tag-brandenburg"],"acf":[],"yoast_head":"<!-- This site is optimized with the Yoast SEO plugin v27.4 - https:\/\/yoast.com\/product\/yoast-seo-wordpress\/ -->\n<title>Die Herzberg Alumnis - Amal, Frankfurt!<\/title>\n<meta name=\"robots\" content=\"index, follow, max-snippet:-1, max-image-preview:large, max-video-preview:-1\" \/>\n<link rel=\"canonical\" href=\"https:\/\/amalfrankfurt.de\/de\/2024\/04\/30\/die-herzberg-alumnis\/\" \/>\n<meta property=\"og:locale\" content=\"de_DE\" \/>\n<meta property=\"og:type\" content=\"article\" \/>\n<meta property=\"og:title\" content=\"Die Herzberg Alumnis - Amal, Frankfurt!\" \/>\n<meta property=\"og:description\" content=\"Herzberg in Brandenburg ist f\u00fcr viele Gefl\u00fcchtete aus Afghanistan die erste Station in Deutschland. Manche bleiben nu einige Wochen in der Erstaufnahmeunterkunft, andere bleiben Jahre. Obwohl das gro\u00dfe gelbe Geb\u00e4ude f\u00fcr viele auch mit negativen Erfahrungen verbunden ist, gibt es eine enge Verbundenheit der Menschen mit diesem Ort. Jahr f\u00fcr Jahr treffen sich die ehemaligen... Weiter &raquo;\" \/>\n<meta property=\"og:url\" content=\"https:\/\/amalfrankfurt.de\/de\/2024\/04\/30\/die-herzberg-alumnis\/\" \/>\n<meta property=\"og:site_name\" content=\"Amal, Frankfurt!\" \/>\n<meta property=\"article:published_time\" content=\"2024-04-30T13:10:51+00:00\" \/>\n<meta property=\"article:modified_time\" content=\"2024-04-30T13:12:27+00:00\" \/>\n<meta property=\"og:image\" content=\"https:\/\/amalfrankfurt.de\/wp-content\/uploads\/sites\/5\/2024\/04\/Unbenannt.jpg\" \/>\n\t<meta property=\"og:image:width\" content=\"1000\" \/>\n\t<meta property=\"og:image:height\" content=\"562\" \/>\n\t<meta property=\"og:image:type\" content=\"image\/jpeg\" \/>\n<meta name=\"author\" content=\"Dawod Adil\" \/>\n<meta name=\"twitter:card\" content=\"summary_large_image\" \/>\n<meta name=\"twitter:label1\" content=\"Verfasst von\" \/>\n\t<meta name=\"twitter:data1\" content=\"Dawod Adil\" \/>\n<script type=\"application\/ld+json\" class=\"yoast-schema-graph\">{\"@context\":\"https:\\\/\\\/schema.org\",\"@graph\":[{\"@type\":\"Article\",\"@id\":\"https:\\\/\\\/amalfrankfurt.de\\\/de\\\/2024\\\/04\\\/30\\\/die-herzberg-alumnis\\\/#article\",\"isPartOf\":{\"@id\":\"https:\\\/\\\/amalfrankfurt.de\\\/de\\\/2024\\\/04\\\/30\\\/die-herzberg-alumnis\\\/\"},\"author\":{\"name\":\"Dawod Adil\",\"@id\":\"https:\\\/\\\/amalfrankfurt.de\\\/de\\\/#\\\/schema\\\/person\\\/fa3a3c04d5a2f4f8cbab1ec1b7a5c7c4\"},\"headline\":\"Die Herzberg Alumnis\",\"datePublished\":\"2024-04-30T13:10:51+00:00\",\"dateModified\":\"2024-04-30T13:12:27+00:00\",\"mainEntityOfPage\":{\"@id\":\"https:\\\/\\\/amalfrankfurt.de\\\/de\\\/2024\\\/04\\\/30\\\/die-herzberg-alumnis\\\/\"},\"wordCount\":87,\"commentCount\":0,\"image\":{\"@id\":\"https:\\\/\\\/amalfrankfurt.de\\\/de\\\/2024\\\/04\\\/30\\\/die-herzberg-alumnis\\\/#primaryimage\"},\"thumbnailUrl\":\"https:\\\/\\\/amalfrankfurt.de\\\/wp-content\\\/uploads\\\/sites\\\/5\\\/2024\\\/04\\\/Unbenannt.jpg\",\"keywords\":[\"Afghanistan\",\"Brandenburg\"],\"articleSection\":[\"Brandenburg\",\"Video\",\"video\"],\"inLanguage\":\"de\",\"potentialAction\":[{\"@type\":\"CommentAction\",\"name\":\"Comment\",\"target\":[\"https:\\\/\\\/amalfrankfurt.de\\\/de\\\/2024\\\/04\\\/30\\\/die-herzberg-alumnis\\\/#respond\"]}]},{\"@type\":\"WebPage\",\"@id\":\"https:\\\/\\\/amalfrankfurt.de\\\/de\\\/2024\\\/04\\\/30\\\/die-herzberg-alumnis\\\/\",\"url\":\"https:\\\/\\\/amalfrankfurt.de\\\/de\\\/2024\\\/04\\\/30\\\/die-herzberg-alumnis\\\/\",\"name\":\"Die Herzberg Alumnis - Amal, Frankfurt!\",\"isPartOf\":{\"@id\":\"https:\\\/\\\/amalfrankfurt.de\\\/de\\\/#website\"},\"primaryImageOfPage\":{\"@id\":\"https:\\\/\\\/amalfrankfurt.de\\\/de\\\/2024\\\/04\\\/30\\\/die-herzberg-alumnis\\\/#primaryimage\"},\"image\":{\"@id\":\"https:\\\/\\\/amalfrankfurt.de\\\/de\\\/2024\\\/04\\\/30\\\/die-herzberg-alumnis\\\/#primaryimage\"},\"thumbnailUrl\":\"https:\\\/\\\/amalfrankfurt.de\\\/wp-content\\\/uploads\\\/sites\\\/5\\\/2024\\\/04\\\/Unbenannt.jpg\",\"datePublished\":\"2024-04-30T13:10:51+00:00\",\"dateModified\":\"2024-04-30T13:12:27+00:00\",\"author\":{\"@id\":\"https:\\\/\\\/amalfrankfurt.de\\\/de\\\/#\\\/schema\\\/person\\\/fa3a3c04d5a2f4f8cbab1ec1b7a5c7c4\"},\"breadcrumb\":{\"@id\":\"https:\\\/\\\/amalfrankfurt.de\\\/de\\\/2024\\\/04\\\/30\\\/die-herzberg-alumnis\\\/#breadcrumb\"},\"inLanguage\":\"de\",\"potentialAction\":[{\"@type\":\"ReadAction\",\"target\":[\"https:\\\/\\\/amalfrankfurt.de\\\/de\\\/2024\\\/04\\\/30\\\/die-herzberg-alumnis\\\/\"]}]},{\"@type\":\"ImageObject\",\"inLanguage\":\"de\",\"@id\":\"https:\\\/\\\/amalfrankfurt.de\\\/de\\\/2024\\\/04\\\/30\\\/die-herzberg-alumnis\\\/#primaryimage\",\"url\":\"https:\\\/\\\/amalfrankfurt.de\\\/wp-content\\\/uploads\\\/sites\\\/5\\\/2024\\\/04\\\/Unbenannt.jpg\",\"contentUrl\":\"https:\\\/\\\/amalfrankfurt.de\\\/wp-content\\\/uploads\\\/sites\\\/5\\\/2024\\\/04\\\/Unbenannt.jpg\",\"width\":1000,\"height\":562,\"caption\":\"screenshot\"},{\"@type\":\"BreadcrumbList\",\"@id\":\"https:\\\/\\\/amalfrankfurt.de\\\/de\\\/2024\\\/04\\\/30\\\/die-herzberg-alumnis\\\/#breadcrumb\",\"itemListElement\":[{\"@type\":\"ListItem\",\"position\":1,\"name\":\"Home\",\"item\":\"https:\\\/\\\/amalfrankfurt.de\\\/de\\\/\"},{\"@type\":\"ListItem\",\"position\":2,\"name\":\"Die Herzberg Alumnis\"}]},{\"@type\":\"WebSite\",\"@id\":\"https:\\\/\\\/amalfrankfurt.de\\\/de\\\/#website\",\"url\":\"https:\\\/\\\/amalfrankfurt.de\\\/de\\\/\",\"name\":\"Amal, Frankfurt!\",\"description\":\"\",\"potentialAction\":[{\"@type\":\"SearchAction\",\"target\":{\"@type\":\"EntryPoint\",\"urlTemplate\":\"https:\\\/\\\/amalfrankfurt.de\\\/de\\\/?s={search_term_string}\"},\"query-input\":{\"@type\":\"PropertyValueSpecification\",\"valueRequired\":true,\"valueName\":\"search_term_string\"}}],\"inLanguage\":\"de\"},{\"@type\":\"Person\",\"@id\":\"https:\\\/\\\/amalfrankfurt.de\\\/de\\\/#\\\/schema\\\/person\\\/fa3a3c04d5a2f4f8cbab1ec1b7a5c7c4\",\"name\":\"Dawod Adil\",\"image\":{\"@type\":\"ImageObject\",\"inLanguage\":\"de\",\"@id\":\"https:\\\/\\\/amalfrankfurt.de\\\/wp-content\\\/uploads\\\/sites\\\/5\\\/2023\\\/07\\\/IMG_0186-300x300-2-125x125.jpg\",\"url\":\"https:\\\/\\\/amalfrankfurt.de\\\/wp-content\\\/uploads\\\/sites\\\/5\\\/2023\\\/07\\\/IMG_0186-300x300-2-125x125.jpg\",\"contentUrl\":\"https:\\\/\\\/amalfrankfurt.de\\\/wp-content\\\/uploads\\\/sites\\\/5\\\/2023\\\/07\\\/IMG_0186-300x300-2-125x125.jpg\",\"caption\":\"Dawod Adil\"},\"description\":\"Dawod Adil (Jahrgang 1989) kommt aus Afghanistan. Er studierte Filmregie an der Universit\u00e4t Kabul und arbeitete anschlie\u00dfend bei \u201eRadio Kelid\u201c und als Kameramann f\u00fcr Dokumentationen der Abbasi-Filmproduktions-Firma. Er war Mitglied des afghanischen Journalistenverbandes. Ende 2015 kam er nach Deutschland und ist bei Amal, Berlin! f\u00fcr Videos der Farsi\\\/Dari-Redaktion zust\u00e4ndig.\",\"url\":\"https:\\\/\\\/amalfrankfurt.de\\\/de\\\/author\\\/dawod-adil\\\/\"}]}<\/script>\n<!-- \/ Yoast SEO plugin. -->","yoast_head_json":{"title":"Die Herzberg Alumnis - Amal, Frankfurt!","robots":{"index":"index","follow":"follow","max-snippet":"max-snippet:-1","max-image-preview":"max-image-preview:large","max-video-preview":"max-video-preview:-1"},"canonical":"https:\/\/amalfrankfurt.de\/de\/2024\/04\/30\/die-herzberg-alumnis\/","og_locale":"de_DE","og_type":"article","og_title":"Die Herzberg Alumnis - Amal, Frankfurt!","og_description":"Herzberg in Brandenburg ist f\u00fcr viele Gefl\u00fcchtete aus Afghanistan die erste Station in Deutschland. Manche bleiben nu einige Wochen in der Erstaufnahmeunterkunft, andere bleiben Jahre. Obwohl das gro\u00dfe gelbe Geb\u00e4ude f\u00fcr viele auch mit negativen Erfahrungen verbunden ist, gibt es eine enge Verbundenheit der Menschen mit diesem Ort. Jahr f\u00fcr Jahr treffen sich die ehemaligen... Weiter &raquo;","og_url":"https:\/\/amalfrankfurt.de\/de\/2024\/04\/30\/die-herzberg-alumnis\/","og_site_name":"Amal, Frankfurt!","article_published_time":"2024-04-30T13:10:51+00:00","article_modified_time":"2024-04-30T13:12:27+00:00","og_image":[{"width":1000,"height":562,"url":"https:\/\/amalfrankfurt.de\/wp-content\/uploads\/sites\/5\/2024\/04\/Unbenannt.jpg","type":"image\/jpeg"}],"author":"Dawod Adil","twitter_card":"summary_large_image","twitter_misc":{"Verfasst von":"Dawod Adil"},"schema":{"@context":"https:\/\/schema.org","@graph":[{"@type":"Article","@id":"https:\/\/amalfrankfurt.de\/de\/2024\/04\/30\/die-herzberg-alumnis\/#article","isPartOf":{"@id":"https:\/\/amalfrankfurt.de\/de\/2024\/04\/30\/die-herzberg-alumnis\/"},"author":{"name":"Dawod Adil","@id":"https:\/\/amalfrankfurt.de\/de\/#\/schema\/person\/fa3a3c04d5a2f4f8cbab1ec1b7a5c7c4"},"headline":"Die Herzberg Alumnis","datePublished":"2024-04-30T13:10:51+00:00","dateModified":"2024-04-30T13:12:27+00:00","mainEntityOfPage":{"@id":"https:\/\/amalfrankfurt.de\/de\/2024\/04\/30\/die-herzberg-alumnis\/"},"wordCount":87,"commentCount":0,"image":{"@id":"https:\/\/amalfrankfurt.de\/de\/2024\/04\/30\/die-herzberg-alumnis\/#primaryimage"},"thumbnailUrl":"https:\/\/amalfrankfurt.de\/wp-content\/uploads\/sites\/5\/2024\/04\/Unbenannt.jpg","keywords":["Afghanistan","Brandenburg"],"articleSection":["Brandenburg","Video","video"],"inLanguage":"de","potentialAction":[{"@type":"CommentAction","name":"Comment","target":["https:\/\/amalfrankfurt.de\/de\/2024\/04\/30\/die-herzberg-alumnis\/#respond"]}]},{"@type":"WebPage","@id":"https:\/\/amalfrankfurt.de\/de\/2024\/04\/30\/die-herzberg-alumnis\/","url":"https:\/\/amalfrankfurt.de\/de\/2024\/04\/30\/die-herzberg-alumnis\/","name":"Die Herzberg Alumnis - Amal, Frankfurt!","isPartOf":{"@id":"https:\/\/amalfrankfurt.de\/de\/#website"},"primaryImageOfPage":{"@id":"https:\/\/amalfrankfurt.de\/de\/2024\/04\/30\/die-herzberg-alumnis\/#primaryimage"},"image":{"@id":"https:\/\/amalfrankfurt.de\/de\/2024\/04\/30\/die-herzberg-alumnis\/#primaryimage"},"thumbnailUrl":"https:\/\/amalfrankfurt.de\/wp-content\/uploads\/sites\/5\/2024\/04\/Unbenannt.jpg","datePublished":"2024-04-30T13:10:51+00:00","dateModified":"2024-04-30T13:12:27+00:00","author":{"@id":"https:\/\/amalfrankfurt.de\/de\/#\/schema\/person\/fa3a3c04d5a2f4f8cbab1ec1b7a5c7c4"},"breadcrumb":{"@id":"https:\/\/amalfrankfurt.de\/de\/2024\/04\/30\/die-herzberg-alumnis\/#breadcrumb"},"inLanguage":"de","potentialAction":[{"@type":"ReadAction","target":["https:\/\/amalfrankfurt.de\/de\/2024\/04\/30\/die-herzberg-alumnis\/"]}]},{"@type":"ImageObject","inLanguage":"de","@id":"https:\/\/amalfrankfurt.de\/de\/2024\/04\/30\/die-herzberg-alumnis\/#primaryimage","url":"https:\/\/amalfrankfurt.de\/wp-content\/uploads\/sites\/5\/2024\/04\/Unbenannt.jpg","contentUrl":"https:\/\/amalfrankfurt.de\/wp-content\/uploads\/sites\/5\/2024\/04\/Unbenannt.jpg","width":1000,"height":562,"caption":"screenshot"},{"@type":"BreadcrumbList","@id":"https:\/\/amalfrankfurt.de\/de\/2024\/04\/30\/die-herzberg-alumnis\/#breadcrumb","itemListElement":[{"@type":"ListItem","position":1,"name":"Home","item":"https:\/\/amalfrankfurt.de\/de\/"},{"@type":"ListItem","position":2,"name":"Die Herzberg Alumnis"}]},{"@type":"WebSite","@id":"https:\/\/amalfrankfurt.de\/de\/#website","url":"https:\/\/amalfrankfurt.de\/de\/","name":"Amal, Frankfurt!","description":"","potentialAction":[{"@type":"SearchAction","target":{"@type":"EntryPoint","urlTemplate":"https:\/\/amalfrankfurt.de\/de\/?s={search_term_string}"},"query-input":{"@type":"PropertyValueSpecification","valueRequired":true,"valueName":"search_term_string"}}],"inLanguage":"de"},{"@type":"Person","@id":"https:\/\/amalfrankfurt.de\/de\/#\/schema\/person\/fa3a3c04d5a2f4f8cbab1ec1b7a5c7c4","name":"Dawod Adil","image":{"@type":"ImageObject","inLanguage":"de","@id":"https:\/\/amalfrankfurt.de\/wp-content\/uploads\/sites\/5\/2023\/07\/IMG_0186-300x300-2-125x125.jpg","url":"https:\/\/amalfrankfurt.de\/wp-content\/uploads\/sites\/5\/2023\/07\/IMG_0186-300x300-2-125x125.jpg","contentUrl":"https:\/\/amalfrankfurt.de\/wp-content\/uploads\/sites\/5\/2023\/07\/IMG_0186-300x300-2-125x125.jpg","caption":"Dawod Adil"},"description":"Dawod Adil (Jahrgang 1989) kommt aus Afghanistan. Er studierte Filmregie an der Universit\u00e4t Kabul und arbeitete anschlie\u00dfend bei \u201eRadio Kelid\u201c und als Kameramann f\u00fcr Dokumentationen der Abbasi-Filmproduktions-Firma. Er war Mitglied des afghanischen Journalistenverbandes. Ende 2015 kam er nach Deutschland und ist bei Amal, Berlin! f\u00fcr Videos der Farsi\/Dari-Redaktion zust\u00e4ndig.","url":"https:\/\/amalfrankfurt.de\/de\/author\/dawod-adil\/"}]}},"_links":{"self":[{"href":"https:\/\/amalfrankfurt.de\/de\/wp-json\/wp\/v2\/posts\/198999","targetHints":{"allow":["GET"]}}],"collection":[{"href":"https:\/\/amalfrankfurt.de\/de\/wp-json\/wp\/v2\/posts"}],"about":[{"href":"https:\/\/amalfrankfurt.de\/de\/wp-json\/wp\/v2\/types\/post"}],"author":[{"embeddable":true,"href":"https:\/\/amalfrankfurt.de\/de\/wp-json\/wp\/v2\/users\/11"}],"replies":[{"embeddable":true,"href":"https:\/\/amalfrankfurt.de\/de\/wp-json\/wp\/v2\/comments?post=198999"}],"version-history":[{"count":1,"href":"https:\/\/amalfrankfurt.de\/de\/wp-json\/wp\/v2\/posts\/198999\/revisions"}],"predecessor-version":[{"id":199010,"href":"https:\/\/amalfrankfurt.de\/de\/wp-json\/wp\/v2\/posts\/198999\/revisions\/199010"}],"wp:featuredmedia":[{"embeddable":true,"href":"https:\/\/amalfrankfurt.de\/de\/wp-json\/wp\/v2\/media\/199005"}],"wp:attachment":[{"href":"https:\/\/amalfrankfurt.de\/de\/wp-json\/wp\/v2\/media?parent=198999"}],"wp:term":[{"taxonomy":"category","embeddable":true,"href":"https:\/\/amalfrankfurt.de\/de\/wp-json\/wp\/v2\/categories?post=198999"},{"taxonomy":"post_tag","embeddable":true,"href":"https:\/\/amalfrankfurt.de\/de\/wp-json\/wp\/v2\/tags?post=198999"}],"curies":[{"name":"wp","href":"https:\/\/api.w.org\/{rel}","templated":true}]}}