{"id":189111,"date":"2023-12-17T18:40:32","date_gmt":"2023-12-17T17:40:32","guid":{"rendered":"https:\/\/amalfrankfurt.de\/2023\/12\/17\/interview-mit-muhammad-sameer-murtaza\/"},"modified":"2023-12-17T18:41:29","modified_gmt":"2023-12-17T17:41:29","slug":"interview-mit-muhammad-sameer-murtaza","status":"publish","type":"post","link":"https:\/\/amalfrankfurt.de\/de\/2023\/12\/17\/interview-mit-muhammad-sameer-murtaza\/","title":{"rendered":"Interview mit Muhammad Sameer Murtaza"},"content":{"rendered":"<p><iframe loading=\"lazy\" title=\"\u0643\u064a\u0641 \u064a\u0645\u0643\u0646\u0646\u0627 \u0627\u0644\u062a\u0639\u0628\u064a\u0631 \u0639\u0646 \u0622\u0631\u0627\u0626\u0646\u0627 \u0641\u064a \u0627\u0644\u062d\u0631\u0628 \u0641\u064a \u063a\u0632\u0629 \u062f\u0648\u0646 \u062a\u062d\u0645\u064a\u0644\u0646\u0627 \u062a\u0647\u0645 \u0645\u0639\u0627\u062f\u0627\u0629 \u0627\u0644\u0633\u0627\u0645\u064a\u0629\u061f\" width=\"680\" height=\"383\" src=\"https:\/\/www.youtube.com\/embed\/sgjspNXLMCg?feature=oembed\" frameborder=\"0\" allow=\"accelerometer; autoplay; clipboard-write; encrypted-media; gyroscope; picture-in-picture; web-share\" allowfullscreen><\/iframe><\/p>\n","protected":false},"excerpt":{"rendered":"","protected":false},"author":48,"featured_media":189112,"comment_status":"open","ping_status":"open","sticky":false,"template":"","format":"standard","meta":{"_acf_changed":false,"footnotes":""},"categories":[80,863],"tags":[3427,3069,2805],"class_list":["post-189111","post","type-post","status-publish","format-standard","has-post-thumbnail","hentry","category-video-de","category-video","tag-antisemitismus","tag-gaza","tag-islam"],"acf":[],"yoast_head":"<!-- This site is optimized with the Yoast SEO plugin v27.4 - https:\/\/yoast.com\/product\/yoast-seo-wordpress\/ -->\n<title>Interview mit Muhammad Sameer Murtaza - Amal, Frankfurt!<\/title>\n<meta name=\"description\" content=\"Interview mit Muhammad Sameer Murtaza zum Thema Krieg in Gaza. Wie umgehen mit Antsemitismus und Beziehung zu Judentum\" \/>\n<meta name=\"robots\" content=\"index, follow, max-snippet:-1, max-image-preview:large, max-video-preview:-1\" \/>\n<link rel=\"canonical\" href=\"https:\/\/amalfrankfurt.de\/de\/2023\/12\/17\/interview-mit-muhammad-sameer-murtaza\/\" \/>\n<meta property=\"og:locale\" content=\"de_DE\" \/>\n<meta property=\"og:type\" content=\"article\" \/>\n<meta property=\"og:title\" content=\"Interview mit Muhammad Sameer Murtaza - Amal, Frankfurt!\" \/>\n<meta property=\"og:description\" content=\"Interview mit Muhammad Sameer Murtaza zum Thema Krieg in Gaza. Wie umgehen mit Antsemitismus und Beziehung zu Judentum\" \/>\n<meta property=\"og:url\" content=\"https:\/\/amalfrankfurt.de\/de\/2023\/12\/17\/interview-mit-muhammad-sameer-murtaza\/\" \/>\n<meta property=\"og:site_name\" content=\"Amal, Frankfurt!\" \/>\n<meta property=\"article:published_time\" content=\"2023-12-17T17:40:32+00:00\" \/>\n<meta property=\"article:modified_time\" content=\"2023-12-17T17:41:29+00:00\" \/>\n<meta property=\"og:image\" content=\"https:\/\/amalfrankfurt.de\/wp-content\/uploads\/sites\/5\/2023\/12\/interview-mit-muhammad-sameer-murtaza-sgjspNXLMCg-scaled.jpg\" \/>\n\t<meta property=\"og:image:width\" content=\"1260\" \/>\n\t<meta property=\"og:image:height\" content=\"709\" \/>\n\t<meta property=\"og:image:type\" content=\"image\/jpeg\" \/>\n<meta name=\"author\" content=\"Souzan Nassri\" \/>\n<meta name=\"twitter:card\" content=\"summary_large_image\" \/>\n<meta name=\"twitter:label1\" content=\"Verfasst von\" \/>\n\t<meta name=\"twitter:data1\" content=\"Souzan Nassri\" \/>\n\t<meta name=\"twitter:label2\" content=\"Gesch\u00e4tzte Lesezeit\" \/>\n\t<meta name=\"twitter:data2\" content=\"1\u00a0Minute\" \/>\n<script type=\"application\/ld+json\" class=\"yoast-schema-graph\">{\"@context\":\"https:\\\/\\\/schema.org\",\"@graph\":[{\"@type\":\"Article\",\"@id\":\"https:\\\/\\\/amalfrankfurt.de\\\/de\\\/2023\\\/12\\\/17\\\/interview-mit-muhammad-sameer-murtaza\\\/#article\",\"isPartOf\":{\"@id\":\"https:\\\/\\\/amalfrankfurt.de\\\/de\\\/2023\\\/12\\\/17\\\/interview-mit-muhammad-sameer-murtaza\\\/\"},\"author\":{\"name\":\"Souzan Nassri\",\"@id\":\"https:\\\/\\\/amalfrankfurt.de\\\/de\\\/#\\\/schema\\\/person\\\/1db4978a4b8a2676c406dbe05f1c1e37\"},\"headline\":\"Interview mit Muhammad Sameer Murtaza\",\"datePublished\":\"2023-12-17T17:40:32+00:00\",\"dateModified\":\"2023-12-17T17:41:29+00:00\",\"mainEntityOfPage\":{\"@id\":\"https:\\\/\\\/amalfrankfurt.de\\\/de\\\/2023\\\/12\\\/17\\\/interview-mit-muhammad-sameer-murtaza\\\/\"},\"wordCount\":11,\"commentCount\":0,\"image\":{\"@id\":\"https:\\\/\\\/amalfrankfurt.de\\\/de\\\/2023\\\/12\\\/17\\\/interview-mit-muhammad-sameer-murtaza\\\/#primaryimage\"},\"thumbnailUrl\":\"https:\\\/\\\/amalfrankfurt.de\\\/wp-content\\\/uploads\\\/sites\\\/5\\\/2023\\\/12\\\/interview-mit-muhammad-sameer-murtaza-sgjspNXLMCg-scaled.jpg\",\"keywords\":[\"Antisemitismus\",\"Gaza\",\"Islam\"],\"articleSection\":[\"Video\",\"video\"],\"inLanguage\":\"de\",\"potentialAction\":[{\"@type\":\"CommentAction\",\"name\":\"Comment\",\"target\":[\"https:\\\/\\\/amalfrankfurt.de\\\/de\\\/2023\\\/12\\\/17\\\/interview-mit-muhammad-sameer-murtaza\\\/#respond\"]}]},{\"@type\":\"WebPage\",\"@id\":\"https:\\\/\\\/amalfrankfurt.de\\\/de\\\/2023\\\/12\\\/17\\\/interview-mit-muhammad-sameer-murtaza\\\/\",\"url\":\"https:\\\/\\\/amalfrankfurt.de\\\/de\\\/2023\\\/12\\\/17\\\/interview-mit-muhammad-sameer-murtaza\\\/\",\"name\":\"Interview mit Muhammad Sameer Murtaza - Amal, Frankfurt!\",\"isPartOf\":{\"@id\":\"https:\\\/\\\/amalfrankfurt.de\\\/de\\\/#website\"},\"primaryImageOfPage\":{\"@id\":\"https:\\\/\\\/amalfrankfurt.de\\\/de\\\/2023\\\/12\\\/17\\\/interview-mit-muhammad-sameer-murtaza\\\/#primaryimage\"},\"image\":{\"@id\":\"https:\\\/\\\/amalfrankfurt.de\\\/de\\\/2023\\\/12\\\/17\\\/interview-mit-muhammad-sameer-murtaza\\\/#primaryimage\"},\"thumbnailUrl\":\"https:\\\/\\\/amalfrankfurt.de\\\/wp-content\\\/uploads\\\/sites\\\/5\\\/2023\\\/12\\\/interview-mit-muhammad-sameer-murtaza-sgjspNXLMCg-scaled.jpg\",\"datePublished\":\"2023-12-17T17:40:32+00:00\",\"dateModified\":\"2023-12-17T17:41:29+00:00\",\"author\":{\"@id\":\"https:\\\/\\\/amalfrankfurt.de\\\/de\\\/#\\\/schema\\\/person\\\/1db4978a4b8a2676c406dbe05f1c1e37\"},\"description\":\"Interview mit Muhammad Sameer Murtaza zum Thema Krieg in Gaza. Wie umgehen mit Antsemitismus und Beziehung zu Judentum\",\"breadcrumb\":{\"@id\":\"https:\\\/\\\/amalfrankfurt.de\\\/de\\\/2023\\\/12\\\/17\\\/interview-mit-muhammad-sameer-murtaza\\\/#breadcrumb\"},\"inLanguage\":\"de\",\"potentialAction\":[{\"@type\":\"ReadAction\",\"target\":[\"https:\\\/\\\/amalfrankfurt.de\\\/de\\\/2023\\\/12\\\/17\\\/interview-mit-muhammad-sameer-murtaza\\\/\"]}]},{\"@type\":\"ImageObject\",\"inLanguage\":\"de\",\"@id\":\"https:\\\/\\\/amalfrankfurt.de\\\/de\\\/2023\\\/12\\\/17\\\/interview-mit-muhammad-sameer-murtaza\\\/#primaryimage\",\"url\":\"https:\\\/\\\/amalfrankfurt.de\\\/wp-content\\\/uploads\\\/sites\\\/5\\\/2023\\\/12\\\/interview-mit-muhammad-sameer-murtaza-sgjspNXLMCg-scaled.jpg\",\"contentUrl\":\"https:\\\/\\\/amalfrankfurt.de\\\/wp-content\\\/uploads\\\/sites\\\/5\\\/2023\\\/12\\\/interview-mit-muhammad-sameer-murtaza-sgjspNXLMCg-scaled.jpg\",\"width\":1260,\"height\":709},{\"@type\":\"BreadcrumbList\",\"@id\":\"https:\\\/\\\/amalfrankfurt.de\\\/de\\\/2023\\\/12\\\/17\\\/interview-mit-muhammad-sameer-murtaza\\\/#breadcrumb\",\"itemListElement\":[{\"@type\":\"ListItem\",\"position\":1,\"name\":\"Home\",\"item\":\"https:\\\/\\\/amalfrankfurt.de\\\/de\\\/\"},{\"@type\":\"ListItem\",\"position\":2,\"name\":\"Interview mit Muhammad Sameer Murtaza\"}]},{\"@type\":\"WebSite\",\"@id\":\"https:\\\/\\\/amalfrankfurt.de\\\/de\\\/#website\",\"url\":\"https:\\\/\\\/amalfrankfurt.de\\\/de\\\/\",\"name\":\"Amal, Frankfurt!\",\"description\":\"\",\"potentialAction\":[{\"@type\":\"SearchAction\",\"target\":{\"@type\":\"EntryPoint\",\"urlTemplate\":\"https:\\\/\\\/amalfrankfurt.de\\\/de\\\/?s={search_term_string}\"},\"query-input\":{\"@type\":\"PropertyValueSpecification\",\"valueRequired\":true,\"valueName\":\"search_term_string\"}}],\"inLanguage\":\"de\"},{\"@type\":\"Person\",\"@id\":\"https:\\\/\\\/amalfrankfurt.de\\\/de\\\/#\\\/schema\\\/person\\\/1db4978a4b8a2676c406dbe05f1c1e37\",\"name\":\"Souzan Nassri\",\"image\":{\"@type\":\"ImageObject\",\"inLanguage\":\"de\",\"@id\":\"https:\\\/\\\/amalfrankfurt.de\\\/wp-content\\\/uploads\\\/sites\\\/5\\\/2023\\\/01\\\/WhatsApp-Image-2023-01-04-at-2.28.39-PM-125x125.jpeg\",\"url\":\"https:\\\/\\\/amalfrankfurt.de\\\/wp-content\\\/uploads\\\/sites\\\/5\\\/2023\\\/01\\\/WhatsApp-Image-2023-01-04-at-2.28.39-PM-125x125.jpeg\",\"contentUrl\":\"https:\\\/\\\/amalfrankfurt.de\\\/wp-content\\\/uploads\\\/sites\\\/5\\\/2023\\\/01\\\/WhatsApp-Image-2023-01-04-at-2.28.39-PM-125x125.jpeg\",\"caption\":\"Souzan Nassri\"},\"description\":\"Souzan Nasri studierte Germanistik und Erziehungswissenschaften an der Goethe Universit\u00e4t Frankfurt. 2015 hat sie in der T\u00fcrkei im Bereich Audio-Produktionen gearbeitet. 2016 ist sie nach Deutschland gekommen. Sie geh\u00f6rt zu den Gr\u00fcndungsmitgliedern von Amal, Frankfurt! Sie wohnt in Mainz.\",\"url\":\"https:\\\/\\\/amalfrankfurt.de\\\/de\\\/author\\\/souzan-n\\\/\"}]}<\/script>\n<!-- \/ Yoast SEO plugin. -->","yoast_head_json":{"title":"Interview mit Muhammad Sameer Murtaza - Amal, Frankfurt!","description":"Interview mit Muhammad Sameer Murtaza zum Thema Krieg in Gaza. Wie umgehen mit Antsemitismus und Beziehung zu Judentum","robots":{"index":"index","follow":"follow","max-snippet":"max-snippet:-1","max-image-preview":"max-image-preview:large","max-video-preview":"max-video-preview:-1"},"canonical":"https:\/\/amalfrankfurt.de\/de\/2023\/12\/17\/interview-mit-muhammad-sameer-murtaza\/","og_locale":"de_DE","og_type":"article","og_title":"Interview mit Muhammad Sameer Murtaza - Amal, Frankfurt!","og_description":"Interview mit Muhammad Sameer Murtaza zum Thema Krieg in Gaza. Wie umgehen mit Antsemitismus und Beziehung zu Judentum","og_url":"https:\/\/amalfrankfurt.de\/de\/2023\/12\/17\/interview-mit-muhammad-sameer-murtaza\/","og_site_name":"Amal, Frankfurt!","article_published_time":"2023-12-17T17:40:32+00:00","article_modified_time":"2023-12-17T17:41:29+00:00","og_image":[{"width":1260,"height":709,"url":"https:\/\/amalfrankfurt.de\/wp-content\/uploads\/sites\/5\/2023\/12\/interview-mit-muhammad-sameer-murtaza-sgjspNXLMCg-scaled.jpg","type":"image\/jpeg"}],"author":"Souzan Nassri","twitter_card":"summary_large_image","twitter_misc":{"Verfasst von":"Souzan Nassri","Gesch\u00e4tzte Lesezeit":"1\u00a0Minute"},"schema":{"@context":"https:\/\/schema.org","@graph":[{"@type":"Article","@id":"https:\/\/amalfrankfurt.de\/de\/2023\/12\/17\/interview-mit-muhammad-sameer-murtaza\/#article","isPartOf":{"@id":"https:\/\/amalfrankfurt.de\/de\/2023\/12\/17\/interview-mit-muhammad-sameer-murtaza\/"},"author":{"name":"Souzan Nassri","@id":"https:\/\/amalfrankfurt.de\/de\/#\/schema\/person\/1db4978a4b8a2676c406dbe05f1c1e37"},"headline":"Interview mit Muhammad Sameer Murtaza","datePublished":"2023-12-17T17:40:32+00:00","dateModified":"2023-12-17T17:41:29+00:00","mainEntityOfPage":{"@id":"https:\/\/amalfrankfurt.de\/de\/2023\/12\/17\/interview-mit-muhammad-sameer-murtaza\/"},"wordCount":11,"commentCount":0,"image":{"@id":"https:\/\/amalfrankfurt.de\/de\/2023\/12\/17\/interview-mit-muhammad-sameer-murtaza\/#primaryimage"},"thumbnailUrl":"https:\/\/amalfrankfurt.de\/wp-content\/uploads\/sites\/5\/2023\/12\/interview-mit-muhammad-sameer-murtaza-sgjspNXLMCg-scaled.jpg","keywords":["Antisemitismus","Gaza","Islam"],"articleSection":["Video","video"],"inLanguage":"de","potentialAction":[{"@type":"CommentAction","name":"Comment","target":["https:\/\/amalfrankfurt.de\/de\/2023\/12\/17\/interview-mit-muhammad-sameer-murtaza\/#respond"]}]},{"@type":"WebPage","@id":"https:\/\/amalfrankfurt.de\/de\/2023\/12\/17\/interview-mit-muhammad-sameer-murtaza\/","url":"https:\/\/amalfrankfurt.de\/de\/2023\/12\/17\/interview-mit-muhammad-sameer-murtaza\/","name":"Interview mit Muhammad Sameer Murtaza - Amal, Frankfurt!","isPartOf":{"@id":"https:\/\/amalfrankfurt.de\/de\/#website"},"primaryImageOfPage":{"@id":"https:\/\/amalfrankfurt.de\/de\/2023\/12\/17\/interview-mit-muhammad-sameer-murtaza\/#primaryimage"},"image":{"@id":"https:\/\/amalfrankfurt.de\/de\/2023\/12\/17\/interview-mit-muhammad-sameer-murtaza\/#primaryimage"},"thumbnailUrl":"https:\/\/amalfrankfurt.de\/wp-content\/uploads\/sites\/5\/2023\/12\/interview-mit-muhammad-sameer-murtaza-sgjspNXLMCg-scaled.jpg","datePublished":"2023-12-17T17:40:32+00:00","dateModified":"2023-12-17T17:41:29+00:00","author":{"@id":"https:\/\/amalfrankfurt.de\/de\/#\/schema\/person\/1db4978a4b8a2676c406dbe05f1c1e37"},"description":"Interview mit Muhammad Sameer Murtaza zum Thema Krieg in Gaza. Wie umgehen mit Antsemitismus und Beziehung zu Judentum","breadcrumb":{"@id":"https:\/\/amalfrankfurt.de\/de\/2023\/12\/17\/interview-mit-muhammad-sameer-murtaza\/#breadcrumb"},"inLanguage":"de","potentialAction":[{"@type":"ReadAction","target":["https:\/\/amalfrankfurt.de\/de\/2023\/12\/17\/interview-mit-muhammad-sameer-murtaza\/"]}]},{"@type":"ImageObject","inLanguage":"de","@id":"https:\/\/amalfrankfurt.de\/de\/2023\/12\/17\/interview-mit-muhammad-sameer-murtaza\/#primaryimage","url":"https:\/\/amalfrankfurt.de\/wp-content\/uploads\/sites\/5\/2023\/12\/interview-mit-muhammad-sameer-murtaza-sgjspNXLMCg-scaled.jpg","contentUrl":"https:\/\/amalfrankfurt.de\/wp-content\/uploads\/sites\/5\/2023\/12\/interview-mit-muhammad-sameer-murtaza-sgjspNXLMCg-scaled.jpg","width":1260,"height":709},{"@type":"BreadcrumbList","@id":"https:\/\/amalfrankfurt.de\/de\/2023\/12\/17\/interview-mit-muhammad-sameer-murtaza\/#breadcrumb","itemListElement":[{"@type":"ListItem","position":1,"name":"Home","item":"https:\/\/amalfrankfurt.de\/de\/"},{"@type":"ListItem","position":2,"name":"Interview mit Muhammad Sameer Murtaza"}]},{"@type":"WebSite","@id":"https:\/\/amalfrankfurt.de\/de\/#website","url":"https:\/\/amalfrankfurt.de\/de\/","name":"Amal, Frankfurt!","description":"","potentialAction":[{"@type":"SearchAction","target":{"@type":"EntryPoint","urlTemplate":"https:\/\/amalfrankfurt.de\/de\/?s={search_term_string}"},"query-input":{"@type":"PropertyValueSpecification","valueRequired":true,"valueName":"search_term_string"}}],"inLanguage":"de"},{"@type":"Person","@id":"https:\/\/amalfrankfurt.de\/de\/#\/schema\/person\/1db4978a4b8a2676c406dbe05f1c1e37","name":"Souzan Nassri","image":{"@type":"ImageObject","inLanguage":"de","@id":"https:\/\/amalfrankfurt.de\/wp-content\/uploads\/sites\/5\/2023\/01\/WhatsApp-Image-2023-01-04-at-2.28.39-PM-125x125.jpeg","url":"https:\/\/amalfrankfurt.de\/wp-content\/uploads\/sites\/5\/2023\/01\/WhatsApp-Image-2023-01-04-at-2.28.39-PM-125x125.jpeg","contentUrl":"https:\/\/amalfrankfurt.de\/wp-content\/uploads\/sites\/5\/2023\/01\/WhatsApp-Image-2023-01-04-at-2.28.39-PM-125x125.jpeg","caption":"Souzan Nassri"},"description":"Souzan Nasri studierte Germanistik und Erziehungswissenschaften an der Goethe Universit\u00e4t Frankfurt. 2015 hat sie in der T\u00fcrkei im Bereich Audio-Produktionen gearbeitet. 2016 ist sie nach Deutschland gekommen. Sie geh\u00f6rt zu den Gr\u00fcndungsmitgliedern von Amal, Frankfurt! Sie wohnt in Mainz.","url":"https:\/\/amalfrankfurt.de\/de\/author\/souzan-n\/"}]}},"_links":{"self":[{"href":"https:\/\/amalfrankfurt.de\/de\/wp-json\/wp\/v2\/posts\/189111","targetHints":{"allow":["GET"]}}],"collection":[{"href":"https:\/\/amalfrankfurt.de\/de\/wp-json\/wp\/v2\/posts"}],"about":[{"href":"https:\/\/amalfrankfurt.de\/de\/wp-json\/wp\/v2\/types\/post"}],"author":[{"embeddable":true,"href":"https:\/\/amalfrankfurt.de\/de\/wp-json\/wp\/v2\/users\/48"}],"replies":[{"embeddable":true,"href":"https:\/\/amalfrankfurt.de\/de\/wp-json\/wp\/v2\/comments?post=189111"}],"version-history":[{"count":1,"href":"https:\/\/amalfrankfurt.de\/de\/wp-json\/wp\/v2\/posts\/189111\/revisions"}],"predecessor-version":[{"id":189117,"href":"https:\/\/amalfrankfurt.de\/de\/wp-json\/wp\/v2\/posts\/189111\/revisions\/189117"}],"wp:featuredmedia":[{"embeddable":true,"href":"https:\/\/amalfrankfurt.de\/de\/wp-json\/wp\/v2\/media\/189112"}],"wp:attachment":[{"href":"https:\/\/amalfrankfurt.de\/de\/wp-json\/wp\/v2\/media?parent=189111"}],"wp:term":[{"taxonomy":"category","embeddable":true,"href":"https:\/\/amalfrankfurt.de\/de\/wp-json\/wp\/v2\/categories?post=189111"},{"taxonomy":"post_tag","embeddable":true,"href":"https:\/\/amalfrankfurt.de\/de\/wp-json\/wp\/v2\/tags?post=189111"}],"curies":[{"name":"wp","href":"https:\/\/api.w.org\/{rel}","templated":true}]}}