{"id":182271,"date":"2023-09-13T08:57:02","date_gmt":"2023-09-13T06:57:02","guid":{"rendered":"https:\/\/amalfrankfurt.de\/?p=182271"},"modified":"2024-02-22T10:20:19","modified_gmt":"2024-02-22T09:20:19","slug":"in-europa-werden-afghanische-journalistinnen-bedroht","status":"publish","type":"post","link":"https:\/\/amalfrankfurt.de\/de\/2023\/09\/13\/in-europa-werden-afghanische-journalistinnen-bedroht\/","title":{"rendered":"Auch in Europa werden afghanische Journalistinnen mit dem Tod bedroht"},"content":{"rendered":"<p>Arya ist eine der Gl\u00fccklichen, denen die Flucht aus Afghanistan gelang. \u00a0Eigentlich hei\u00dft sie anders, aber sie will ihren echten Namen nicht ver\u00f6ffentlicht sehen. Man wei\u00df ja nie und so ganz in Sicherheit f\u00fchlt sie sich nicht. Auch in Europa werden afghanische Journalistinnen bedroht.<\/p>\n<p>Arya war eine erfolgreiche Moderatorin politischer Sendungen in einem der privaten Fernsehsender in Afghanistan. Am Tag nach der \u00dcbernahme Kabuls durch die Taliban kehrte sie voller Angst und Besorgnis in ihr B\u00fcro zur\u00fcck. Noch hatte sie die Hoffnung nicht aufgegeben, dass sie auch unter den Taliban weiter als Journalistin arbeiten k\u00f6nnen w\u00fcrde. Hatten die Unterh\u00e4ndler der Taliban doch kurz zuvor bei den Verhandlungen mit den USA im Emirat Qatar zugesichert, dass sie Frauenrechte respektieren w\u00fcrden, sollten sie wieder an die Macht gelangen. Doch schon an diesem ersten Arbeitstag unter neuem Regime musste Arya feststellen, dass ihre Hoffnung nicht aufgehen w\u00fcrde. Bevor sie ins Studio durfte, musste sie ein schwarzes Gewand und einen Gesichtsschleier anlegen. Erst dann durfte sie die Nachrichten lesen und sollte anschlie\u00dfend einen hochrangigen Taliban-Funktion\u00e4r im Live-Gespr\u00e4ch interviewen.<\/p>\n<p>&nbsp;<\/p>\n<h2>Ihr Mut ist bewundernswert<\/h2>\n<p>F\u00fcr mich, die als Kind bittere Erfahrung mit dem Leben unter der Herrschaft der Taliban gemacht hat, war Aryas Mut w\u00e4hrend des Live-Gespr\u00e4chs mit den Taliban-Beamten bewundernswert. Doch es ging nicht lange gut. Bereits wenige Tage nach dieser Sendung wurde sie von den Taliban bedroht und h\u00f6rte bald darauf ganz auf, als Journalistin zu arbeiten.<\/p>\n<p>Diese Entt\u00e4uschung und die b\u00f6se Vorahnung, welches bittere Schicksal sie und andere Journalistinnen erwartete, trieb sie im Trubel dieser Tage zum Flughafen von Kabul. Es gelang ihr unter gro\u00dfen Schwierigkeiten, Afghanistan zu verlassen.<\/p>\n<p>&nbsp;<\/p>\n<h2>In Deutschland gibt es kaum Karriereperspektive<\/h2>\n<p>Mittlerweile lebt Arya in Deutschland. Sie ist in Sicherheit, eine Karriereperspektive gibt es hier allerdings nicht f\u00fcr sie. Um in deutschen Medien arbeiten zu k\u00f6nnen, fehlen ihr die Deutschkenntnisse und Jobs in persischsprachigen Medien sind d\u00fcnn ges\u00e4t. Nur wenige Sender k\u00f6nnen ihre Mitarbeiter bezahlen oder gar anstellen.<\/p>\n<p>Dies ist nicht nur Aryas Geschichte, sondern auch das traurige Los hunderter afghanischer Journalisten und Medienschaffender, die \u00fcber Nacht ihre Heimat und ihre Karriere verloren haben. Das, was in den 20 Jahren ohne Taliban in Afghanistan gewachsen ist, wurde in kurzer Zeit zerst\u00f6rt.<\/p>\n<p>Viele bedauern besonders, dass die Weltgemeinschaft dabei fast tatenlos zusieht. Obwohl die Taliban die <a href=\"https:\/\/amalberlin.de\/fa\/2023\/09\/12\/%d8%b1%d8%b3%d8%a7%d9%86%d9%87\/\">Meinungs- und Pressefreiheit<\/a> extrem einschr\u00e4nken und Journalist:innen verfolgen, haben die UN und andere internationale Organisationen kaum Ma\u00dfnahmen ergriffen, um Druck auf die Taliban-Regierung auszu\u00fcben, in diesem Bereich positive Ver\u00e4nderungen herbeizuf\u00fchren.<\/p>\n<p>&nbsp;<\/p>\n<h2>Es fehlt internationaler Druck<\/h2>\n<p>Gerade erst k\u00fcrzlich hat die Organisation zur Unterst\u00fctzung afghanischer Journalisten in einem von 600 afghanischen Journalisten unterzeichneten offenen Brief Antonio Guterres, den Generalsekret\u00e4r der Vereinten Nationen, aufgefordert, den in Afghanistan inhaftierten und in Drittl\u00e4ndern festsitzenden Journalisten zu helfen und die \u201ebeklagenswerte Lage\u201c der Medien in Afghanistan auf der Weltb\u00fchne zu thematisieren.<\/p>\n<p>Nach Angaben dieser Organisation wurden nach der Machtergreifung der Taliban im August 2021 bisher etwa 387 Medien geschlossen; das entspricht 60 % der Medien in Afghanistan. 115 afghanische Journalisten wurden verhaftet, bedroht oder gefoltert.<\/p>\n<p>&nbsp;<\/p>\n<h2>In Europa werden afghanische Journalistinnen bedroht<\/h2>\n<p>Reporter ohne Grenzen sch\u00e4tzen, dass seit der Macht\u00fcbernahme der Taliban im August 2021, 80 % der Journalistinnen in Afghanistan ihren Job verloren oder den Beruf aufgegeben haben.<\/p>\n<p>In einem neuen Bericht zeigt die in London ans\u00e4ssige Forschungsgruppe \u201eAfghan Witness\u201c dass mit der Macht\u00fcbernahme der Taliban afghanische Journalisten selbst im Ausland nicht sicher sind. Sie sind k\u00f6rperlichen Bedrohungen und Druck in den Sozialen Medien ausgesetzt.<\/p>\n<p>&nbsp;<\/p>\n<h2>Eklige Bilder per WhatsApp<\/h2>\n<p>Einige afghanische Journalistinnen, die jetzt in europ\u00e4ischen L\u00e4ndern oder Nachbarl\u00e4ndern Afghanistans leben, werden in dem Bericht zitiert. Sie geben an, dass Taliban-Angeh\u00f6rige ihnen in sozialen Netzwerken, insbesondere Twitter und TikTok, mit dem Tod drohen. Einige Frauen sagten, dass die Taliban sie bedrohten, indem sie Nachrichten mit h\u00e4sslichen Bildern, Fl\u00fcchen und Beleidigungen schickten und dass Taliban-Agenten afghanische Journalistinnen im Ausland ins Visier nehmen. Auch in Europa werden afghanische Journalistinnen mit dem Tod bedroht.<\/p>\n<p>&nbsp;<\/p>\n<h2>Hassbotschaften und Todesdrohungen<\/h2>\n<p>\u00c4hnliches berichtet Reporter ohne Grenzen \u00fcber die Situation in Schweden. Afghanische Journalistinnen und Journalisten, die in Schweden leben, erz\u00e4hlen von Hassbotschaften und Todesdrohungen der Taliban. Eine Journalistin berichtet \u00fcber eine starke Zunahme solcher Bedrohungen seit August 2021. Oft erhalte sie sexuell anst\u00f6\u00dfige Bilder. Auch in Europa werden afghanische Journalistinnen mit dem Tod bedroht.<\/p>\n<p>Journalismus war f\u00fcr Frauen in Afghanistan noch nie ein leichter Beruf. In vielen Familien ist die Arbeit in den Medien immer noch tabu, und der Kampf gegen dieses Tabu erfordert Mut und Opferbereitschaft.<\/p>\n<p>&nbsp;<\/p>\n<h2>Es war noch nie leicht, Journalistin in Afghanistan zu sein<\/h2>\n<p>Nach dem Sturz der ersten Taliban-Regierung im Jahr 2001 wurden in Afghanistan zahlreiche unabh\u00e4ngige Medien gegr\u00fcndet, die es Journalistinnen erm\u00f6glichen, in der \u00d6ffentlichkeit zu agieren und \u00fcber aktuelle Ereignisse zu berichten. Gefahrlos war dies aber auch damals nicht. Frauen in Afghanistan haben in den letzten zwei Jahrzehnten unz\u00e4hlige Opfer gebracht, um in den Medien zu erscheinen. Viele zahlten sogar mit ihrem Leben. Sie wurden ermordet oder kamen auf mysteri\u00f6se Art zu Tode.<\/p>\n<p>&nbsp;<\/p>\n<h2>Ihre Namen sollen nicht vergessen werden<\/h2>\n<p>Dazu geh\u00f6ren Frauen Shima Rezaei, Reporterin des Fernsehsenders Tolo, Zanga Amaj, Nachrichtensprecherin des Fernsehsenders Shamshad, Malala Miwand, Reporterin und Moderatorin eines lokalen Fernsehsenders in der Provinz Nangarhar im Osten Afghanistans und Dutzende anderer Reporterinnen. Jede von ihnen war eine Vork\u00e4mpferin f\u00fcr ein neues Frauenbild und ein Vorbild f\u00fcr andere Frauen. Ihr gewaltsamer Tod war eine klare Botschaft der Einsch\u00fcchterung an alle Afghaninnen. Journalistinnen wie Frauenrechtlerinnen haben also auch in den vergangenen zwei Jahrzehnten gro\u00dfe Opfer gebracht, doch d\u00fcrfen die Chancen, die sich auftaten, nicht kleingeredet werden. Medien spielten dabei eine wichtige Rolle, da sie Frauen eine Stimme gaben und ihre Proteste publik machten.<\/p>\n<p>&nbsp;<\/p>\n<h2>Es wird nicht mehr berichtet<\/h2>\n<p>Mit der R\u00fcckkehr der Taliban an die Macht, hat das Morden, die Verhaftungen und das Verschwindenlassen von Journalistinnen Fahrt aufgenommen und eine neue Qualit\u00e4t angenommen. So ist neu, dass \u00fcber die Morde nicht mehr berichtet wird, denn es gibt kaum noch Medien, die dies zum Thema machen k\u00f6nnten. Zudem h\u00e4tten die Opfer und die Angeh\u00f6rigen auch viel <a href=\"https:\/\/amalberlin.de\/fa\/2023\/09\/11\/%d8%a7%d8%af%d8%a7%d9%85%d9%87-%d8%a7%d8%b9%d8%aa%d8%b5%d8%a7%d8%a8-%d8%ba%d8%b0%d8%a7%db%8c%db%8c-%d9%81%d8%b9%d8%a7%d9%84%d8%a7%d9%86-%d8%b2%d9%86-%d8%a7%d9%81%d8%ba%d8%a7%d9%86%d8%b3%d8%aa%d8%a7\/\">zu viel Angst<\/a>, sich in den Medien zu \u00e4u\u00dfern. Sie schweigen aus Angst vor Vergeltungsma\u00dfnahmen der Taliban.<\/p>\n<p>Hier geht es zur <a href=\"https:\/\/amalhamburg.de\/fa\/2023\/09\/12\/%d9%82%d8%b1%d8%a8%d8%a7%d9%86%db%8c%d8%a7%d9%86-%d8%a2%d8%b2%d8%a7%d8%af%db%8c-%d8%a8%db%8c%d8%a7%d9%86%d8%9b-%d8%b2%d9%86%d8%a7%d9%86-%d8%ae%d8%a8%d8%b1%d9%86%da%af%d8%a7%d8%b1-%d8%a7%d9%81%d8%ba\/\">Dari-Version<\/a> des Textes. Urspr\u00fcnglich ist er im <a href=\"https:\/\/www.abendblatt.de\/suche\/?q=nilab+langer\">Hamburger Abendblatt<\/a> erschienen.<\/p>\n","protected":false},"excerpt":{"rendered":"<p>Arya ist eine der Gl\u00fccklichen, denen die Flucht aus Afghanistan gelang. \u00a0Eigentlich hei\u00dft sie anders, aber sie will ihren echten Namen nicht ver\u00f6ffentlicht sehen. Man wei\u00df ja nie und so ganz in Sicherheit f\u00fchlt sie sich nicht. Auch in Europa werden afghanische Journalistinnen bedroht. Arya war eine erfolgreiche Moderatorin politischer Sendungen in einem der privaten&#8230;  <a class=\"excerpt-read-more\" href=\"https:\/\/amalfrankfurt.de\/de\/2023\/09\/13\/in-europa-werden-afghanische-journalistinnen-bedroht\/\" title=\"Read Auch in Europa werden afghanische Journalistinnen mit dem Tod bedroht\">Weiter &raquo;<\/a><\/p>\n","protected":false},"author":16,"featured_media":182272,"comment_status":"open","ping_status":"open","sticky":false,"template":"","format":"standard","meta":{"_acf_changed":false,"footnotes":""},"categories":[27],"tags":[45,2685,2743],"class_list":["post-182271","post","type-post","status-publish","format-standard","has-post-thumbnail","hentry","category-beitraege-auf-deutsch","tag-frauen","tag-pressefreiheit","tag-talian"],"acf":[],"yoast_head":"<!-- This site is optimized with the Yoast SEO plugin v27.4 - https:\/\/yoast.com\/product\/yoast-seo-wordpress\/ -->\n<title>Auch in Europa werden afghanische Journalistinnen mit dem Tod bedroht - Amal, Frankfurt!<\/title>\n<meta name=\"description\" content=\"Auch in Europa werden afghanische Journalistinnen mit dem Tod bedroht. Nilab Langer zur Woche der Pressefreiheit. Langer Arm der Taliban\" \/>\n<meta name=\"robots\" content=\"index, follow, max-snippet:-1, max-image-preview:large, max-video-preview:-1\" \/>\n<link rel=\"canonical\" href=\"https:\/\/amalfrankfurt.de\/de\/2023\/09\/13\/in-europa-werden-afghanische-journalistinnen-bedroht\/\" \/>\n<meta property=\"og:locale\" content=\"de_DE\" \/>\n<meta property=\"og:type\" content=\"article\" \/>\n<meta property=\"og:title\" content=\"Auch in Europa werden afghanische Journalistinnen mit dem Tod bedroht - Amal, Frankfurt!\" \/>\n<meta property=\"og:description\" content=\"Auch in Europa werden afghanische Journalistinnen mit dem Tod bedroht. Nilab Langer zur Woche der Pressefreiheit. Langer Arm der Taliban\" \/>\n<meta property=\"og:url\" content=\"https:\/\/amalfrankfurt.de\/de\/2023\/09\/13\/in-europa-werden-afghanische-journalistinnen-bedroht\/\" \/>\n<meta property=\"og:site_name\" content=\"Amal, Frankfurt!\" \/>\n<meta property=\"article:author\" content=\"n.langar@hamburgmediaschool.com\" \/>\n<meta property=\"article:published_time\" content=\"2023-09-13T06:57:02+00:00\" \/>\n<meta property=\"article:modified_time\" content=\"2024-02-22T09:20:19+00:00\" \/>\n<meta property=\"og:image\" content=\"https:\/\/amalfrankfurt.de\/wp-content\/uploads\/sites\/5\/2023\/09\/WhatsApp-Image-2023-09-12-at-5.44.12-PM.jpeg\" \/>\n\t<meta property=\"og:image:width\" content=\"800\" \/>\n\t<meta property=\"og:image:height\" content=\"450\" \/>\n\t<meta property=\"og:image:type\" content=\"image\/jpeg\" \/>\n<meta name=\"author\" content=\"Nilab Langar\" \/>\n<meta name=\"twitter:card\" content=\"summary_large_image\" \/>\n<meta name=\"twitter:label1\" content=\"Verfasst von\" \/>\n\t<meta name=\"twitter:data1\" content=\"Nilab Langar\" \/>\n\t<meta name=\"twitter:label2\" content=\"Gesch\u00e4tzte Lesezeit\" \/>\n\t<meta name=\"twitter:data2\" content=\"6\u00a0Minuten\" \/>\n<script type=\"application\/ld+json\" class=\"yoast-schema-graph\">{\"@context\":\"https:\\\/\\\/schema.org\",\"@graph\":[{\"@type\":\"Article\",\"@id\":\"https:\\\/\\\/amalfrankfurt.de\\\/de\\\/2023\\\/09\\\/13\\\/in-europa-werden-afghanische-journalistinnen-bedroht\\\/#article\",\"isPartOf\":{\"@id\":\"https:\\\/\\\/amalfrankfurt.de\\\/de\\\/2023\\\/09\\\/13\\\/in-europa-werden-afghanische-journalistinnen-bedroht\\\/\"},\"author\":{\"name\":\"Nilab Langar\",\"@id\":\"https:\\\/\\\/amalfrankfurt.de\\\/de\\\/#\\\/schema\\\/person\\\/6c2ec781e5c3de1d30b2c10addb60d56\"},\"headline\":\"Auch in Europa werden afghanische Journalistinnen mit dem Tod bedroht\",\"datePublished\":\"2023-09-13T06:57:02+00:00\",\"dateModified\":\"2024-02-22T09:20:19+00:00\",\"mainEntityOfPage\":{\"@id\":\"https:\\\/\\\/amalfrankfurt.de\\\/de\\\/2023\\\/09\\\/13\\\/in-europa-werden-afghanische-journalistinnen-bedroht\\\/\"},\"wordCount\":1093,\"commentCount\":0,\"image\":{\"@id\":\"https:\\\/\\\/amalfrankfurt.de\\\/de\\\/2023\\\/09\\\/13\\\/in-europa-werden-afghanische-journalistinnen-bedroht\\\/#primaryimage\"},\"thumbnailUrl\":\"https:\\\/\\\/amalfrankfurt.de\\\/wp-content\\\/uploads\\\/sites\\\/5\\\/2023\\\/09\\\/WhatsApp-Image-2023-09-12-at-5.44.12-PM.jpeg\",\"keywords\":[\"Frauen\",\"Pressefreiheit\",\"Talian\"],\"articleSection\":[\"Beitr\u00e4ge auf Deutsch\"],\"inLanguage\":\"de\",\"potentialAction\":[{\"@type\":\"CommentAction\",\"name\":\"Comment\",\"target\":[\"https:\\\/\\\/amalfrankfurt.de\\\/de\\\/2023\\\/09\\\/13\\\/in-europa-werden-afghanische-journalistinnen-bedroht\\\/#respond\"]}]},{\"@type\":\"WebPage\",\"@id\":\"https:\\\/\\\/amalfrankfurt.de\\\/de\\\/2023\\\/09\\\/13\\\/in-europa-werden-afghanische-journalistinnen-bedroht\\\/\",\"url\":\"https:\\\/\\\/amalfrankfurt.de\\\/de\\\/2023\\\/09\\\/13\\\/in-europa-werden-afghanische-journalistinnen-bedroht\\\/\",\"name\":\"Auch in Europa werden afghanische Journalistinnen mit dem Tod bedroht - Amal, Frankfurt!\",\"isPartOf\":{\"@id\":\"https:\\\/\\\/amalfrankfurt.de\\\/de\\\/#website\"},\"primaryImageOfPage\":{\"@id\":\"https:\\\/\\\/amalfrankfurt.de\\\/de\\\/2023\\\/09\\\/13\\\/in-europa-werden-afghanische-journalistinnen-bedroht\\\/#primaryimage\"},\"image\":{\"@id\":\"https:\\\/\\\/amalfrankfurt.de\\\/de\\\/2023\\\/09\\\/13\\\/in-europa-werden-afghanische-journalistinnen-bedroht\\\/#primaryimage\"},\"thumbnailUrl\":\"https:\\\/\\\/amalfrankfurt.de\\\/wp-content\\\/uploads\\\/sites\\\/5\\\/2023\\\/09\\\/WhatsApp-Image-2023-09-12-at-5.44.12-PM.jpeg\",\"datePublished\":\"2023-09-13T06:57:02+00:00\",\"dateModified\":\"2024-02-22T09:20:19+00:00\",\"author\":{\"@id\":\"https:\\\/\\\/amalfrankfurt.de\\\/de\\\/#\\\/schema\\\/person\\\/6c2ec781e5c3de1d30b2c10addb60d56\"},\"description\":\"Auch in Europa werden afghanische Journalistinnen mit dem Tod bedroht. Nilab Langer zur Woche der Pressefreiheit. Langer Arm der Taliban\",\"breadcrumb\":{\"@id\":\"https:\\\/\\\/amalfrankfurt.de\\\/de\\\/2023\\\/09\\\/13\\\/in-europa-werden-afghanische-journalistinnen-bedroht\\\/#breadcrumb\"},\"inLanguage\":\"de\",\"potentialAction\":[{\"@type\":\"ReadAction\",\"target\":[\"https:\\\/\\\/amalfrankfurt.de\\\/de\\\/2023\\\/09\\\/13\\\/in-europa-werden-afghanische-journalistinnen-bedroht\\\/\"]}]},{\"@type\":\"ImageObject\",\"inLanguage\":\"de\",\"@id\":\"https:\\\/\\\/amalfrankfurt.de\\\/de\\\/2023\\\/09\\\/13\\\/in-europa-werden-afghanische-journalistinnen-bedroht\\\/#primaryimage\",\"url\":\"https:\\\/\\\/amalfrankfurt.de\\\/wp-content\\\/uploads\\\/sites\\\/5\\\/2023\\\/09\\\/WhatsApp-Image-2023-09-12-at-5.44.12-PM.jpeg\",\"contentUrl\":\"https:\\\/\\\/amalfrankfurt.de\\\/wp-content\\\/uploads\\\/sites\\\/5\\\/2023\\\/09\\\/WhatsApp-Image-2023-09-12-at-5.44.12-PM.jpeg\",\"width\":800,\"height\":450,\"caption\":\"Auch in Europa werden afghanische Journalistinnen mit dem Tod bedroht\"},{\"@type\":\"BreadcrumbList\",\"@id\":\"https:\\\/\\\/amalfrankfurt.de\\\/de\\\/2023\\\/09\\\/13\\\/in-europa-werden-afghanische-journalistinnen-bedroht\\\/#breadcrumb\",\"itemListElement\":[{\"@type\":\"ListItem\",\"position\":1,\"name\":\"Home\",\"item\":\"https:\\\/\\\/amalfrankfurt.de\\\/de\\\/\"},{\"@type\":\"ListItem\",\"position\":2,\"name\":\"Auch in Europa werden afghanische Journalistinnen mit dem Tod bedroht\"}]},{\"@type\":\"WebSite\",\"@id\":\"https:\\\/\\\/amalfrankfurt.de\\\/de\\\/#website\",\"url\":\"https:\\\/\\\/amalfrankfurt.de\\\/de\\\/\",\"name\":\"Amal, Frankfurt!\",\"description\":\"\",\"potentialAction\":[{\"@type\":\"SearchAction\",\"target\":{\"@type\":\"EntryPoint\",\"urlTemplate\":\"https:\\\/\\\/amalfrankfurt.de\\\/de\\\/?s={search_term_string}\"},\"query-input\":{\"@type\":\"PropertyValueSpecification\",\"valueRequired\":true,\"valueName\":\"search_term_string\"}}],\"inLanguage\":\"de\"},{\"@type\":\"Person\",\"@id\":\"https:\\\/\\\/amalfrankfurt.de\\\/de\\\/#\\\/schema\\\/person\\\/6c2ec781e5c3de1d30b2c10addb60d56\",\"name\":\"Nilab Langar\",\"image\":{\"@type\":\"ImageObject\",\"inLanguage\":\"de\",\"@id\":\"https:\\\/\\\/amalfrankfurt.de\\\/wp-content\\\/uploads\\\/sites\\\/5\\\/2023\\\/03\\\/Team_HH_2020DSCF00511-125x125.jpeg\",\"url\":\"https:\\\/\\\/amalfrankfurt.de\\\/wp-content\\\/uploads\\\/sites\\\/5\\\/2023\\\/03\\\/Team_HH_2020DSCF00511-125x125.jpeg\",\"contentUrl\":\"https:\\\/\\\/amalfrankfurt.de\\\/wp-content\\\/uploads\\\/sites\\\/5\\\/2023\\\/03\\\/Team_HH_2020DSCF00511-125x125.jpeg\",\"caption\":\"Nilab Langar\"},\"description\":\"Nilab Langar, 27, ist bei Amal, Hamburg! f\u00fcr die Dari\\\/Farsi Redaktion zust\u00e4ndig. Sie hat an der Balkh Universit\u00e4t in Mazar-Scharif in Afghanistan Journalismus studiert und drei Jahre f\u00fcr die Internet-Zeitung Howayda in Kabul geschrieben. In der Lehrredaktion von Metra TV war sie TV-Redakteurin und Trainerin f\u00fcr die Grundlagen des Journalismus. Ende 2015 kam sie nach Deutschland. Hier hat sie zun\u00e4chst Deutsch gelernt und im M\u00e4rz 2019 die Weiterbildung Digitale Medien f\u00fcr Gefl\u00fcchtete an der Hamburg Media School erfolgreich abgeschlossen.\",\"sameAs\":[\"n.langar@hamburgmediaschool.com\"],\"url\":\"https:\\\/\\\/amalfrankfurt.de\\\/de\\\/author\\\/nilab\\\/\"}]}<\/script>\n<!-- \/ Yoast SEO plugin. -->","yoast_head_json":{"title":"Auch in Europa werden afghanische Journalistinnen mit dem Tod bedroht - Amal, Frankfurt!","description":"Auch in Europa werden afghanische Journalistinnen mit dem Tod bedroht. Nilab Langer zur Woche der Pressefreiheit. Langer Arm der Taliban","robots":{"index":"index","follow":"follow","max-snippet":"max-snippet:-1","max-image-preview":"max-image-preview:large","max-video-preview":"max-video-preview:-1"},"canonical":"https:\/\/amalfrankfurt.de\/de\/2023\/09\/13\/in-europa-werden-afghanische-journalistinnen-bedroht\/","og_locale":"de_DE","og_type":"article","og_title":"Auch in Europa werden afghanische Journalistinnen mit dem Tod bedroht - Amal, Frankfurt!","og_description":"Auch in Europa werden afghanische Journalistinnen mit dem Tod bedroht. Nilab Langer zur Woche der Pressefreiheit. Langer Arm der Taliban","og_url":"https:\/\/amalfrankfurt.de\/de\/2023\/09\/13\/in-europa-werden-afghanische-journalistinnen-bedroht\/","og_site_name":"Amal, Frankfurt!","article_author":"n.langar@hamburgmediaschool.com","article_published_time":"2023-09-13T06:57:02+00:00","article_modified_time":"2024-02-22T09:20:19+00:00","og_image":[{"width":800,"height":450,"url":"https:\/\/amalfrankfurt.de\/wp-content\/uploads\/sites\/5\/2023\/09\/WhatsApp-Image-2023-09-12-at-5.44.12-PM.jpeg","type":"image\/jpeg"}],"author":"Nilab Langar","twitter_card":"summary_large_image","twitter_misc":{"Verfasst von":"Nilab Langar","Gesch\u00e4tzte Lesezeit":"6\u00a0Minuten"},"schema":{"@context":"https:\/\/schema.org","@graph":[{"@type":"Article","@id":"https:\/\/amalfrankfurt.de\/de\/2023\/09\/13\/in-europa-werden-afghanische-journalistinnen-bedroht\/#article","isPartOf":{"@id":"https:\/\/amalfrankfurt.de\/de\/2023\/09\/13\/in-europa-werden-afghanische-journalistinnen-bedroht\/"},"author":{"name":"Nilab Langar","@id":"https:\/\/amalfrankfurt.de\/de\/#\/schema\/person\/6c2ec781e5c3de1d30b2c10addb60d56"},"headline":"Auch in Europa werden afghanische Journalistinnen mit dem Tod bedroht","datePublished":"2023-09-13T06:57:02+00:00","dateModified":"2024-02-22T09:20:19+00:00","mainEntityOfPage":{"@id":"https:\/\/amalfrankfurt.de\/de\/2023\/09\/13\/in-europa-werden-afghanische-journalistinnen-bedroht\/"},"wordCount":1093,"commentCount":0,"image":{"@id":"https:\/\/amalfrankfurt.de\/de\/2023\/09\/13\/in-europa-werden-afghanische-journalistinnen-bedroht\/#primaryimage"},"thumbnailUrl":"https:\/\/amalfrankfurt.de\/wp-content\/uploads\/sites\/5\/2023\/09\/WhatsApp-Image-2023-09-12-at-5.44.12-PM.jpeg","keywords":["Frauen","Pressefreiheit","Talian"],"articleSection":["Beitr\u00e4ge auf Deutsch"],"inLanguage":"de","potentialAction":[{"@type":"CommentAction","name":"Comment","target":["https:\/\/amalfrankfurt.de\/de\/2023\/09\/13\/in-europa-werden-afghanische-journalistinnen-bedroht\/#respond"]}]},{"@type":"WebPage","@id":"https:\/\/amalfrankfurt.de\/de\/2023\/09\/13\/in-europa-werden-afghanische-journalistinnen-bedroht\/","url":"https:\/\/amalfrankfurt.de\/de\/2023\/09\/13\/in-europa-werden-afghanische-journalistinnen-bedroht\/","name":"Auch in Europa werden afghanische Journalistinnen mit dem Tod bedroht - Amal, Frankfurt!","isPartOf":{"@id":"https:\/\/amalfrankfurt.de\/de\/#website"},"primaryImageOfPage":{"@id":"https:\/\/amalfrankfurt.de\/de\/2023\/09\/13\/in-europa-werden-afghanische-journalistinnen-bedroht\/#primaryimage"},"image":{"@id":"https:\/\/amalfrankfurt.de\/de\/2023\/09\/13\/in-europa-werden-afghanische-journalistinnen-bedroht\/#primaryimage"},"thumbnailUrl":"https:\/\/amalfrankfurt.de\/wp-content\/uploads\/sites\/5\/2023\/09\/WhatsApp-Image-2023-09-12-at-5.44.12-PM.jpeg","datePublished":"2023-09-13T06:57:02+00:00","dateModified":"2024-02-22T09:20:19+00:00","author":{"@id":"https:\/\/amalfrankfurt.de\/de\/#\/schema\/person\/6c2ec781e5c3de1d30b2c10addb60d56"},"description":"Auch in Europa werden afghanische Journalistinnen mit dem Tod bedroht. Nilab Langer zur Woche der Pressefreiheit. Langer Arm der Taliban","breadcrumb":{"@id":"https:\/\/amalfrankfurt.de\/de\/2023\/09\/13\/in-europa-werden-afghanische-journalistinnen-bedroht\/#breadcrumb"},"inLanguage":"de","potentialAction":[{"@type":"ReadAction","target":["https:\/\/amalfrankfurt.de\/de\/2023\/09\/13\/in-europa-werden-afghanische-journalistinnen-bedroht\/"]}]},{"@type":"ImageObject","inLanguage":"de","@id":"https:\/\/amalfrankfurt.de\/de\/2023\/09\/13\/in-europa-werden-afghanische-journalistinnen-bedroht\/#primaryimage","url":"https:\/\/amalfrankfurt.de\/wp-content\/uploads\/sites\/5\/2023\/09\/WhatsApp-Image-2023-09-12-at-5.44.12-PM.jpeg","contentUrl":"https:\/\/amalfrankfurt.de\/wp-content\/uploads\/sites\/5\/2023\/09\/WhatsApp-Image-2023-09-12-at-5.44.12-PM.jpeg","width":800,"height":450,"caption":"Auch in Europa werden afghanische Journalistinnen mit dem Tod bedroht"},{"@type":"BreadcrumbList","@id":"https:\/\/amalfrankfurt.de\/de\/2023\/09\/13\/in-europa-werden-afghanische-journalistinnen-bedroht\/#breadcrumb","itemListElement":[{"@type":"ListItem","position":1,"name":"Home","item":"https:\/\/amalfrankfurt.de\/de\/"},{"@type":"ListItem","position":2,"name":"Auch in Europa werden afghanische Journalistinnen mit dem Tod bedroht"}]},{"@type":"WebSite","@id":"https:\/\/amalfrankfurt.de\/de\/#website","url":"https:\/\/amalfrankfurt.de\/de\/","name":"Amal, Frankfurt!","description":"","potentialAction":[{"@type":"SearchAction","target":{"@type":"EntryPoint","urlTemplate":"https:\/\/amalfrankfurt.de\/de\/?s={search_term_string}"},"query-input":{"@type":"PropertyValueSpecification","valueRequired":true,"valueName":"search_term_string"}}],"inLanguage":"de"},{"@type":"Person","@id":"https:\/\/amalfrankfurt.de\/de\/#\/schema\/person\/6c2ec781e5c3de1d30b2c10addb60d56","name":"Nilab Langar","image":{"@type":"ImageObject","inLanguage":"de","@id":"https:\/\/amalfrankfurt.de\/wp-content\/uploads\/sites\/5\/2023\/03\/Team_HH_2020DSCF00511-125x125.jpeg","url":"https:\/\/amalfrankfurt.de\/wp-content\/uploads\/sites\/5\/2023\/03\/Team_HH_2020DSCF00511-125x125.jpeg","contentUrl":"https:\/\/amalfrankfurt.de\/wp-content\/uploads\/sites\/5\/2023\/03\/Team_HH_2020DSCF00511-125x125.jpeg","caption":"Nilab Langar"},"description":"Nilab Langar, 27, ist bei Amal, Hamburg! f\u00fcr die Dari\/Farsi Redaktion zust\u00e4ndig. Sie hat an der Balkh Universit\u00e4t in Mazar-Scharif in Afghanistan Journalismus studiert und drei Jahre f\u00fcr die Internet-Zeitung Howayda in Kabul geschrieben. In der Lehrredaktion von Metra TV war sie TV-Redakteurin und Trainerin f\u00fcr die Grundlagen des Journalismus. Ende 2015 kam sie nach Deutschland. Hier hat sie zun\u00e4chst Deutsch gelernt und im M\u00e4rz 2019 die Weiterbildung Digitale Medien f\u00fcr Gefl\u00fcchtete an der Hamburg Media School erfolgreich abgeschlossen.","sameAs":["n.langar@hamburgmediaschool.com"],"url":"https:\/\/amalfrankfurt.de\/de\/author\/nilab\/"}]}},"_links":{"self":[{"href":"https:\/\/amalfrankfurt.de\/de\/wp-json\/wp\/v2\/posts\/182271","targetHints":{"allow":["GET"]}}],"collection":[{"href":"https:\/\/amalfrankfurt.de\/de\/wp-json\/wp\/v2\/posts"}],"about":[{"href":"https:\/\/amalfrankfurt.de\/de\/wp-json\/wp\/v2\/types\/post"}],"author":[{"embeddable":true,"href":"https:\/\/amalfrankfurt.de\/de\/wp-json\/wp\/v2\/users\/16"}],"replies":[{"embeddable":true,"href":"https:\/\/amalfrankfurt.de\/de\/wp-json\/wp\/v2\/comments?post=182271"}],"version-history":[{"count":1,"href":"https:\/\/amalfrankfurt.de\/de\/wp-json\/wp\/v2\/posts\/182271\/revisions"}],"predecessor-version":[{"id":182277,"href":"https:\/\/amalfrankfurt.de\/de\/wp-json\/wp\/v2\/posts\/182271\/revisions\/182277"}],"wp:featuredmedia":[{"embeddable":true,"href":"https:\/\/amalfrankfurt.de\/de\/wp-json\/wp\/v2\/media\/182272"}],"wp:attachment":[{"href":"https:\/\/amalfrankfurt.de\/de\/wp-json\/wp\/v2\/media?parent=182271"}],"wp:term":[{"taxonomy":"category","embeddable":true,"href":"https:\/\/amalfrankfurt.de\/de\/wp-json\/wp\/v2\/categories?post=182271"},{"taxonomy":"post_tag","embeddable":true,"href":"https:\/\/amalfrankfurt.de\/de\/wp-json\/wp\/v2\/tags?post=182271"}],"curies":[{"name":"wp","href":"https:\/\/api.w.org\/{rel}","templated":true}]}}