{"id":179062,"date":"2023-07-15T13:38:25","date_gmt":"2023-07-15T11:38:25","guid":{"rendered":"https:\/\/amalfrankfurt.de\/?p=179062"},"modified":"2023-07-24T21:32:02","modified_gmt":"2023-07-24T19:32:02","slug":"was-bietet-der-auslaenderbeirat-in-frankfurt-an","status":"publish","type":"post","link":"https:\/\/amalfrankfurt.de\/de\/2023\/07\/15\/was-bietet-der-auslaenderbeirat-in-frankfurt-an\/","title":{"rendered":"Was bietet der Ausl\u00e4nderbeirat in Frankfurt an?"},"content":{"rendered":"<p>26 Prozent der Einwohner von Frankfurt am Main sind Ausl\u00e4nder, sagt die Statistik. Und noch viel mehr Menschen werden als Ausl\u00e4nder wahrgenommen, haben doppelte Staatsb\u00fcrgerschaft oder kommen aus Familien mit Einwanderungsgeschichte. In diesem Video stellen wir die Arbeit der Kommunalen Ausl\u00e4nder- und Ausl\u00e4nderinnenvertretung von Frankfurt vor. Ein Beitrag von Ronnie Darwish.<\/p>\n<p>&nbsp;<\/p>\n<p><iframe loading=\"lazy\" title=\"Welche Angebote bietet der Ausl\u00e4nderbeirat f\u00fcr die B\u00fcrgerinnen und B\u00fcrger in Frankfurt an?\" width=\"680\" height=\"383\" src=\"https:\/\/www.youtube.com\/embed\/oWI9QfkEwjI?feature=oembed\" frameborder=\"0\" allow=\"accelerometer; autoplay; clipboard-write; encrypted-media; gyroscope; picture-in-picture; web-share\" allowfullscreen><\/iframe><\/p>\n","protected":false},"excerpt":{"rendered":"<p>26 Prozent der Einwohner von Frankfurt am Main sind Ausl\u00e4nder, sagt die Statistik. Und noch viel mehr Menschen werden als Ausl\u00e4nder wahrgenommen, haben doppelte Staatsb\u00fcrgerschaft oder kommen aus Familien mit Einwanderungsgeschichte. In diesem Video stellen wir die Arbeit der Kommunalen Ausl\u00e4nder- und Ausl\u00e4nderinnenvertretung von Frankfurt vor. Ein Beitrag von Ronnie Darwish. &nbsp;<\/p>\n","protected":false},"author":41,"featured_media":179069,"comment_status":"open","ping_status":"open","sticky":false,"template":"","format":"standard","meta":{"_acf_changed":false,"footnotes":""},"categories":[138],"tags":[2360,2361],"class_list":["post-179062","post","type-post","status-publish","format-standard","has-post-thumbnail","hentry","category-nachrichten","tag-auslaenderbeirat","tag-vereine"],"acf":[],"yoast_head":"<!-- This site is optimized with the Yoast SEO plugin v27.5 - https:\/\/yoast.com\/product\/yoast-seo-wordpress\/ -->\n<title>Was bietet der Ausl\u00e4nderbeirat in Frankfurt an? - Amal, Frankfurt!<\/title>\n<meta name=\"description\" content=\"In der Kommunalen Ausl\u00e4nder- und Ausl\u00e4nderinnen-Vertretung in Frankfurt arbeiten viele Vereine und Organisationen zusammen.\" \/>\n<meta name=\"robots\" content=\"index, follow, max-snippet:-1, max-image-preview:large, max-video-preview:-1\" \/>\n<link rel=\"canonical\" href=\"https:\/\/amalfrankfurt.de\/de\/2023\/07\/15\/was-bietet-der-auslaenderbeirat-in-frankfurt-an\/\" \/>\n<meta property=\"og:locale\" content=\"de_DE\" \/>\n<meta property=\"og:type\" content=\"article\" \/>\n<meta property=\"og:title\" content=\"Was bietet der Ausl\u00e4nderbeirat in Frankfurt an? - Amal, Frankfurt!\" \/>\n<meta property=\"og:description\" content=\"In der Kommunalen Ausl\u00e4nder- und Ausl\u00e4nderinnen-Vertretung in Frankfurt arbeiten viele Vereine und Organisationen zusammen.\" \/>\n<meta property=\"og:url\" content=\"https:\/\/amalfrankfurt.de\/de\/2023\/07\/15\/was-bietet-der-auslaenderbeirat-in-frankfurt-an\/\" \/>\n<meta property=\"og:site_name\" content=\"Amal, Frankfurt!\" \/>\n<meta property=\"article:published_time\" content=\"2023-07-15T11:38:25+00:00\" \/>\n<meta property=\"article:modified_time\" content=\"2023-07-24T19:32:02+00:00\" \/>\n<meta property=\"og:image\" content=\"https:\/\/amalfrankfurt.de\/wp-content\/uploads\/sites\/5\/2023\/07\/Welche-Angebote-bietet-der-Auslaenderbeirat-fuer-die-Buergerinnen-und-Buerger-in-Frankfurt-an_-2-44-screenshot.jpg\" \/>\n\t<meta property=\"og:image:width\" content=\"1920\" \/>\n\t<meta property=\"og:image:height\" content=\"1080\" \/>\n\t<meta property=\"og:image:type\" content=\"image\/jpeg\" \/>\n<meta name=\"author\" content=\"editor\" \/>\n<meta name=\"twitter:card\" content=\"summary_large_image\" \/>\n<meta name=\"twitter:label1\" content=\"Verfasst von\" \/>\n\t<meta name=\"twitter:data1\" content=\"editor\" \/>\n\t<meta name=\"twitter:label2\" content=\"Gesch\u00e4tzte Lesezeit\" \/>\n\t<meta name=\"twitter:data2\" content=\"1\u00a0Minute\" \/>\n<script type=\"application\/ld+json\" class=\"yoast-schema-graph\">{\"@context\":\"https:\\\/\\\/schema.org\",\"@graph\":[{\"@type\":\"Article\",\"@id\":\"https:\\\/\\\/amalfrankfurt.de\\\/de\\\/2023\\\/07\\\/15\\\/was-bietet-der-auslaenderbeirat-in-frankfurt-an\\\/#article\",\"isPartOf\":{\"@id\":\"https:\\\/\\\/amalfrankfurt.de\\\/de\\\/2023\\\/07\\\/15\\\/was-bietet-der-auslaenderbeirat-in-frankfurt-an\\\/\"},\"author\":{\"name\":\"editor\",\"@id\":\"https:\\\/\\\/amalfrankfurt.de\\\/de\\\/#\\\/schema\\\/person\\\/7d323d8582267c1d24cf87068d589ba3\"},\"headline\":\"Was bietet der Ausl\u00e4nderbeirat in Frankfurt an?\",\"datePublished\":\"2023-07-15T11:38:25+00:00\",\"dateModified\":\"2023-07-24T19:32:02+00:00\",\"mainEntityOfPage\":{\"@id\":\"https:\\\/\\\/amalfrankfurt.de\\\/de\\\/2023\\\/07\\\/15\\\/was-bietet-der-auslaenderbeirat-in-frankfurt-an\\\/\"},\"wordCount\":69,\"commentCount\":0,\"image\":{\"@id\":\"https:\\\/\\\/amalfrankfurt.de\\\/de\\\/2023\\\/07\\\/15\\\/was-bietet-der-auslaenderbeirat-in-frankfurt-an\\\/#primaryimage\"},\"thumbnailUrl\":\"https:\\\/\\\/amalfrankfurt.de\\\/wp-content\\\/uploads\\\/sites\\\/5\\\/2023\\\/07\\\/Welche-Angebote-bietet-der-Auslaenderbeirat-fuer-die-Buergerinnen-und-Buerger-in-Frankfurt-an_-2-44-screenshot.jpg\",\"keywords\":[\"Ausl\u00e4nderbeirat\",\"Vereine\"],\"articleSection\":[\"Beitr\u00e4ge\"],\"inLanguage\":\"de\",\"potentialAction\":[{\"@type\":\"CommentAction\",\"name\":\"Comment\",\"target\":[\"https:\\\/\\\/amalfrankfurt.de\\\/de\\\/2023\\\/07\\\/15\\\/was-bietet-der-auslaenderbeirat-in-frankfurt-an\\\/#respond\"]}]},{\"@type\":\"WebPage\",\"@id\":\"https:\\\/\\\/amalfrankfurt.de\\\/de\\\/2023\\\/07\\\/15\\\/was-bietet-der-auslaenderbeirat-in-frankfurt-an\\\/\",\"url\":\"https:\\\/\\\/amalfrankfurt.de\\\/de\\\/2023\\\/07\\\/15\\\/was-bietet-der-auslaenderbeirat-in-frankfurt-an\\\/\",\"name\":\"Was bietet der Ausl\u00e4nderbeirat in Frankfurt an? - Amal, Frankfurt!\",\"isPartOf\":{\"@id\":\"https:\\\/\\\/amalfrankfurt.de\\\/de\\\/#website\"},\"primaryImageOfPage\":{\"@id\":\"https:\\\/\\\/amalfrankfurt.de\\\/de\\\/2023\\\/07\\\/15\\\/was-bietet-der-auslaenderbeirat-in-frankfurt-an\\\/#primaryimage\"},\"image\":{\"@id\":\"https:\\\/\\\/amalfrankfurt.de\\\/de\\\/2023\\\/07\\\/15\\\/was-bietet-der-auslaenderbeirat-in-frankfurt-an\\\/#primaryimage\"},\"thumbnailUrl\":\"https:\\\/\\\/amalfrankfurt.de\\\/wp-content\\\/uploads\\\/sites\\\/5\\\/2023\\\/07\\\/Welche-Angebote-bietet-der-Auslaenderbeirat-fuer-die-Buergerinnen-und-Buerger-in-Frankfurt-an_-2-44-screenshot.jpg\",\"datePublished\":\"2023-07-15T11:38:25+00:00\",\"dateModified\":\"2023-07-24T19:32:02+00:00\",\"author\":{\"@id\":\"https:\\\/\\\/amalfrankfurt.de\\\/de\\\/#\\\/schema\\\/person\\\/7d323d8582267c1d24cf87068d589ba3\"},\"description\":\"In der Kommunalen Ausl\u00e4nder- und Ausl\u00e4nderinnen-Vertretung in Frankfurt arbeiten viele Vereine und Organisationen zusammen.\",\"breadcrumb\":{\"@id\":\"https:\\\/\\\/amalfrankfurt.de\\\/de\\\/2023\\\/07\\\/15\\\/was-bietet-der-auslaenderbeirat-in-frankfurt-an\\\/#breadcrumb\"},\"inLanguage\":\"de\",\"potentialAction\":[{\"@type\":\"ReadAction\",\"target\":[\"https:\\\/\\\/amalfrankfurt.de\\\/de\\\/2023\\\/07\\\/15\\\/was-bietet-der-auslaenderbeirat-in-frankfurt-an\\\/\"]}]},{\"@type\":\"ImageObject\",\"inLanguage\":\"de\",\"@id\":\"https:\\\/\\\/amalfrankfurt.de\\\/de\\\/2023\\\/07\\\/15\\\/was-bietet-der-auslaenderbeirat-in-frankfurt-an\\\/#primaryimage\",\"url\":\"https:\\\/\\\/amalfrankfurt.de\\\/wp-content\\\/uploads\\\/sites\\\/5\\\/2023\\\/07\\\/Welche-Angebote-bietet-der-Auslaenderbeirat-fuer-die-Buergerinnen-und-Buerger-in-Frankfurt-an_-2-44-screenshot.jpg\",\"contentUrl\":\"https:\\\/\\\/amalfrankfurt.de\\\/wp-content\\\/uploads\\\/sites\\\/5\\\/2023\\\/07\\\/Welche-Angebote-bietet-der-Auslaenderbeirat-fuer-die-Buergerinnen-und-Buerger-in-Frankfurt-an_-2-44-screenshot.jpg\",\"width\":1920,\"height\":1080,\"caption\":\"Foto: Ronnie Darwish\"},{\"@type\":\"BreadcrumbList\",\"@id\":\"https:\\\/\\\/amalfrankfurt.de\\\/de\\\/2023\\\/07\\\/15\\\/was-bietet-der-auslaenderbeirat-in-frankfurt-an\\\/#breadcrumb\",\"itemListElement\":[{\"@type\":\"ListItem\",\"position\":1,\"name\":\"Home\",\"item\":\"https:\\\/\\\/amalfrankfurt.de\\\/de\\\/\"},{\"@type\":\"ListItem\",\"position\":2,\"name\":\"Was bietet der Ausl\u00e4nderbeirat in Frankfurt an?\"}]},{\"@type\":\"WebSite\",\"@id\":\"https:\\\/\\\/amalfrankfurt.de\\\/de\\\/#website\",\"url\":\"https:\\\/\\\/amalfrankfurt.de\\\/de\\\/\",\"name\":\"Amal, Frankfurt!\",\"description\":\"\",\"potentialAction\":[{\"@type\":\"SearchAction\",\"target\":{\"@type\":\"EntryPoint\",\"urlTemplate\":\"https:\\\/\\\/amalfrankfurt.de\\\/de\\\/?s={search_term_string}\"},\"query-input\":{\"@type\":\"PropertyValueSpecification\",\"valueRequired\":true,\"valueName\":\"search_term_string\"}}],\"inLanguage\":\"de\"},{\"@type\":\"Person\",\"@id\":\"https:\\\/\\\/amalfrankfurt.de\\\/de\\\/#\\\/schema\\\/person\\\/7d323d8582267c1d24cf87068d589ba3\",\"name\":\"editor\",\"image\":{\"@type\":\"ImageObject\",\"inLanguage\":\"de\",\"@id\":\"https:\\\/\\\/amalfrankfurt.de\\\/wp-content\\\/plugins\\\/wp-user-avatar\\\/deprecated\\\/wp-user-avatar\\\/images\\\/wpua-96x96.png\",\"url\":\"https:\\\/\\\/amalfrankfurt.de\\\/wp-content\\\/plugins\\\/wp-user-avatar\\\/deprecated\\\/wp-user-avatar\\\/images\\\/wpua-96x96.png\",\"contentUrl\":\"https:\\\/\\\/amalfrankfurt.de\\\/wp-content\\\/plugins\\\/wp-user-avatar\\\/deprecated\\\/wp-user-avatar\\\/images\\\/wpua-96x96.png\",\"caption\":\"editor\"},\"url\":\"https:\\\/\\\/amalfrankfurt.de\\\/de\\\/author\\\/editortest\\\/\"}]}<\/script>\n<!-- \/ Yoast SEO plugin. -->","yoast_head_json":{"title":"Was bietet der Ausl\u00e4nderbeirat in Frankfurt an? - Amal, Frankfurt!","description":"In der Kommunalen Ausl\u00e4nder- und Ausl\u00e4nderinnen-Vertretung in Frankfurt arbeiten viele Vereine und Organisationen zusammen.","robots":{"index":"index","follow":"follow","max-snippet":"max-snippet:-1","max-image-preview":"max-image-preview:large","max-video-preview":"max-video-preview:-1"},"canonical":"https:\/\/amalfrankfurt.de\/de\/2023\/07\/15\/was-bietet-der-auslaenderbeirat-in-frankfurt-an\/","og_locale":"de_DE","og_type":"article","og_title":"Was bietet der Ausl\u00e4nderbeirat in Frankfurt an? - Amal, Frankfurt!","og_description":"In der Kommunalen Ausl\u00e4nder- und Ausl\u00e4nderinnen-Vertretung in Frankfurt arbeiten viele Vereine und Organisationen zusammen.","og_url":"https:\/\/amalfrankfurt.de\/de\/2023\/07\/15\/was-bietet-der-auslaenderbeirat-in-frankfurt-an\/","og_site_name":"Amal, Frankfurt!","article_published_time":"2023-07-15T11:38:25+00:00","article_modified_time":"2023-07-24T19:32:02+00:00","og_image":[{"width":1920,"height":1080,"url":"https:\/\/amalfrankfurt.de\/wp-content\/uploads\/sites\/5\/2023\/07\/Welche-Angebote-bietet-der-Auslaenderbeirat-fuer-die-Buergerinnen-und-Buerger-in-Frankfurt-an_-2-44-screenshot.jpg","type":"image\/jpeg"}],"author":"editor","twitter_card":"summary_large_image","twitter_misc":{"Verfasst von":"editor","Gesch\u00e4tzte Lesezeit":"1\u00a0Minute"},"schema":{"@context":"https:\/\/schema.org","@graph":[{"@type":"Article","@id":"https:\/\/amalfrankfurt.de\/de\/2023\/07\/15\/was-bietet-der-auslaenderbeirat-in-frankfurt-an\/#article","isPartOf":{"@id":"https:\/\/amalfrankfurt.de\/de\/2023\/07\/15\/was-bietet-der-auslaenderbeirat-in-frankfurt-an\/"},"author":{"name":"editor","@id":"https:\/\/amalfrankfurt.de\/de\/#\/schema\/person\/7d323d8582267c1d24cf87068d589ba3"},"headline":"Was bietet der Ausl\u00e4nderbeirat in Frankfurt an?","datePublished":"2023-07-15T11:38:25+00:00","dateModified":"2023-07-24T19:32:02+00:00","mainEntityOfPage":{"@id":"https:\/\/amalfrankfurt.de\/de\/2023\/07\/15\/was-bietet-der-auslaenderbeirat-in-frankfurt-an\/"},"wordCount":69,"commentCount":0,"image":{"@id":"https:\/\/amalfrankfurt.de\/de\/2023\/07\/15\/was-bietet-der-auslaenderbeirat-in-frankfurt-an\/#primaryimage"},"thumbnailUrl":"https:\/\/amalfrankfurt.de\/wp-content\/uploads\/sites\/5\/2023\/07\/Welche-Angebote-bietet-der-Auslaenderbeirat-fuer-die-Buergerinnen-und-Buerger-in-Frankfurt-an_-2-44-screenshot.jpg","keywords":["Ausl\u00e4nderbeirat","Vereine"],"articleSection":["Beitr\u00e4ge"],"inLanguage":"de","potentialAction":[{"@type":"CommentAction","name":"Comment","target":["https:\/\/amalfrankfurt.de\/de\/2023\/07\/15\/was-bietet-der-auslaenderbeirat-in-frankfurt-an\/#respond"]}]},{"@type":"WebPage","@id":"https:\/\/amalfrankfurt.de\/de\/2023\/07\/15\/was-bietet-der-auslaenderbeirat-in-frankfurt-an\/","url":"https:\/\/amalfrankfurt.de\/de\/2023\/07\/15\/was-bietet-der-auslaenderbeirat-in-frankfurt-an\/","name":"Was bietet der Ausl\u00e4nderbeirat in Frankfurt an? - Amal, Frankfurt!","isPartOf":{"@id":"https:\/\/amalfrankfurt.de\/de\/#website"},"primaryImageOfPage":{"@id":"https:\/\/amalfrankfurt.de\/de\/2023\/07\/15\/was-bietet-der-auslaenderbeirat-in-frankfurt-an\/#primaryimage"},"image":{"@id":"https:\/\/amalfrankfurt.de\/de\/2023\/07\/15\/was-bietet-der-auslaenderbeirat-in-frankfurt-an\/#primaryimage"},"thumbnailUrl":"https:\/\/amalfrankfurt.de\/wp-content\/uploads\/sites\/5\/2023\/07\/Welche-Angebote-bietet-der-Auslaenderbeirat-fuer-die-Buergerinnen-und-Buerger-in-Frankfurt-an_-2-44-screenshot.jpg","datePublished":"2023-07-15T11:38:25+00:00","dateModified":"2023-07-24T19:32:02+00:00","author":{"@id":"https:\/\/amalfrankfurt.de\/de\/#\/schema\/person\/7d323d8582267c1d24cf87068d589ba3"},"description":"In der Kommunalen Ausl\u00e4nder- und Ausl\u00e4nderinnen-Vertretung in Frankfurt arbeiten viele Vereine und Organisationen zusammen.","breadcrumb":{"@id":"https:\/\/amalfrankfurt.de\/de\/2023\/07\/15\/was-bietet-der-auslaenderbeirat-in-frankfurt-an\/#breadcrumb"},"inLanguage":"de","potentialAction":[{"@type":"ReadAction","target":["https:\/\/amalfrankfurt.de\/de\/2023\/07\/15\/was-bietet-der-auslaenderbeirat-in-frankfurt-an\/"]}]},{"@type":"ImageObject","inLanguage":"de","@id":"https:\/\/amalfrankfurt.de\/de\/2023\/07\/15\/was-bietet-der-auslaenderbeirat-in-frankfurt-an\/#primaryimage","url":"https:\/\/amalfrankfurt.de\/wp-content\/uploads\/sites\/5\/2023\/07\/Welche-Angebote-bietet-der-Auslaenderbeirat-fuer-die-Buergerinnen-und-Buerger-in-Frankfurt-an_-2-44-screenshot.jpg","contentUrl":"https:\/\/amalfrankfurt.de\/wp-content\/uploads\/sites\/5\/2023\/07\/Welche-Angebote-bietet-der-Auslaenderbeirat-fuer-die-Buergerinnen-und-Buerger-in-Frankfurt-an_-2-44-screenshot.jpg","width":1920,"height":1080,"caption":"Foto: Ronnie Darwish"},{"@type":"BreadcrumbList","@id":"https:\/\/amalfrankfurt.de\/de\/2023\/07\/15\/was-bietet-der-auslaenderbeirat-in-frankfurt-an\/#breadcrumb","itemListElement":[{"@type":"ListItem","position":1,"name":"Home","item":"https:\/\/amalfrankfurt.de\/de\/"},{"@type":"ListItem","position":2,"name":"Was bietet der Ausl\u00e4nderbeirat in Frankfurt an?"}]},{"@type":"WebSite","@id":"https:\/\/amalfrankfurt.de\/de\/#website","url":"https:\/\/amalfrankfurt.de\/de\/","name":"Amal, Frankfurt!","description":"","potentialAction":[{"@type":"SearchAction","target":{"@type":"EntryPoint","urlTemplate":"https:\/\/amalfrankfurt.de\/de\/?s={search_term_string}"},"query-input":{"@type":"PropertyValueSpecification","valueRequired":true,"valueName":"search_term_string"}}],"inLanguage":"de"},{"@type":"Person","@id":"https:\/\/amalfrankfurt.de\/de\/#\/schema\/person\/7d323d8582267c1d24cf87068d589ba3","name":"editor","image":{"@type":"ImageObject","inLanguage":"de","@id":"https:\/\/amalfrankfurt.de\/wp-content\/plugins\/wp-user-avatar\/deprecated\/wp-user-avatar\/images\/wpua-96x96.png","url":"https:\/\/amalfrankfurt.de\/wp-content\/plugins\/wp-user-avatar\/deprecated\/wp-user-avatar\/images\/wpua-96x96.png","contentUrl":"https:\/\/amalfrankfurt.de\/wp-content\/plugins\/wp-user-avatar\/deprecated\/wp-user-avatar\/images\/wpua-96x96.png","caption":"editor"},"url":"https:\/\/amalfrankfurt.de\/de\/author\/editortest\/"}]}},"_links":{"self":[{"href":"https:\/\/amalfrankfurt.de\/de\/wp-json\/wp\/v2\/posts\/179062","targetHints":{"allow":["GET"]}}],"collection":[{"href":"https:\/\/amalfrankfurt.de\/de\/wp-json\/wp\/v2\/posts"}],"about":[{"href":"https:\/\/amalfrankfurt.de\/de\/wp-json\/wp\/v2\/types\/post"}],"author":[{"embeddable":true,"href":"https:\/\/amalfrankfurt.de\/de\/wp-json\/wp\/v2\/users\/41"}],"replies":[{"embeddable":true,"href":"https:\/\/amalfrankfurt.de\/de\/wp-json\/wp\/v2\/comments?post=179062"}],"version-history":[{"count":1,"href":"https:\/\/amalfrankfurt.de\/de\/wp-json\/wp\/v2\/posts\/179062\/revisions"}],"predecessor-version":[{"id":179074,"href":"https:\/\/amalfrankfurt.de\/de\/wp-json\/wp\/v2\/posts\/179062\/revisions\/179074"}],"wp:featuredmedia":[{"embeddable":true,"href":"https:\/\/amalfrankfurt.de\/de\/wp-json\/wp\/v2\/media\/179069"}],"wp:attachment":[{"href":"https:\/\/amalfrankfurt.de\/de\/wp-json\/wp\/v2\/media?parent=179062"}],"wp:term":[{"taxonomy":"category","embeddable":true,"href":"https:\/\/amalfrankfurt.de\/de\/wp-json\/wp\/v2\/categories?post=179062"},{"taxonomy":"post_tag","embeddable":true,"href":"https:\/\/amalfrankfurt.de\/de\/wp-json\/wp\/v2\/tags?post=179062"}],"curies":[{"name":"wp","href":"https:\/\/api.w.org\/{rel}","templated":true}]}}