{"id":177066,"date":"2023-06-21T17:39:52","date_gmt":"2023-06-21T15:39:52","guid":{"rendered":"https:\/\/amalfrankfurt.de\/?p=177066"},"modified":"2023-06-22T12:04:27","modified_gmt":"2023-06-22T10:04:27","slug":"was-beschaeftigt-euch","status":"publish","type":"post","link":"https:\/\/amalfrankfurt.de\/de\/2023\/06\/21\/was-beschaeftigt-euch\/","title":{"rendered":"Was besch\u00e4ftigt euch?"},"content":{"rendered":"<p>Wor\u00fcber regt ihr Euch auf? Was ist das Wichtigste in eurem Leben? Was besch\u00e4ftigt euch? Diese Frage haben Souzan Nassri und Ronnie Darwish Leser:innen von Amal in Frankfurt <a href=\"https:\/\/amalfrankfurt.de\/2023\/06\/19\/%d9%85%d8%a7%d9%87%d9%8a-%d8%a3%d9%87%d9%85-%d8%a7%d9%84%d9%85%d9%88%d8%b6%d9%88%d8%b9%d8%a7%d8%aa-%d8%a7%d9%84%d8%aa%d9%8a-%d8%aa%d8%b4%d8%ba%d9%84-%d8%a7%d9%84%d8%b9%d8%b1%d8%a8-%d8%a7%d9%84%d9%85\/\">gestellt<\/a>. Der erste Schritt dieser Recherche war ein bisschen heikel: Woran erkennt man Leser:innen der arabischen Seite von Amal, Frankfurt!? &#8230; ja, genau: Die beiden liefen \u00fcber die Zeil und \u00fcberlegten, wer von den Passant:innen wohl aus einem arabischen Land kommt. Eine interessante Erfahrung, um die eigenen Clisch\u00e9s und <a href=\"https:\/\/zemigra.sachsen-anhalt.de\/infothek\/beraten-und-begleiten\/umgang-mit-vorurteilen\/vorurteile-und-diskriminierung-begriffe-und-definitionen#:~:text=Vorurteile%20sind%20Einstellungen%20gegen%C3%BCber%20Personen,typisch%20f%C3%BCr%20diese%20Personengruppe%20erachtet.\">Vorurteile<\/a> auf den Pr\u00fcfstand zu stellen. Die beiden entwickelten aber ein ganz gutes Gesp\u00fcr. Nur in einem Fall lagen sie voll daneben.<\/p>\n<h2>Wohnungsnot, B\u00fcrokratie, Karriere<\/h2>\n<p>Diese drei Themen stehen ganz oben auf der Liste der Themen, mit denen sich die arabische Community in Frankfurt besch\u00e4ftigt. Im n\u00e4chsten Schritt dieser Umfrage, befragen Souzan Nassri und Ronnie Darwish Menschen, wie sie Wohnungen suchen und mit <a href=\"https:\/\/wohnglueck.de\/artikel\/wohnung-finden-tipps-55845\">welchen Tricks<\/a> man f\u00fcndig wird. Sie sind auch verabredet mit einer Maklerin, die Gefl\u00fcchteten bei der Suche hilft.<\/p>\n<p><iframe loading=\"lazy\" title=\"\u0623\u0647\u0645 \u0627\u0644\u0645\u0648\u0636\u0648\u0639\u0627\u062a \u0627\u0644\u062a\u064a \u062a\u0634\u063a\u0644 \u0627\u0644\u0639\u0631\u0628 \u0627\u0644\u0645\u0642\u064a\u0645\u064a\u0646 \u0641\u064a \u0623\u0644\u0645\u0627\u0646\u064a\u0627\" width=\"680\" height=\"383\" src=\"https:\/\/www.youtube.com\/embed\/sqHPCVSyDQo?feature=oembed\" frameborder=\"0\" allow=\"accelerometer; autoplay; clipboard-write; encrypted-media; gyroscope; picture-in-picture; web-share\" allowfullscreen><\/iframe><\/p>\n<h2>Was besch\u00e4ftigt Euch?<\/h2>\n<p>Bitte schreiben Sie uns, was Sie besch\u00e4ftigt? Welche Themen m\u00f6chten Sie gerne bei Amal lesen? Wozu brauchen Sie Informationen? Welche Fragen sollten wir diskutieren?<\/p>\n<p>Das Motto unserer arabischen Seite ist ja: Eure Nachrichten sind unsere Nachrichten. Also, wir freuen uns \u00fcber Post!<\/p>\n<p>info (@) amalfrankfurt.de<\/p>\n<p>&nbsp;<\/p>\n","protected":false},"excerpt":{"rendered":"<p>Wor\u00fcber regt ihr Euch auf? Was ist das Wichtigste in eurem Leben? Was besch\u00e4ftigt euch? Diese Frage haben Souzan Nassri und Ronnie Darwish Leser:innen von Amal in Frankfurt gestellt. Der erste Schritt dieser Recherche war ein bisschen heikel: Woran erkennt man Leser:innen der arabischen Seite von Amal, Frankfurt!? &#8230; ja, genau: Die beiden liefen \u00fcber&#8230;  <a class=\"excerpt-read-more\" href=\"https:\/\/amalfrankfurt.de\/de\/2023\/06\/21\/was-beschaeftigt-euch\/\" title=\"Read Was besch\u00e4ftigt euch?\">Weiter &raquo;<\/a><\/p>\n","protected":false},"author":13,"featured_media":176948,"comment_status":"open","ping_status":"open","sticky":false,"template":"","format":"standard","meta":{"_acf_changed":false,"footnotes":""},"categories":[138],"tags":[2120,179],"class_list":["post-177066","post","type-post","status-publish","format-standard","has-post-thumbnail","hentry","category-nachrichten","tag-arabisch","tag-frankfurt"],"acf":[],"yoast_head":"<!-- This site is optimized with the Yoast SEO plugin v27.4 - https:\/\/yoast.com\/product\/yoast-seo-wordpress\/ -->\n<title>Was besch\u00e4ftigt euch? - Amal, Frankfurt!<\/title>\n<meta name=\"description\" content=\"Video-Umfrage: Was besch\u00e4ftigt Euch? in Frankfurt. Die wichtigsten Themen der arabischen Community. Souzan Nassri und Ronnie Darwish\" \/>\n<meta name=\"robots\" content=\"index, follow, max-snippet:-1, max-image-preview:large, max-video-preview:-1\" \/>\n<link rel=\"canonical\" href=\"https:\/\/amalfrankfurt.de\/de\/2023\/06\/21\/was-beschaeftigt-euch\/\" \/>\n<meta property=\"og:locale\" content=\"de_DE\" \/>\n<meta property=\"og:type\" content=\"article\" \/>\n<meta property=\"og:title\" content=\"Was besch\u00e4ftigt euch? - Amal, Frankfurt!\" \/>\n<meta property=\"og:description\" content=\"Video-Umfrage: Was besch\u00e4ftigt Euch? in Frankfurt. Die wichtigsten Themen der arabischen Community. Souzan Nassri und Ronnie Darwish\" \/>\n<meta property=\"og:url\" content=\"https:\/\/amalfrankfurt.de\/de\/2023\/06\/21\/was-beschaeftigt-euch\/\" \/>\n<meta property=\"og:site_name\" content=\"Amal, Frankfurt!\" \/>\n<meta property=\"article:published_time\" content=\"2023-06-21T15:39:52+00:00\" \/>\n<meta property=\"article:modified_time\" content=\"2023-06-22T10:04:27+00:00\" \/>\n<meta property=\"og:image\" content=\"https:\/\/amalfrankfurt.de\/wp-content\/uploads\/sites\/5\/2023\/06\/sqHPCVSyDQo.jpg\" \/>\n\t<meta property=\"og:image:width\" content=\"1280\" \/>\n\t<meta property=\"og:image:height\" content=\"720\" \/>\n\t<meta property=\"og:image:type\" content=\"image\/jpeg\" \/>\n<meta name=\"author\" content=\"Julia Gerlach\" \/>\n<meta name=\"twitter:card\" content=\"summary_large_image\" \/>\n<meta name=\"twitter:label1\" content=\"Verfasst von\" \/>\n\t<meta name=\"twitter:data1\" content=\"Julia Gerlach\" \/>\n\t<meta name=\"twitter:label2\" content=\"Gesch\u00e4tzte Lesezeit\" \/>\n\t<meta name=\"twitter:data2\" content=\"2\u00a0Minuten\" \/>\n<script type=\"application\/ld+json\" class=\"yoast-schema-graph\">{\"@context\":\"https:\\\/\\\/schema.org\",\"@graph\":[{\"@type\":\"Article\",\"@id\":\"https:\\\/\\\/amalfrankfurt.de\\\/de\\\/2023\\\/06\\\/21\\\/was-beschaeftigt-euch\\\/#article\",\"isPartOf\":{\"@id\":\"https:\\\/\\\/amalfrankfurt.de\\\/de\\\/2023\\\/06\\\/21\\\/was-beschaeftigt-euch\\\/\"},\"author\":{\"name\":\"Julia Gerlach\",\"@id\":\"https:\\\/\\\/amalfrankfurt.de\\\/de\\\/#\\\/schema\\\/person\\\/69d08bbfd6c317e7166f72efca0b9e05\"},\"headline\":\"Was besch\u00e4ftigt euch?\",\"datePublished\":\"2023-06-21T15:39:52+00:00\",\"dateModified\":\"2023-06-22T10:04:27+00:00\",\"mainEntityOfPage\":{\"@id\":\"https:\\\/\\\/amalfrankfurt.de\\\/de\\\/2023\\\/06\\\/21\\\/was-beschaeftigt-euch\\\/\"},\"wordCount\":230,\"commentCount\":0,\"image\":{\"@id\":\"https:\\\/\\\/amalfrankfurt.de\\\/de\\\/2023\\\/06\\\/21\\\/was-beschaeftigt-euch\\\/#primaryimage\"},\"thumbnailUrl\":\"https:\\\/\\\/amalfrankfurt.de\\\/wp-content\\\/uploads\\\/sites\\\/5\\\/2023\\\/06\\\/sqHPCVSyDQo.jpg\",\"keywords\":[\"Arabisch\",\"Frankfurt\"],\"articleSection\":[\"Beitr\u00e4ge\"],\"inLanguage\":\"de\",\"potentialAction\":[{\"@type\":\"CommentAction\",\"name\":\"Comment\",\"target\":[\"https:\\\/\\\/amalfrankfurt.de\\\/de\\\/2023\\\/06\\\/21\\\/was-beschaeftigt-euch\\\/#respond\"]}]},{\"@type\":\"WebPage\",\"@id\":\"https:\\\/\\\/amalfrankfurt.de\\\/de\\\/2023\\\/06\\\/21\\\/was-beschaeftigt-euch\\\/\",\"url\":\"https:\\\/\\\/amalfrankfurt.de\\\/de\\\/2023\\\/06\\\/21\\\/was-beschaeftigt-euch\\\/\",\"name\":\"Was besch\u00e4ftigt euch? - Amal, Frankfurt!\",\"isPartOf\":{\"@id\":\"https:\\\/\\\/amalfrankfurt.de\\\/de\\\/#website\"},\"primaryImageOfPage\":{\"@id\":\"https:\\\/\\\/amalfrankfurt.de\\\/de\\\/2023\\\/06\\\/21\\\/was-beschaeftigt-euch\\\/#primaryimage\"},\"image\":{\"@id\":\"https:\\\/\\\/amalfrankfurt.de\\\/de\\\/2023\\\/06\\\/21\\\/was-beschaeftigt-euch\\\/#primaryimage\"},\"thumbnailUrl\":\"https:\\\/\\\/amalfrankfurt.de\\\/wp-content\\\/uploads\\\/sites\\\/5\\\/2023\\\/06\\\/sqHPCVSyDQo.jpg\",\"datePublished\":\"2023-06-21T15:39:52+00:00\",\"dateModified\":\"2023-06-22T10:04:27+00:00\",\"author\":{\"@id\":\"https:\\\/\\\/amalfrankfurt.de\\\/de\\\/#\\\/schema\\\/person\\\/69d08bbfd6c317e7166f72efca0b9e05\"},\"description\":\"Video-Umfrage: Was besch\u00e4ftigt Euch? in Frankfurt. Die wichtigsten Themen der arabischen Community. Souzan Nassri und Ronnie Darwish\",\"breadcrumb\":{\"@id\":\"https:\\\/\\\/amalfrankfurt.de\\\/de\\\/2023\\\/06\\\/21\\\/was-beschaeftigt-euch\\\/#breadcrumb\"},\"inLanguage\":\"de\",\"potentialAction\":[{\"@type\":\"ReadAction\",\"target\":[\"https:\\\/\\\/amalfrankfurt.de\\\/de\\\/2023\\\/06\\\/21\\\/was-beschaeftigt-euch\\\/\"]}]},{\"@type\":\"ImageObject\",\"inLanguage\":\"de\",\"@id\":\"https:\\\/\\\/amalfrankfurt.de\\\/de\\\/2023\\\/06\\\/21\\\/was-beschaeftigt-euch\\\/#primaryimage\",\"url\":\"https:\\\/\\\/amalfrankfurt.de\\\/wp-content\\\/uploads\\\/sites\\\/5\\\/2023\\\/06\\\/sqHPCVSyDQo.jpg\",\"contentUrl\":\"https:\\\/\\\/amalfrankfurt.de\\\/wp-content\\\/uploads\\\/sites\\\/5\\\/2023\\\/06\\\/sqHPCVSyDQo.jpg\",\"width\":1280,\"height\":720},{\"@type\":\"BreadcrumbList\",\"@id\":\"https:\\\/\\\/amalfrankfurt.de\\\/de\\\/2023\\\/06\\\/21\\\/was-beschaeftigt-euch\\\/#breadcrumb\",\"itemListElement\":[{\"@type\":\"ListItem\",\"position\":1,\"name\":\"Home\",\"item\":\"https:\\\/\\\/amalfrankfurt.de\\\/de\\\/\"},{\"@type\":\"ListItem\",\"position\":2,\"name\":\"Was besch\u00e4ftigt euch?\"}]},{\"@type\":\"WebSite\",\"@id\":\"https:\\\/\\\/amalfrankfurt.de\\\/de\\\/#website\",\"url\":\"https:\\\/\\\/amalfrankfurt.de\\\/de\\\/\",\"name\":\"Amal, Frankfurt!\",\"description\":\"\",\"potentialAction\":[{\"@type\":\"SearchAction\",\"target\":{\"@type\":\"EntryPoint\",\"urlTemplate\":\"https:\\\/\\\/amalfrankfurt.de\\\/de\\\/?s={search_term_string}\"},\"query-input\":{\"@type\":\"PropertyValueSpecification\",\"valueRequired\":true,\"valueName\":\"search_term_string\"}}],\"inLanguage\":\"de\"},{\"@type\":\"Person\",\"@id\":\"https:\\\/\\\/amalfrankfurt.de\\\/de\\\/#\\\/schema\\\/person\\\/69d08bbfd6c317e7166f72efca0b9e05\",\"name\":\"Julia Gerlach\",\"image\":{\"@type\":\"ImageObject\",\"inLanguage\":\"de\",\"@id\":\"https:\\\/\\\/amalfrankfurt.de\\\/wp-content\\\/uploads\\\/sites\\\/5\\\/2023\\\/01\\\/aaaJulia-Gerlach-1-300x300-1-125x125.jpg\",\"url\":\"https:\\\/\\\/amalfrankfurt.de\\\/wp-content\\\/uploads\\\/sites\\\/5\\\/2023\\\/01\\\/aaaJulia-Gerlach-1-300x300-1-125x125.jpg\",\"contentUrl\":\"https:\\\/\\\/amalfrankfurt.de\\\/wp-content\\\/uploads\\\/sites\\\/5\\\/2023\\\/01\\\/aaaJulia-Gerlach-1-300x300-1-125x125.jpg\",\"caption\":\"Julia Gerlach\"},\"description\":\"Julia Gerlach ist Projektleiterin bei Amal, Berlin! Von 2008 bis 2015 hat sie als Korrespondentin f\u00fcr deutsche Medien aus Kairo \u00fcber die arabischen Welt berichtet. Zuvor war sie Redakteurin beim heute Journal des ZDF. Sie hat mehrere Sachb\u00fccher \u00fcber den Islam in Deutschland und den Arabischen Fr\u00fchling geschrieben.\",\"url\":\"https:\\\/\\\/amalfrankfurt.de\\\/de\\\/author\\\/julia\\\/\"}]}<\/script>\n<!-- \/ Yoast SEO plugin. -->","yoast_head_json":{"title":"Was besch\u00e4ftigt euch? - Amal, Frankfurt!","description":"Video-Umfrage: Was besch\u00e4ftigt Euch? in Frankfurt. Die wichtigsten Themen der arabischen Community. Souzan Nassri und Ronnie Darwish","robots":{"index":"index","follow":"follow","max-snippet":"max-snippet:-1","max-image-preview":"max-image-preview:large","max-video-preview":"max-video-preview:-1"},"canonical":"https:\/\/amalfrankfurt.de\/de\/2023\/06\/21\/was-beschaeftigt-euch\/","og_locale":"de_DE","og_type":"article","og_title":"Was besch\u00e4ftigt euch? - Amal, Frankfurt!","og_description":"Video-Umfrage: Was besch\u00e4ftigt Euch? in Frankfurt. Die wichtigsten Themen der arabischen Community. Souzan Nassri und Ronnie Darwish","og_url":"https:\/\/amalfrankfurt.de\/de\/2023\/06\/21\/was-beschaeftigt-euch\/","og_site_name":"Amal, Frankfurt!","article_published_time":"2023-06-21T15:39:52+00:00","article_modified_time":"2023-06-22T10:04:27+00:00","og_image":[{"width":1280,"height":720,"url":"https:\/\/amalfrankfurt.de\/wp-content\/uploads\/sites\/5\/2023\/06\/sqHPCVSyDQo.jpg","type":"image\/jpeg"}],"author":"Julia Gerlach","twitter_card":"summary_large_image","twitter_misc":{"Verfasst von":"Julia Gerlach","Gesch\u00e4tzte Lesezeit":"2\u00a0Minuten"},"schema":{"@context":"https:\/\/schema.org","@graph":[{"@type":"Article","@id":"https:\/\/amalfrankfurt.de\/de\/2023\/06\/21\/was-beschaeftigt-euch\/#article","isPartOf":{"@id":"https:\/\/amalfrankfurt.de\/de\/2023\/06\/21\/was-beschaeftigt-euch\/"},"author":{"name":"Julia Gerlach","@id":"https:\/\/amalfrankfurt.de\/de\/#\/schema\/person\/69d08bbfd6c317e7166f72efca0b9e05"},"headline":"Was besch\u00e4ftigt euch?","datePublished":"2023-06-21T15:39:52+00:00","dateModified":"2023-06-22T10:04:27+00:00","mainEntityOfPage":{"@id":"https:\/\/amalfrankfurt.de\/de\/2023\/06\/21\/was-beschaeftigt-euch\/"},"wordCount":230,"commentCount":0,"image":{"@id":"https:\/\/amalfrankfurt.de\/de\/2023\/06\/21\/was-beschaeftigt-euch\/#primaryimage"},"thumbnailUrl":"https:\/\/amalfrankfurt.de\/wp-content\/uploads\/sites\/5\/2023\/06\/sqHPCVSyDQo.jpg","keywords":["Arabisch","Frankfurt"],"articleSection":["Beitr\u00e4ge"],"inLanguage":"de","potentialAction":[{"@type":"CommentAction","name":"Comment","target":["https:\/\/amalfrankfurt.de\/de\/2023\/06\/21\/was-beschaeftigt-euch\/#respond"]}]},{"@type":"WebPage","@id":"https:\/\/amalfrankfurt.de\/de\/2023\/06\/21\/was-beschaeftigt-euch\/","url":"https:\/\/amalfrankfurt.de\/de\/2023\/06\/21\/was-beschaeftigt-euch\/","name":"Was besch\u00e4ftigt euch? - Amal, Frankfurt!","isPartOf":{"@id":"https:\/\/amalfrankfurt.de\/de\/#website"},"primaryImageOfPage":{"@id":"https:\/\/amalfrankfurt.de\/de\/2023\/06\/21\/was-beschaeftigt-euch\/#primaryimage"},"image":{"@id":"https:\/\/amalfrankfurt.de\/de\/2023\/06\/21\/was-beschaeftigt-euch\/#primaryimage"},"thumbnailUrl":"https:\/\/amalfrankfurt.de\/wp-content\/uploads\/sites\/5\/2023\/06\/sqHPCVSyDQo.jpg","datePublished":"2023-06-21T15:39:52+00:00","dateModified":"2023-06-22T10:04:27+00:00","author":{"@id":"https:\/\/amalfrankfurt.de\/de\/#\/schema\/person\/69d08bbfd6c317e7166f72efca0b9e05"},"description":"Video-Umfrage: Was besch\u00e4ftigt Euch? in Frankfurt. Die wichtigsten Themen der arabischen Community. Souzan Nassri und Ronnie Darwish","breadcrumb":{"@id":"https:\/\/amalfrankfurt.de\/de\/2023\/06\/21\/was-beschaeftigt-euch\/#breadcrumb"},"inLanguage":"de","potentialAction":[{"@type":"ReadAction","target":["https:\/\/amalfrankfurt.de\/de\/2023\/06\/21\/was-beschaeftigt-euch\/"]}]},{"@type":"ImageObject","inLanguage":"de","@id":"https:\/\/amalfrankfurt.de\/de\/2023\/06\/21\/was-beschaeftigt-euch\/#primaryimage","url":"https:\/\/amalfrankfurt.de\/wp-content\/uploads\/sites\/5\/2023\/06\/sqHPCVSyDQo.jpg","contentUrl":"https:\/\/amalfrankfurt.de\/wp-content\/uploads\/sites\/5\/2023\/06\/sqHPCVSyDQo.jpg","width":1280,"height":720},{"@type":"BreadcrumbList","@id":"https:\/\/amalfrankfurt.de\/de\/2023\/06\/21\/was-beschaeftigt-euch\/#breadcrumb","itemListElement":[{"@type":"ListItem","position":1,"name":"Home","item":"https:\/\/amalfrankfurt.de\/de\/"},{"@type":"ListItem","position":2,"name":"Was besch\u00e4ftigt euch?"}]},{"@type":"WebSite","@id":"https:\/\/amalfrankfurt.de\/de\/#website","url":"https:\/\/amalfrankfurt.de\/de\/","name":"Amal, Frankfurt!","description":"","potentialAction":[{"@type":"SearchAction","target":{"@type":"EntryPoint","urlTemplate":"https:\/\/amalfrankfurt.de\/de\/?s={search_term_string}"},"query-input":{"@type":"PropertyValueSpecification","valueRequired":true,"valueName":"search_term_string"}}],"inLanguage":"de"},{"@type":"Person","@id":"https:\/\/amalfrankfurt.de\/de\/#\/schema\/person\/69d08bbfd6c317e7166f72efca0b9e05","name":"Julia Gerlach","image":{"@type":"ImageObject","inLanguage":"de","@id":"https:\/\/amalfrankfurt.de\/wp-content\/uploads\/sites\/5\/2023\/01\/aaaJulia-Gerlach-1-300x300-1-125x125.jpg","url":"https:\/\/amalfrankfurt.de\/wp-content\/uploads\/sites\/5\/2023\/01\/aaaJulia-Gerlach-1-300x300-1-125x125.jpg","contentUrl":"https:\/\/amalfrankfurt.de\/wp-content\/uploads\/sites\/5\/2023\/01\/aaaJulia-Gerlach-1-300x300-1-125x125.jpg","caption":"Julia Gerlach"},"description":"Julia Gerlach ist Projektleiterin bei Amal, Berlin! Von 2008 bis 2015 hat sie als Korrespondentin f\u00fcr deutsche Medien aus Kairo \u00fcber die arabischen Welt berichtet. Zuvor war sie Redakteurin beim heute Journal des ZDF. Sie hat mehrere Sachb\u00fccher \u00fcber den Islam in Deutschland und den Arabischen Fr\u00fchling geschrieben.","url":"https:\/\/amalfrankfurt.de\/de\/author\/julia\/"}]}},"_links":{"self":[{"href":"https:\/\/amalfrankfurt.de\/de\/wp-json\/wp\/v2\/posts\/177066","targetHints":{"allow":["GET"]}}],"collection":[{"href":"https:\/\/amalfrankfurt.de\/de\/wp-json\/wp\/v2\/posts"}],"about":[{"href":"https:\/\/amalfrankfurt.de\/de\/wp-json\/wp\/v2\/types\/post"}],"author":[{"embeddable":true,"href":"https:\/\/amalfrankfurt.de\/de\/wp-json\/wp\/v2\/users\/13"}],"replies":[{"embeddable":true,"href":"https:\/\/amalfrankfurt.de\/de\/wp-json\/wp\/v2\/comments?post=177066"}],"version-history":[{"count":1,"href":"https:\/\/amalfrankfurt.de\/de\/wp-json\/wp\/v2\/posts\/177066\/revisions"}],"predecessor-version":[{"id":177072,"href":"https:\/\/amalfrankfurt.de\/de\/wp-json\/wp\/v2\/posts\/177066\/revisions\/177072"}],"wp:featuredmedia":[{"embeddable":true,"href":"https:\/\/amalfrankfurt.de\/de\/wp-json\/wp\/v2\/media\/176948"}],"wp:attachment":[{"href":"https:\/\/amalfrankfurt.de\/de\/wp-json\/wp\/v2\/media?parent=177066"}],"wp:term":[{"taxonomy":"category","embeddable":true,"href":"https:\/\/amalfrankfurt.de\/de\/wp-json\/wp\/v2\/categories?post=177066"},{"taxonomy":"post_tag","embeddable":true,"href":"https:\/\/amalfrankfurt.de\/de\/wp-json\/wp\/v2\/tags?post=177066"}],"curies":[{"name":"wp","href":"https:\/\/api.w.org\/{rel}","templated":true}]}}