{"id":174860,"date":"2023-05-14T13:21:06","date_gmt":"2023-05-14T11:21:06","guid":{"rendered":"https:\/\/amalfrankfurt.de\/?p=174860"},"modified":"2023-05-17T18:03:10","modified_gmt":"2023-05-17T16:03:10","slug":"warum-ukrainerinnen-blumen-fotografieren","status":"publish","type":"post","link":"https:\/\/amalfrankfurt.de\/de\/2023\/05\/14\/warum-ukrainerinnen-blumen-fotografieren\/","title":{"rendered":"Warum fotografieren Ukrainerinnen so viele Blumen?"},"content":{"rendered":"<table class=\"yiv2423769653mcnTextBlock\" border=\"0\" width=\"100%\" cellspacing=\"0\" cellpadding=\"0\">\n<tbody class=\"yiv2423769653mcnTextBlockOuter\">\n<tr>\n<td class=\"yiv2423769653mcnTextBlockInner\" valign=\"top\">\n<table class=\"yiv2423769653mcnTextContentContainer\" border=\"0\" width=\"100%\" cellspacing=\"0\" cellpadding=\"0\" align=\"left\">\n<tbody>\n<tr>\n<td class=\"yiv2423769653mcnTextContent\" valign=\"top\">unsere ukrainische Kollegin Olena Iskorostenska hat ihren Handyspeicher aufger\u00e4umt und ist dabei noch einmal ganz zur\u00fcckgegangen: Ihre ersten Fotos, die sie nach ihrer Ankunft gemacht hat, sind im Palmengarten in Frankfurt entstanden. Blumen, Blumen, Blumen. Auch ansonsten ist ihre Fotogalerie seit Februar 2022 voller Bl\u00fcten, Bl\u00e4tter und Knospen. Erstaunlich, oder? Da ist eine Journalistin aus der Ukraine vor Bomben und Krieg geflohen und hat nichts anderes zu tun, als Blumen zu fotografieren. Olena Iskoronstenska fragt ihre Freundinnen und Bekannte und stellt fest: Auch sie haben sich im vergangenen Jahr zu Blumenfotografinnen entwickelt. Oder, um genau zu sein: Viele haben schon in Kiew und Lwiw und in ihren anderen Heimatorten Blumen aufgenommen, aber im deutschen Exil ist dies zu einer wahren Leidenschaft geworden. Warum? Die Psychologin Kateryna Fainina erkl\u00e4rt dies mit der besonderen psychischen Lage der Frauen: &#8222;Blumen stehen f\u00fcr Sch\u00f6nheit und Leben. In den Zeiten des Krieges brauchen wir etwas, um unsere Gedanken auf etwas Positives zu lenken&#8220;, sagt sie im Interview. Zudem stehen bl\u00fchende Pflanzen daf\u00fcr, dass man sein Leben nicht vergeuden darf. &#8222;Blumen bl\u00fchen auf, erfreuen die Menschen mit ihrer Sch\u00f6nheit und ihrem \u00dcberfluss, dann verwelken sie wieder&#8220;, sagt sie. Die Menschen w\u00fcrden so daran erinnert, dass es gilt, den Moment zu leben und das Beste daraus zu machen, statt Pl\u00e4ne auf sp\u00e4ter zu verschieben. Vielleicht passt genau dies zum Lebensmotto vieler ukrainischer Frauen, die derzeit in Deutschland leben.<\/p>\n<p><img loading=\"lazy\" decoding=\"async\" src=\"https:\/\/ecp.yusercontent.com\/mail?url=https%3A%2F%2Fmcusercontent.com%2F25b910bd41bcfa802c85dd54f%2Fimages%2F22eba0c7-a9c7-9f37-65bd-46448414e977.jpeg&amp;t=1684338545&amp;ymreqid=7b487ecc-e939-618c-1c56-970003018700&amp;sig=cOIKNKAgyYqNDBwQyD1Tyg--~D\" width=\"45\" height=\"45\" align=\"left\" \/><br \/>\n<a href=\"https:\/\/amalberlin.us16.list-manage.com\/track\/click?u=25b910bd41bcfa802c85dd54f&amp;id=6751690ff4&amp;e=37602a5c97\" target=\"_blank\" rel=\"nofollow noopener noreferrer\">Hier <\/a>geht es zum Artikel auf Ukrainisch.<\/td>\n<\/tr>\n<\/tbody>\n<\/table>\n<\/td>\n<\/tr>\n<\/tbody>\n<\/table>\n<table class=\"yiv2423769653mcnImageBlock\" border=\"0\" width=\"100%\" cellspacing=\"0\" cellpadding=\"0\">\n<tbody class=\"yiv2423769653mcnImageBlockOuter\">\n<tr>\n<td class=\"yiv2423769653mcnImageBlockInner\" valign=\"top\">\n<table class=\"yiv2423769653mcnImageContentContainer\" border=\"0\" width=\"100%\" cellspacing=\"0\" cellpadding=\"0\" align=\"left\">\n<tbody>\n<tr>\n<td class=\"yiv2423769653mcnImageContent\" valign=\"top\"><img decoding=\"async\" class=\"yiv2423769653mcnImage\" src=\"https:\/\/ecp.yusercontent.com\/mail?url=https%3A%2F%2Fmcusercontent.com%2F25b910bd41bcfa802c85dd54f%2Fimages%2Fe4780abe-412a-7c41-21f4-3606115a80fc.jpg&amp;t=1684338545&amp;ymreqid=7b487ecc-e939-618c-1c56-970003018700&amp;sig=mY60OtcZIntID.Z3FW4zgQ--~D\" alt=\"\" width=\"564\" align=\"middle\" \/><\/td>\n<\/tr>\n<\/tbody>\n<\/table>\n<\/td>\n<\/tr>\n<\/tbody>\n<\/table>\n<table class=\"yiv2423769653mcnTextBlock\" border=\"0\" width=\"100%\" cellspacing=\"0\" cellpadding=\"0\">\n<tbody class=\"yiv2423769653mcnTextBlockOuter\">\n<tr>\n<td class=\"yiv2423769653mcnTextBlockInner\" valign=\"top\">\n<table class=\"yiv2423769653mcnTextContentContainer\" border=\"0\" width=\"100%\" cellspacing=\"0\" cellpadding=\"0\" align=\"left\">\n<tbody>\n<tr>\n<td class=\"yiv2423769653mcnTextContent\" valign=\"top\">\n<h2 class=\"yiv2423769653null\">Soweit weg wie m\u00f6glich!<\/h2>\n<p>Nicht nur bei unseren ukrainischen Leser:innen, auch in den anderen Communities beobachten wir derzeit diesen Trend, den Augenblick zu genie\u00dfen. Schuld daran ist neben der allgemeinen Stimmung nat\u00fcrlich das 49 Euro-Ticket. Unser Reporter Parwiz Rahimi wollte es ausreizen und hat seinen Urlaub in<a href=\"https:\/\/www.rerik.de\/\"> Rerik<\/a> an der Ostsee verbracht.<\/p>\n<p>Hier beschreibt er seine Erlebnisse als \u00fcberzeugter Mainhattener im deutschen Ostsee-Urlaubs-Gl\u00fcck.<\/p>\n<p>Das Wetter ist kalt und der Regen horizontal? Egal! Die Landschaft noch winterkarg und die Menschen eher verschlossen? Auch egal! Hauptsache Urlaub und Hauptsache Abenteuer.<\/td>\n<\/tr>\n<\/tbody>\n<\/table>\n<\/td>\n<\/tr>\n<\/tbody>\n<\/table>\n<table class=\"yiv2423769653mcnImageBlock\" border=\"0\" width=\"100%\" cellspacing=\"0\" cellpadding=\"0\">\n<tbody class=\"yiv2423769653mcnImageBlockOuter\">\n<tr>\n<td class=\"yiv2423769653mcnImageBlockInner\" valign=\"top\">\n<table class=\"yiv2423769653mcnImageContentContainer\" border=\"0\" width=\"100%\" cellspacing=\"0\" cellpadding=\"0\" align=\"left\">\n<tbody>\n<tr>\n<td class=\"yiv2423769653mcnImageContent\" valign=\"top\"><img decoding=\"async\" class=\"yiv2423769653mcnImage aligncenter\" src=\"https:\/\/ecp.yusercontent.com\/mail?url=https%3A%2F%2Fmcusercontent.com%2F25b910bd41bcfa802c85dd54f%2Fimages%2F17f7f131-b181-4077-591e-960de5e7edff.jpg&amp;t=1684338545&amp;ymreqid=7b487ecc-e939-618c-1c56-970003018700&amp;sig=8gIzbAQSJ5NApSAt_Ph5jg--~D\" alt=\"\" width=\"564\" align=\"middle\" \/><\/td>\n<\/tr>\n<\/tbody>\n<\/table>\n<\/td>\n<\/tr>\n<\/tbody>\n<\/table>\n<table class=\"yiv2423769653mcnTextBlock\" border=\"0\" width=\"100%\" cellspacing=\"0\" cellpadding=\"0\">\n<tbody class=\"yiv2423769653mcnTextBlockOuter\">\n<tr>\n<td class=\"yiv2423769653mcnTextBlockInner\" valign=\"top\">\n<table class=\"yiv2423769653mcnTextContentContainer\" border=\"0\" width=\"100%\" cellspacing=\"0\" cellpadding=\"0\" align=\"left\">\n<tbody>\n<tr>\n<td class=\"yiv2423769653mcnTextContent\" valign=\"top\">\n<h2 class=\"yiv2423769653null\">Reisen mit Rollstuhl: Mehr als Abenteuer<\/h2>\n<p>Unsere Kollegin Samah Shaghdari sitzt im Rollstuhl und z\u00e4hlt zu den bekanntesten Aktivist:innen, die sich f\u00fcr mehr Rechte von Gefl\u00fcchteten mit Behinderung einsetzen. In ihrem Artikel beschreibt sie aus eigener Erfahrung und sehr plastisch, wie schwierig es ist, in ihrer Situation mobil zu sein. Wie oft kam sie heillos zu sp\u00e4t, weil der Fahrstuhl im Bahnhof defekt war. Wie oft war ihr dies so peinlich, weil sie wei\u00df, wie empfindlich in Deutschland viele auf Unp\u00fcnktlichkeit reagieren, dass sie den Termin dann lieber kurzfristig absagte? Wie viel \u00dcberwindung kostet es sie manchmal, Passant:innen anzusprechen, ihren schweren Rollstuhl anzuheben, um ihr \u00fcber eine Schwelle zu helfen? Zugleich geh\u00f6rt Samah Shaghdari zu den Menschen, die diese vielen Hindernisse in Kauf nehmen. Denn &#8211; wie sagte die ukrainische Psychologin: Das Leben ist zu kurz, um es aufzuschieben.<\/p>\n<h2 class=\"yiv2423769653null\">Wir lassen es nicht zu, dass ihr uns vergesst!<\/h2>\n<p>Saeed Maysara von der Organisation Ombaya e.V. lebt schon lange in Deutschland und beobachtet von hier die Lage in seinem Heimatland Sudan. Im Interview mit Amloud Alamir beschreibt er, was er f\u00fcr die Ursache des aktuellen Konfliktes im Sudan h\u00e4lt. Besonders interessant: Er beschreibt, wie die miti\u00e4risch-islamistischen Regime der Vergangenheit alles daran gesetzt haben, dass Sudan nicht auf dem Schirm der Welt\u00f6ffentlichkeit erscheint und sie so in Ruhe machen k\u00f6nnen, was sie f\u00fcr richtig halten. Hier geht es zum Interview mit deutschen Untertiteln.<\/td>\n<\/tr>\n<\/tbody>\n<\/table>\n<\/td>\n<\/tr>\n<\/tbody>\n<\/table>\n<table class=\"yiv2423769653mcnImageCardBlock\" border=\"0\" width=\"100%\" cellspacing=\"0\" cellpadding=\"0\">\n<tbody class=\"yiv2423769653mcnImageCardBlockOuter\">\n<tr>\n<td class=\"yiv2423769653mcnImageCardBlockInner\" valign=\"top\">\n<table class=\"yiv2423769653mcnImageCardBottomContent\" border=\"0\" width=\"100%\" cellspacing=\"0\" cellpadding=\"0\" align=\"right\">\n<tbody>\n<tr>\n<td class=\"yiv2423769653mcnImageCardBottomImageContent\" align=\"left\" valign=\"top\"><a class=\"yiv2423769653\" title=\"\" href=\"https:\/\/amalberlin.us16.list-manage.com\/track\/click?u=25b910bd41bcfa802c85dd54f&amp;id=a320eda4fa&amp;e=37602a5c97\" target=\"_blank\" rel=\"nofollow noopener noreferrer\"> <img decoding=\"async\" class=\"yiv2423769653mcnImage aligncenter\" src=\"https:\/\/ecp.yusercontent.com\/mail?url=https%3A%2F%2Fmcusercontent.com%2F25b910bd41bcfa802c85dd54f%2Fvideo_thumbnails_new%2F9a9dd7646cca4a3dcba35d864c460c68.png&amp;t=1684338545&amp;ymreqid=7b487ecc-e939-618c-1c56-970003018700&amp;sig=az.lUvMGUSlyQbVmO6KgWw--~D\" alt=\"\" width=\"564\" \/> <\/a><\/td>\n<\/tr>\n<tr>\n<td class=\"yiv2423769653mcnTextContent\" valign=\"top\" width=\"546\">Video Amloud Alamir<\/td>\n<\/tr>\n<\/tbody>\n<\/table>\n<\/td>\n<\/tr>\n<\/tbody>\n<\/table>\n<table class=\"yiv2423769653mcnTextBlock\" border=\"0\" width=\"100%\" cellspacing=\"0\" cellpadding=\"0\">\n<tbody class=\"yiv2423769653mcnTextBlockOuter\">\n<tr>\n<td class=\"yiv2423769653mcnTextBlockInner\" valign=\"top\">\n<table class=\"yiv2423769653mcnTextContentContainer\" border=\"0\" width=\"100%\" cellspacing=\"0\" cellpadding=\"0\" align=\"left\">\n<tbody>\n<tr>\n<td class=\"yiv2423769653mcnTextContent\" valign=\"top\">Bilder: Amal<\/p>\n<p><strong>Amal berichtet auf Arabisch, Farsi\/Dari und Ukrainisch \u00fcber alles, was in Berlin, Hamburg und Frankfurt am Main wichtig ist. Gerne \u00fcbersetzen wir einzelne Artikel auch ins Deutsche und stellen sie Redaktionen gegen Honorar zur Verf\u00fcgung.<\/strong><br \/>\nBitte wenden Sie sich per Mail an:<br \/>\n<strong>info(at)amalberlin.de<\/strong><\/td>\n<\/tr>\n<\/tbody>\n<\/table>\n<\/td>\n<\/tr>\n<\/tbody>\n<\/table>\n","protected":false},"excerpt":{"rendered":"<p>unsere ukrainische Kollegin Olena Iskorostenska hat ihren Handyspeicher aufger\u00e4umt und ist dabei noch einmal ganz zur\u00fcckgegangen: Ihre ersten Fotos, die sie nach ihrer Ankunft gemacht hat, sind im Palmengarten in Frankfurt entstanden. Blumen, Blumen, Blumen. Auch ansonsten ist ihre Fotogalerie seit Februar 2022 voller Bl\u00fcten, Bl\u00e4tter und Knospen. Erstaunlich, oder? Da ist eine Journalistin aus&#8230;  <a class=\"excerpt-read-more\" href=\"https:\/\/amalfrankfurt.de\/de\/2023\/05\/14\/warum-ukrainerinnen-blumen-fotografieren\/\" title=\"Read Warum fotografieren Ukrainerinnen so viele Blumen?\">Weiter &raquo;<\/a><\/p>\n","protected":false},"author":13,"featured_media":174760,"comment_status":"open","ping_status":"open","sticky":false,"template":"","format":"standard","meta":{"_acf_changed":false,"footnotes":""},"categories":[26],"tags":[1782,1783,46],"class_list":["post-174860","post","type-post","status-publish","format-standard","has-post-thumbnail","hentry","category-themen-diese-woche","tag-blumen","tag-psychologie","tag-ukraine"],"acf":[],"yoast_head":"<!-- This site is optimized with the Yoast SEO plugin v27.4 - https:\/\/yoast.com\/product\/yoast-seo-wordpress\/ -->\n<title>Warum fotografieren Ukrainerinnen so viele Blumen? - Amal, Frankfurt!<\/title>\n<meta name=\"description\" content=\"Amal-Themen diese Woche: Ukrainerinnen fotografieren Blumen. Warum? Viele Ausflugstipps f\u00fcr unsere Zielgruppe\" \/>\n<meta name=\"robots\" content=\"index, follow, max-snippet:-1, max-image-preview:large, max-video-preview:-1\" \/>\n<link rel=\"canonical\" href=\"https:\/\/amalfrankfurt.de\/de\/2023\/05\/14\/warum-ukrainerinnen-blumen-fotografieren\/\" \/>\n<meta property=\"og:locale\" content=\"de_DE\" \/>\n<meta property=\"og:type\" content=\"article\" \/>\n<meta property=\"og:title\" content=\"Warum fotografieren Ukrainerinnen so viele Blumen? - Amal, Frankfurt!\" \/>\n<meta property=\"og:description\" content=\"Amal-Themen diese Woche: Ukrainerinnen fotografieren Blumen. Warum? Viele Ausflugstipps f\u00fcr unsere Zielgruppe\" \/>\n<meta property=\"og:url\" content=\"https:\/\/amalfrankfurt.de\/de\/2023\/05\/14\/warum-ukrainerinnen-blumen-fotografieren\/\" \/>\n<meta property=\"og:site_name\" content=\"Amal, Frankfurt!\" \/>\n<meta property=\"article:published_time\" content=\"2023-05-14T11:21:06+00:00\" \/>\n<meta property=\"article:modified_time\" content=\"2023-05-17T16:03:10+00:00\" \/>\n<meta property=\"og:image\" content=\"https:\/\/amalfrankfurt.de\/wp-content\/uploads\/sites\/5\/2023\/05\/IMG_3631-2-Large.jpeg\" \/>\n\t<meta property=\"og:image:width\" content=\"1280\" \/>\n\t<meta property=\"og:image:height\" content=\"960\" \/>\n\t<meta property=\"og:image:type\" content=\"image\/jpeg\" \/>\n<meta name=\"author\" content=\"Julia Gerlach\" \/>\n<meta name=\"twitter:card\" content=\"summary_large_image\" \/>\n<meta name=\"twitter:label1\" content=\"Verfasst von\" \/>\n\t<meta name=\"twitter:data1\" content=\"Julia Gerlach\" \/>\n\t<meta name=\"twitter:label2\" content=\"Gesch\u00e4tzte Lesezeit\" \/>\n\t<meta name=\"twitter:data2\" content=\"5\u00a0Minuten\" \/>\n<script type=\"application\/ld+json\" class=\"yoast-schema-graph\">{\"@context\":\"https:\\\/\\\/schema.org\",\"@graph\":[{\"@type\":\"Article\",\"@id\":\"https:\\\/\\\/amalfrankfurt.de\\\/de\\\/2023\\\/05\\\/14\\\/warum-ukrainerinnen-blumen-fotografieren\\\/#article\",\"isPartOf\":{\"@id\":\"https:\\\/\\\/amalfrankfurt.de\\\/de\\\/2023\\\/05\\\/14\\\/warum-ukrainerinnen-blumen-fotografieren\\\/\"},\"author\":{\"name\":\"Julia Gerlach\",\"@id\":\"https:\\\/\\\/amalfrankfurt.de\\\/de\\\/#\\\/schema\\\/person\\\/69d08bbfd6c317e7166f72efca0b9e05\"},\"headline\":\"Warum fotografieren Ukrainerinnen so viele Blumen?\",\"datePublished\":\"2023-05-14T11:21:06+00:00\",\"dateModified\":\"2023-05-17T16:03:10+00:00\",\"mainEntityOfPage\":{\"@id\":\"https:\\\/\\\/amalfrankfurt.de\\\/de\\\/2023\\\/05\\\/14\\\/warum-ukrainerinnen-blumen-fotografieren\\\/\"},\"wordCount\":648,\"commentCount\":0,\"image\":{\"@id\":\"https:\\\/\\\/amalfrankfurt.de\\\/de\\\/2023\\\/05\\\/14\\\/warum-ukrainerinnen-blumen-fotografieren\\\/#primaryimage\"},\"thumbnailUrl\":\"https:\\\/\\\/amalfrankfurt.de\\\/wp-content\\\/uploads\\\/sites\\\/5\\\/2023\\\/05\\\/IMG_3631-2-Large.jpeg\",\"keywords\":[\"Blumen\",\"Psychologie\",\"Ukraine\"],\"articleSection\":[\"Themen diese Woche\"],\"inLanguage\":\"de\",\"potentialAction\":[{\"@type\":\"CommentAction\",\"name\":\"Comment\",\"target\":[\"https:\\\/\\\/amalfrankfurt.de\\\/de\\\/2023\\\/05\\\/14\\\/warum-ukrainerinnen-blumen-fotografieren\\\/#respond\"]}]},{\"@type\":\"WebPage\",\"@id\":\"https:\\\/\\\/amalfrankfurt.de\\\/de\\\/2023\\\/05\\\/14\\\/warum-ukrainerinnen-blumen-fotografieren\\\/\",\"url\":\"https:\\\/\\\/amalfrankfurt.de\\\/de\\\/2023\\\/05\\\/14\\\/warum-ukrainerinnen-blumen-fotografieren\\\/\",\"name\":\"Warum fotografieren Ukrainerinnen so viele Blumen? - Amal, Frankfurt!\",\"isPartOf\":{\"@id\":\"https:\\\/\\\/amalfrankfurt.de\\\/de\\\/#website\"},\"primaryImageOfPage\":{\"@id\":\"https:\\\/\\\/amalfrankfurt.de\\\/de\\\/2023\\\/05\\\/14\\\/warum-ukrainerinnen-blumen-fotografieren\\\/#primaryimage\"},\"image\":{\"@id\":\"https:\\\/\\\/amalfrankfurt.de\\\/de\\\/2023\\\/05\\\/14\\\/warum-ukrainerinnen-blumen-fotografieren\\\/#primaryimage\"},\"thumbnailUrl\":\"https:\\\/\\\/amalfrankfurt.de\\\/wp-content\\\/uploads\\\/sites\\\/5\\\/2023\\\/05\\\/IMG_3631-2-Large.jpeg\",\"datePublished\":\"2023-05-14T11:21:06+00:00\",\"dateModified\":\"2023-05-17T16:03:10+00:00\",\"author\":{\"@id\":\"https:\\\/\\\/amalfrankfurt.de\\\/de\\\/#\\\/schema\\\/person\\\/69d08bbfd6c317e7166f72efca0b9e05\"},\"description\":\"Amal-Themen diese Woche: Ukrainerinnen fotografieren Blumen. Warum? Viele Ausflugstipps f\u00fcr unsere Zielgruppe\",\"breadcrumb\":{\"@id\":\"https:\\\/\\\/amalfrankfurt.de\\\/de\\\/2023\\\/05\\\/14\\\/warum-ukrainerinnen-blumen-fotografieren\\\/#breadcrumb\"},\"inLanguage\":\"de\",\"potentialAction\":[{\"@type\":\"ReadAction\",\"target\":[\"https:\\\/\\\/amalfrankfurt.de\\\/de\\\/2023\\\/05\\\/14\\\/warum-ukrainerinnen-blumen-fotografieren\\\/\"]}]},{\"@type\":\"ImageObject\",\"inLanguage\":\"de\",\"@id\":\"https:\\\/\\\/amalfrankfurt.de\\\/de\\\/2023\\\/05\\\/14\\\/warum-ukrainerinnen-blumen-fotografieren\\\/#primaryimage\",\"url\":\"https:\\\/\\\/amalfrankfurt.de\\\/wp-content\\\/uploads\\\/sites\\\/5\\\/2023\\\/05\\\/IMG_3631-2-Large.jpeg\",\"contentUrl\":\"https:\\\/\\\/amalfrankfurt.de\\\/wp-content\\\/uploads\\\/sites\\\/5\\\/2023\\\/05\\\/IMG_3631-2-Large.jpeg\",\"width\":1280,\"height\":960},{\"@type\":\"BreadcrumbList\",\"@id\":\"https:\\\/\\\/amalfrankfurt.de\\\/de\\\/2023\\\/05\\\/14\\\/warum-ukrainerinnen-blumen-fotografieren\\\/#breadcrumb\",\"itemListElement\":[{\"@type\":\"ListItem\",\"position\":1,\"name\":\"Home\",\"item\":\"https:\\\/\\\/amalfrankfurt.de\\\/de\\\/\"},{\"@type\":\"ListItem\",\"position\":2,\"name\":\"Warum fotografieren Ukrainerinnen so viele Blumen?\"}]},{\"@type\":\"WebSite\",\"@id\":\"https:\\\/\\\/amalfrankfurt.de\\\/de\\\/#website\",\"url\":\"https:\\\/\\\/amalfrankfurt.de\\\/de\\\/\",\"name\":\"Amal, Frankfurt!\",\"description\":\"\",\"potentialAction\":[{\"@type\":\"SearchAction\",\"target\":{\"@type\":\"EntryPoint\",\"urlTemplate\":\"https:\\\/\\\/amalfrankfurt.de\\\/de\\\/?s={search_term_string}\"},\"query-input\":{\"@type\":\"PropertyValueSpecification\",\"valueRequired\":true,\"valueName\":\"search_term_string\"}}],\"inLanguage\":\"de\"},{\"@type\":\"Person\",\"@id\":\"https:\\\/\\\/amalfrankfurt.de\\\/de\\\/#\\\/schema\\\/person\\\/69d08bbfd6c317e7166f72efca0b9e05\",\"name\":\"Julia Gerlach\",\"image\":{\"@type\":\"ImageObject\",\"inLanguage\":\"de\",\"@id\":\"https:\\\/\\\/amalfrankfurt.de\\\/wp-content\\\/uploads\\\/sites\\\/5\\\/2023\\\/01\\\/aaaJulia-Gerlach-1-300x300-1-125x125.jpg\",\"url\":\"https:\\\/\\\/amalfrankfurt.de\\\/wp-content\\\/uploads\\\/sites\\\/5\\\/2023\\\/01\\\/aaaJulia-Gerlach-1-300x300-1-125x125.jpg\",\"contentUrl\":\"https:\\\/\\\/amalfrankfurt.de\\\/wp-content\\\/uploads\\\/sites\\\/5\\\/2023\\\/01\\\/aaaJulia-Gerlach-1-300x300-1-125x125.jpg\",\"caption\":\"Julia Gerlach\"},\"description\":\"Julia Gerlach ist Projektleiterin bei Amal, Berlin! Von 2008 bis 2015 hat sie als Korrespondentin f\u00fcr deutsche Medien aus Kairo \u00fcber die arabischen Welt berichtet. Zuvor war sie Redakteurin beim heute Journal des ZDF. Sie hat mehrere Sachb\u00fccher \u00fcber den Islam in Deutschland und den Arabischen Fr\u00fchling geschrieben.\",\"url\":\"https:\\\/\\\/amalfrankfurt.de\\\/de\\\/author\\\/julia\\\/\"}]}<\/script>\n<!-- \/ Yoast SEO plugin. -->","yoast_head_json":{"title":"Warum fotografieren Ukrainerinnen so viele Blumen? - Amal, Frankfurt!","description":"Amal-Themen diese Woche: Ukrainerinnen fotografieren Blumen. Warum? Viele Ausflugstipps f\u00fcr unsere Zielgruppe","robots":{"index":"index","follow":"follow","max-snippet":"max-snippet:-1","max-image-preview":"max-image-preview:large","max-video-preview":"max-video-preview:-1"},"canonical":"https:\/\/amalfrankfurt.de\/de\/2023\/05\/14\/warum-ukrainerinnen-blumen-fotografieren\/","og_locale":"de_DE","og_type":"article","og_title":"Warum fotografieren Ukrainerinnen so viele Blumen? - Amal, Frankfurt!","og_description":"Amal-Themen diese Woche: Ukrainerinnen fotografieren Blumen. Warum? Viele Ausflugstipps f\u00fcr unsere Zielgruppe","og_url":"https:\/\/amalfrankfurt.de\/de\/2023\/05\/14\/warum-ukrainerinnen-blumen-fotografieren\/","og_site_name":"Amal, Frankfurt!","article_published_time":"2023-05-14T11:21:06+00:00","article_modified_time":"2023-05-17T16:03:10+00:00","og_image":[{"width":1280,"height":960,"url":"https:\/\/amalfrankfurt.de\/wp-content\/uploads\/sites\/5\/2023\/05\/IMG_3631-2-Large.jpeg","type":"image\/jpeg"}],"author":"Julia Gerlach","twitter_card":"summary_large_image","twitter_misc":{"Verfasst von":"Julia Gerlach","Gesch\u00e4tzte Lesezeit":"5\u00a0Minuten"},"schema":{"@context":"https:\/\/schema.org","@graph":[{"@type":"Article","@id":"https:\/\/amalfrankfurt.de\/de\/2023\/05\/14\/warum-ukrainerinnen-blumen-fotografieren\/#article","isPartOf":{"@id":"https:\/\/amalfrankfurt.de\/de\/2023\/05\/14\/warum-ukrainerinnen-blumen-fotografieren\/"},"author":{"name":"Julia Gerlach","@id":"https:\/\/amalfrankfurt.de\/de\/#\/schema\/person\/69d08bbfd6c317e7166f72efca0b9e05"},"headline":"Warum fotografieren Ukrainerinnen so viele Blumen?","datePublished":"2023-05-14T11:21:06+00:00","dateModified":"2023-05-17T16:03:10+00:00","mainEntityOfPage":{"@id":"https:\/\/amalfrankfurt.de\/de\/2023\/05\/14\/warum-ukrainerinnen-blumen-fotografieren\/"},"wordCount":648,"commentCount":0,"image":{"@id":"https:\/\/amalfrankfurt.de\/de\/2023\/05\/14\/warum-ukrainerinnen-blumen-fotografieren\/#primaryimage"},"thumbnailUrl":"https:\/\/amalfrankfurt.de\/wp-content\/uploads\/sites\/5\/2023\/05\/IMG_3631-2-Large.jpeg","keywords":["Blumen","Psychologie","Ukraine"],"articleSection":["Themen diese Woche"],"inLanguage":"de","potentialAction":[{"@type":"CommentAction","name":"Comment","target":["https:\/\/amalfrankfurt.de\/de\/2023\/05\/14\/warum-ukrainerinnen-blumen-fotografieren\/#respond"]}]},{"@type":"WebPage","@id":"https:\/\/amalfrankfurt.de\/de\/2023\/05\/14\/warum-ukrainerinnen-blumen-fotografieren\/","url":"https:\/\/amalfrankfurt.de\/de\/2023\/05\/14\/warum-ukrainerinnen-blumen-fotografieren\/","name":"Warum fotografieren Ukrainerinnen so viele Blumen? - Amal, Frankfurt!","isPartOf":{"@id":"https:\/\/amalfrankfurt.de\/de\/#website"},"primaryImageOfPage":{"@id":"https:\/\/amalfrankfurt.de\/de\/2023\/05\/14\/warum-ukrainerinnen-blumen-fotografieren\/#primaryimage"},"image":{"@id":"https:\/\/amalfrankfurt.de\/de\/2023\/05\/14\/warum-ukrainerinnen-blumen-fotografieren\/#primaryimage"},"thumbnailUrl":"https:\/\/amalfrankfurt.de\/wp-content\/uploads\/sites\/5\/2023\/05\/IMG_3631-2-Large.jpeg","datePublished":"2023-05-14T11:21:06+00:00","dateModified":"2023-05-17T16:03:10+00:00","author":{"@id":"https:\/\/amalfrankfurt.de\/de\/#\/schema\/person\/69d08bbfd6c317e7166f72efca0b9e05"},"description":"Amal-Themen diese Woche: Ukrainerinnen fotografieren Blumen. Warum? Viele Ausflugstipps f\u00fcr unsere Zielgruppe","breadcrumb":{"@id":"https:\/\/amalfrankfurt.de\/de\/2023\/05\/14\/warum-ukrainerinnen-blumen-fotografieren\/#breadcrumb"},"inLanguage":"de","potentialAction":[{"@type":"ReadAction","target":["https:\/\/amalfrankfurt.de\/de\/2023\/05\/14\/warum-ukrainerinnen-blumen-fotografieren\/"]}]},{"@type":"ImageObject","inLanguage":"de","@id":"https:\/\/amalfrankfurt.de\/de\/2023\/05\/14\/warum-ukrainerinnen-blumen-fotografieren\/#primaryimage","url":"https:\/\/amalfrankfurt.de\/wp-content\/uploads\/sites\/5\/2023\/05\/IMG_3631-2-Large.jpeg","contentUrl":"https:\/\/amalfrankfurt.de\/wp-content\/uploads\/sites\/5\/2023\/05\/IMG_3631-2-Large.jpeg","width":1280,"height":960},{"@type":"BreadcrumbList","@id":"https:\/\/amalfrankfurt.de\/de\/2023\/05\/14\/warum-ukrainerinnen-blumen-fotografieren\/#breadcrumb","itemListElement":[{"@type":"ListItem","position":1,"name":"Home","item":"https:\/\/amalfrankfurt.de\/de\/"},{"@type":"ListItem","position":2,"name":"Warum fotografieren Ukrainerinnen so viele Blumen?"}]},{"@type":"WebSite","@id":"https:\/\/amalfrankfurt.de\/de\/#website","url":"https:\/\/amalfrankfurt.de\/de\/","name":"Amal, Frankfurt!","description":"","potentialAction":[{"@type":"SearchAction","target":{"@type":"EntryPoint","urlTemplate":"https:\/\/amalfrankfurt.de\/de\/?s={search_term_string}"},"query-input":{"@type":"PropertyValueSpecification","valueRequired":true,"valueName":"search_term_string"}}],"inLanguage":"de"},{"@type":"Person","@id":"https:\/\/amalfrankfurt.de\/de\/#\/schema\/person\/69d08bbfd6c317e7166f72efca0b9e05","name":"Julia Gerlach","image":{"@type":"ImageObject","inLanguage":"de","@id":"https:\/\/amalfrankfurt.de\/wp-content\/uploads\/sites\/5\/2023\/01\/aaaJulia-Gerlach-1-300x300-1-125x125.jpg","url":"https:\/\/amalfrankfurt.de\/wp-content\/uploads\/sites\/5\/2023\/01\/aaaJulia-Gerlach-1-300x300-1-125x125.jpg","contentUrl":"https:\/\/amalfrankfurt.de\/wp-content\/uploads\/sites\/5\/2023\/01\/aaaJulia-Gerlach-1-300x300-1-125x125.jpg","caption":"Julia Gerlach"},"description":"Julia Gerlach ist Projektleiterin bei Amal, Berlin! Von 2008 bis 2015 hat sie als Korrespondentin f\u00fcr deutsche Medien aus Kairo \u00fcber die arabischen Welt berichtet. Zuvor war sie Redakteurin beim heute Journal des ZDF. Sie hat mehrere Sachb\u00fccher \u00fcber den Islam in Deutschland und den Arabischen Fr\u00fchling geschrieben.","url":"https:\/\/amalfrankfurt.de\/de\/author\/julia\/"}]}},"_links":{"self":[{"href":"https:\/\/amalfrankfurt.de\/de\/wp-json\/wp\/v2\/posts\/174860","targetHints":{"allow":["GET"]}}],"collection":[{"href":"https:\/\/amalfrankfurt.de\/de\/wp-json\/wp\/v2\/posts"}],"about":[{"href":"https:\/\/amalfrankfurt.de\/de\/wp-json\/wp\/v2\/types\/post"}],"author":[{"embeddable":true,"href":"https:\/\/amalfrankfurt.de\/de\/wp-json\/wp\/v2\/users\/13"}],"replies":[{"embeddable":true,"href":"https:\/\/amalfrankfurt.de\/de\/wp-json\/wp\/v2\/comments?post=174860"}],"version-history":[{"count":2,"href":"https:\/\/amalfrankfurt.de\/de\/wp-json\/wp\/v2\/posts\/174860\/revisions"}],"predecessor-version":[{"id":174871,"href":"https:\/\/amalfrankfurt.de\/de\/wp-json\/wp\/v2\/posts\/174860\/revisions\/174871"}],"wp:featuredmedia":[{"embeddable":true,"href":"https:\/\/amalfrankfurt.de\/de\/wp-json\/wp\/v2\/media\/174760"}],"wp:attachment":[{"href":"https:\/\/amalfrankfurt.de\/de\/wp-json\/wp\/v2\/media?parent=174860"}],"wp:term":[{"taxonomy":"category","embeddable":true,"href":"https:\/\/amalfrankfurt.de\/de\/wp-json\/wp\/v2\/categories?post=174860"},{"taxonomy":"post_tag","embeddable":true,"href":"https:\/\/amalfrankfurt.de\/de\/wp-json\/wp\/v2\/tags?post=174860"}],"curies":[{"name":"wp","href":"https:\/\/api.w.org\/{rel}","templated":true}]}}